{"id":3747,"date":"2025-02-21T14:23:54","date_gmt":"2025-02-21T14:23:54","guid":{"rendered":"https:\/\/percepcions.cat\/?p=3747"},"modified":"2025-04-03T10:32:07","modified_gmt":"2025-04-03T08:32:07","slug":"conductor-turco-de-19-anos-armado-y-sin-carnet","status":"publish","type":"post","link":"https:\/\/percepcions.cat\/es\/conductor-turco-de-19-anos-armado-y-sin-carnet\/","title":{"rendered":"Detenido conductor turco de 19 a\u00f1os armado y sin carnet"},"content":{"rendered":"\n<div class=\"wp-block-uagb-container uagb-block-9cb50b66 alignfull uagb-is-root-container\"><div class=\"uagb-container-inner-blocks-wrap\">\n<div class=\"wp-block-uagb-advanced-heading uagb-block-fa03ca8d\"><h1 class=\"uagb-heading-text\">Detingut conductor turc de 19 anys armat i sense carnet<\/h1><\/div>\n<\/div><\/div>\n\n\n\n<div class=\"wp-block-uagb-container uagb-block-57950bc9 alignfull uagb-is-root-container\"><div class=\"uagb-container-inner-blocks-wrap\">\n<div class=\"wp-block-uagb-advanced-heading uagb-block-e7f221fc\"><p class=\"uagb-heading-text\">La Gu\u00e0rdia Urbana de Badalona li va trobar pistoles, armes blanques i marihuana. Tenia diversos antecedents.<\/p><\/div>\n<\/div><\/div>\n\n\n\n<div class=\"wp-block-uagb-container uagb-block-2791000d alignfull uagb-is-root-container\"><div class=\"uagb-container-inner-blocks-wrap\"><div style=\"font-size:12px; padding-right:0;padding-left:0;\" class=\"wp-block-post-date\"><time datetime=\"2025-02-21T14:23:54+01:00\">21 de febrero de 2025<\/time><\/div><\/div><\/div>\n\n\n\n<div class=\"wp-block-uagb-container uagb-layout-flex uagb-block-3668bbc1 default uagb-is-root-container\"><\/div>\n\n\n\n<div class=\"wp-block-uagb-container uagb-block-c2d10651 alignfull uagb-is-root-container\"><div class=\"uagb-container-inner-blocks-wrap\">\n<div class=\"wp-block-uagb-container uagb-block-09c39753\">\n<div class=\"wp-block-uagb-container uagb-block-8640ecc5\">\n<div class=\"wp-block-uagb-advanced-heading uagb-block-1088a23c\"><p class=\"uagb-heading-text\">Marihuana i pistoles del detingut<\/p><\/div>\n\n\n\n<div class=\"wp-block-uagb-advanced-heading uagb-block-6b74a682\"><p class=\"uagb-heading-text\">El Tot Badalona<\/p><\/div>\n<\/div>\n<\/div>\n\n\n\n<div class=\"wp-block-uagb-container uagb-block-470585bf\"><style type=\"text\/css\">.essb_links.essb_size_m .essb_link_svg_icon svg{height:18px;width:auto}.essb_links.essb_size_m .essb_icon{width:36px !important;height:36px !important}.essb_links.essb_size_m .essb_icon:before{font-size:18px !important;top:9px !important;left:9px !important}.essb_links.essb_size_m li a .essb_network_name{font-size:13px !important;font-weight:400 !important;line-height:12px !important}<\/style><div class=\"essb_links essb_displayed_shortcode essb_share essb_template_default4-retina essb_template_glow-retina essb_925851776 essb_size_m essb_links_right essb_mobile_hidden print-no\" id=\"essb_displayed_shortcode_925851776\" data-essb-postid=\"3747\" data-essb-position=\"shortcode\" data-essb-button-style=\"button\" data-essb-template=\"default4-retina essb_template_glow-retina\" data-essb-counter-pos=\"hidden\" data-essb-url=\"https:\/\/percepcions.cat\/es\/conductor-turco-de-19-anos-armado-y-sin-carnet\/\" data-essb-fullurl=\"https:\/\/percepcions.cat\/es\/conductor-turco-de-19-anos-armado-y-sin-carnet\/\" data-essb-instance=\"925851776\"><ul class=\"essb_links_list\"><li class=\"essb_item essb_link_twitter nolightbox essb_link_twitter_x essb_link_svg_icon\"> <a href=\"https:\/\/x.com\/intent\/post?text=Detingut%20conductor%20turc%20de%2019%20anys%20armat%20i%20sense%20carnet&amp;url=https%3A%2F%2Fpercepcions.cat%2Fes%2Fconductor-turco-de-19-anos-armado-y-sin-carnet%2F&amp;hashtags=#Percepcions\" title=\"Share on Twitter\" onclick=\"essb.window(&#39;https:\/\/x.com\/intent\/post?text=Detingut%20conductor%20turc%20de%2019%20anys%20armat%20i%20sense%20carnet&amp;url=https%3A%2F%2Fpercepcions.cat%2Fes%2Fconductor-turco-de-19-anos-armado-y-sin-carnet%2F&amp;hashtags=#Percepcions&#39;,&#39;twitter&#39;,&#39;925851776&#39;); return false;\" target=\"_blank\" rel=\"noreferrer noopener nofollow\" class=\"nolightbox essb-s-bg-twitter essb-s-c-light essb-s-ch-light essb-s-bgh-dark essb-s-bg-network\" ><span class=\"essb_icon essb_icon_twitter_x\"><svg class=\"essb-svg-icon essb-svg-icon-twitter_x\" aria-hidden=\"true\" role=\"img\" focusable=\"false\" viewBox=\"0 0 24 24\"><path d=\"M18.244 2.25h3.308l-7.227 8.26 8.502 11.24H16.17l-5.214-6.817L4.99 21.75H1.68l7.73-8.835L1.254 2.25H8.08l4.713 6.231zm-1.161 17.52h1.833L7.084 4.126H5.117z\"><\/path><\/svg><\/span><span class=\"essb_network_name\">Twitter<\/span><\/a><\/li><li class=\"essb_item essb_link_whatsapp nolightbox essb_link_svg_icon\"> <a href=\"whatsapp:\/\/send?text=Detingut%20conductor%20turc%20de%2019%20anys%20armat%20i%20sense%20carnet%20https%3A%2F%2Fpercepcions.cat%2Fes%2Fconductor-turco-de-19-anos-armado-y-sin-carnet%2F\" title=\"Share on WhatsApp\" onclick=\"essb.whatsapp('Detingut%20conductor%20turc%20de%2019%20anys%20armat%20i%20sense%20carnet%20https%3A%2F%2Fpercepcions.cat%2Fes%2Fconductor-turco-de-19-anos-armado-y-sin-carnet%2F', '925851776'); return false;\" target=\"_blank\" rel=\"noreferrer noopener nofollow\" class=\"nolightbox essb-s-bg-whatsapp essb-s-c-light essb-s-ch-light essb-s-bgh-dark essb-s-bg-network\" ><span class=\"essb_icon essb_icon_whatsapp\"><svg class=\"essb-svg-icon essb-svg-icon-whatsapp\" aria-hidden=\"true\" role=\"img\" focusable=\"false\" width=\"32\" height=\"32\" viewBox=\"0 0 32 32\" xmlns=\"http:\/\/www.w3.org\/2000\/svg\"><path d=\"M27.313 4.625c-3-3-7-4.625-11.25-4.625-8.75 0-15.875 7.125-15.875 15.875 0 2.75 0.75 5.5 2.125 7.938l-2.25 8.188 8.438-2.188c2.313 1.25 4.875 1.938 7.563 1.938v0c0 0 0 0 0 0 8.75 0 15.875-7.125 15.875-15.875 0-4.25-1.625-8.25-4.625-11.25zM16.063 29.063v0c-2.375 0-4.688-0.625-6.688-1.875l-0.5-0.25-5 1.313 1.313-4.875-0.313-0.5c-1.313-2.125-2-4.5-2-7 0-7.313 5.938-13.188 13.188-13.188 3.5 0 6.813 1.375 9.313 3.875s3.875 5.813 3.875 9.313c0 7.25-5.938 13.188-13.188 13.188zM23.313 19.188c-0.438-0.188-2.375-1.188-2.75-1.313-0.313-0.125-0.625-0.188-0.875 0.188-0.25 0.438-1 1.313-1.25 1.563s-0.438 0.313-0.875 0.125c-0.375-0.188-1.625-0.625-3.188-2-1.125-1-1.938-2.313-2.188-2.75-0.25-0.375 0-0.563 0.188-0.813 0.188-0.125 0.375-0.438 0.563-0.688 0.25-0.188 0.313-0.375 0.438-0.625s0.063-0.5-0.063-0.688c-0.063-0.188-0.875-2.188-1.188-2.938-0.375-0.813-0.688-0.688-0.938-0.688-0.188 0-0.5 0-0.75 0s-0.688 0.063-1.063 0.438c-0.375 0.438-1.375 1.375-1.375 3.313 0 2 1.438 3.875 1.625 4.125s2.813 4.25 6.75 6c0.938 0.375 1.688 0.625 2.25 0.813 1 0.313 1.813 0.25 2.5 0.188 0.813-0.125 2.375-1 2.688-1.938 0.375-0.875 0.375-1.688 0.25-1.875-0.125-0.125-0.375-0.25-0.75-0.438z\"><\/path><\/svg><\/span><span class=\"essb_network_name\">WhatsApp<\/span><\/a><\/li><li class=\"essb_item essb_link_meneame nolightbox essb_link_svg_icon\"> <a href=\"http:\/\/www.meneame.net\/submit.php?url=https%3A%2F%2Fpercepcions.cat%2Fes%2Fconductor-turco-de-19-anos-armado-y-sin-carnet%2F\" title=\"Share on Meneame\" onclick=\"essb.window(&#39;http:\/\/www.meneame.net\/submit.php?url=https%3A%2F%2Fpercepcions.cat%2Fes%2Fconductor-turco-de-19-anos-armado-y-sin-carnet%2F&#39;,&#39;meneame&#39;,&#39;925851776&#39;); return false;\" target=\"_blank\" rel=\"noreferrer noopener nofollow\" class=\"nolightbox essb-s-bg-meneame essb-s-c-light essb-s-ch-light essb-s-bgh-dark essb-s-bg-network\" ><span class=\"essb_icon essb_icon_meneame\"><svg class=\"essb-svg-icon essb-svg-icon-meneame\" aria-hidden=\"true\" role=\"img\" focusable=\"false\" xmlns=\"http:\/\/www.w3.org\/2000\/svg\" width=\"32\" height=\"32\" viewBox=\"0 0 97.75 97.75\"><path d=\"M48.875,0C21.882,0,0,21.883,0,48.875S21.882,97.75,48.875,97.75S97.75,75.867,97.75,48.875S75.868,0,48.875,0z M33.509,22.451C36.467,20,39.98,18.812,43.711,18.15c5.854-1.037,11.391,0.1,16.748,2.418c2.752,1.189,5.409,2.598,8.252,3.58c0.626,0.219,1.26,0.414,1.921,0.508c1.19,0.166,2.166-0.236,2.949-1.123c1.024-1.156,1.386-2.549,1.384-4.064c0.287-0.018,0.348,0.209,0.439,0.379c0.873,1.605,0.625,4.217-0.562,5.578c-1.24,1.424-2.892,1.678-4.646,1.475c-1.991-0.23-3.887-0.813-5.703-1.678c-3.415-1.629-6.879-3.131-10.59-3.971c-4.645-1.051-9.253-0.867-13.762,0.631c-6.564,2.18-10.016,8.703-8.229,15.398c1.031,3.863,3.204,6.906,6.598,9.057c1.469,0.932,3.088,1.223,4.795,1.201c1.729-0.025,3.413-0.361,5.101-0.682c0.291-0.055,0.576-0.127,1.029,0.008c-1.473,0.914-2.945,1.432-4.498,1.758c-2.274,0.479-4.557,0.479-6.829,0.041c-1.963-0.375-3.574-1.436-4.874-2.912c-2.574-2.928-4.43-6.234-4.979-10.156C27.502,30.221,29.386,25.867,33.509,22.451z M51.924,79.834c-3.04,0.246-6.084,0.385-9.135,0.43c-4.29,0.064-8.596,0.094-12.827-0.619c-6.876-1.158-12.204-4.58-14.791-11.334c-1.387-3.625-1.212-7.399-0.096-11.08c1.675-5.521,4.209-10.587,8.335-14.733c1.068-1.074,2.271-1.998,3.45-2.947c0.115-0.092,0.223-0.236,0.457-0.16c-0.054,0.35-0.252,0.617-0.442,0.889c-3.206,4.574-5.952,9.396-8.023,14.598c-1.442,3.623-1.788,7.324-0.836,11.109c1.18,4.686,4.299,7.578,8.695,9.279c3.188,1.231,6.512,1.823,9.883,2.223c4.687,0.553,9.39,0.924,14.085,1.379c0.451,0.043,0.898,0.168,1.34,0.287c0.213,0.057,0.485,0.145,0.457,0.432C52.441,79.916,52.132,79.816,51.924,79.834z M54.23,79.592c-0.146,0.199-0.308,0.451-0.604,0.348c-0.265-0.092-0.229-0.371-0.239-0.594c-0.07-1.59,0.188-3.154,0.334-4.729c0.211-2.256,0.59-4.5,0.381-6.785c-0.065-0.723-0.396-1.162-1.039-1.469c-1.896-0.91-3.929-1.205-5.984-1.406c-2.513-0.244-5.038-0.221-7.555-0.373c-0.159-0.008-0.314-0.041-0.472-0.062c4.862-0.799,9.715-1.236,14.604-0.65c2.328,0.279,2.771,0.756,2.826,3.105c0.088,3.719-0.434,7.362-1.486,10.93C54.816,78.5,54.6,79.084,54.23,79.592z M79.469,33.182c-1.754,1.672-3.908,2.707-6.031,3.787c-1.92,0.975-3.898,1.838-5.707,3.023c-1.969,1.289-3.603,2.861-4.146,5.262c-0.44,1.953-0.083,3.885,0.312,5.795c0.863,4.203,2.564,8.117,4.246,12.033c0.869,2.021,1.795,4.02,2.486,6.109c1.115,3.369,0.186,5.967-2.814,7.858c-2.156,1.359-4.572,1.955-7.053,2.351c-1.451,0.229-2.918,0.301-4.421,0.397c-0.313-0.104-0.901,0.246-0.997-0.192c-0.092-0.431,0.522-0.57,0.881-0.722c2.176-0.905,4.371-1.771,6.551-2.674c1.354-0.563,2.678-1.199,3.896-2.028c0.418-0.285,0.804-0.611,1.142-0.988c0.539-0.601,0.668-1.234,0.354-2.021c-1.655-4.148-3.506-8.223-4.957-12.451c-1.17-3.412-2.101-6.869-2.347-10.498c-0.29-4.279,1.191-7.606,4.885-9.897c1.74-1.08,3.611-1.887,5.482-2.695c2.313-1,4.604-2.025,6.633-3.576c3.037-2.316,4.035-5.424,3.775-9.09c-0.117-1.65-0.393-3.27-0.77-4.877c-0.044-0.184-0.292-0.451,0.035-0.594c0.297-0.127,0.453,0.102,0.582,0.336c0.988,1.799,1.762,3.662,2.005,5.729C83.957,27.529,82.217,30.559,79.469,33.182z\" \/><\/svg><\/span><span class=\"essb_network_name\">Meneame<\/span><\/a><\/li><li class=\"essb_item essb_link_telegram nolightbox essb_link_svg_icon\"> <a href=\"tg:\/\/msg?text=Detingut%20conductor%20turc%20de%2019%20anys%20armat%20i%20sense%20carnet%20https%3A%2F%2Fpercepcions.cat%2Fes%2Fconductor-turco-de-19-anos-armado-y-sin-carnet%2F\" title=\"Share on Telegram\" onclick=\"essb.tracking_only('', 'telegram', '925851776', true);\" target=\"_blank\" rel=\"noreferrer noopener nofollow\" class=\"nolightbox essb-s-bg-telegram essb-s-c-light essb-s-ch-light essb-s-bgh-dark essb-s-bg-network\" ><span class=\"essb_icon essb_icon_telegram\"><svg class=\"essb-svg-icon essb-svg-icon-telegram\" aria-hidden=\"true\" role=\"img\" focusable=\"false\" width=\"28\" height=\"32\" viewBox=\"0 0 28 32\" xmlns=\"http:\/\/www.w3.org\/2000\/svg\"><path d=\"M27.919 6.162l-4.225 19.925c-0.319 1.406-1.15 1.756-2.331 1.094l-6.438-4.744-3.106 2.988c-0.344 0.344-0.631 0.631-1.294 0.631l0.463-6.556 11.931-10.781c0.519-0.463-0.113-0.719-0.806-0.256l-14.75 9.287-6.35-1.988c-1.381-0.431-1.406-1.381 0.288-2.044l24.837-9.569c1.15-0.431 2.156 0.256 1.781 2.013z\"><\/path><\/svg><\/span><span class=\"essb_network_name\">Telegram<\/span><\/a><\/li><\/ul><\/div>\n\n\n<style type=\"text\/css\"><\/style><div class=\"essb_links essb_displayed_shortcode essb_share essb_template_default4-retina essb_template_glow-retina essb_834158757 essb_size_m essb_links_center essb_tablet_hidden essb_desktop_hidden print-no\" id=\"essb_displayed_shortcode_834158757\" data-essb-postid=\"3747\" data-essb-position=\"shortcode\" data-essb-button-style=\"icon\" data-essb-template=\"default4-retina essb_template_glow-retina\" data-essb-counter-pos=\"hidden\" data-essb-url=\"https:\/\/percepcions.cat\/es\/conductor-turco-de-19-anos-armado-y-sin-carnet\/\" data-essb-fullurl=\"https:\/\/percepcions.cat\/es\/conductor-turco-de-19-anos-armado-y-sin-carnet\/\" data-essb-instance=\"834158757\"><ul class=\"essb_links_list essb_force_hide_name essb_force_hide\"><li class=\"essb_item essb_link_twitter nolightbox essb_link_twitter_x essb_link_svg_icon\"> <a href=\"https:\/\/x.com\/intent\/post?text=Detingut%20conductor%20turc%20de%2019%20anys%20armat%20i%20sense%20carnet&amp;url=https%3A%2F%2Fpercepcions.cat%2Fes%2Fconductor-turco-de-19-anos-armado-y-sin-carnet%2F&amp;hashtags=#Percepcions\" title=\"Share on Twitter\" onclick=\"essb.window(&#39;https:\/\/x.com\/intent\/post?text=Detingut%20conductor%20turc%20de%2019%20anys%20armat%20i%20sense%20carnet&amp;url=https%3A%2F%2Fpercepcions.cat%2Fes%2Fconductor-turco-de-19-anos-armado-y-sin-carnet%2F&amp;hashtags=#Percepcions&#39;,&#39;twitter&#39;,&#39;834158757&#39;); return false;\" target=\"_blank\" rel=\"noreferrer noopener nofollow\" class=\"nolightbox essb-s-bg-twitter essb-s-c-light essb-s-ch-light essb-s-bgh-dark essb-s-bg-network\" ><span class=\"essb_icon essb_icon_twitter_x\"><svg class=\"essb-svg-icon essb-svg-icon-twitter_x\" aria-hidden=\"true\" role=\"img\" focusable=\"false\" viewBox=\"0 0 24 24\"><path d=\"M18.244 2.25h3.308l-7.227 8.26 8.502 11.24H16.17l-5.214-6.817L4.99 21.75H1.68l7.73-8.835L1.254 2.25H8.08l4.713 6.231zm-1.161 17.52h1.833L7.084 4.126H5.117z\"><\/path><\/svg><\/span><span class=\"essb_network_name essb_noname\"><\/span><\/a><\/li><li class=\"essb_item essb_link_whatsapp nolightbox essb_link_svg_icon\"> <a href=\"whatsapp:\/\/send?text=Detingut%20conductor%20turc%20de%2019%20anys%20armat%20i%20sense%20carnet%20https%3A%2F%2Fpercepcions.cat%2Fes%2Fconductor-turco-de-19-anos-armado-y-sin-carnet%2F\" title=\"Share on WhatsApp\" onclick=\"essb.whatsapp('Detingut%20conductor%20turc%20de%2019%20anys%20armat%20i%20sense%20carnet%20https%3A%2F%2Fpercepcions.cat%2Fes%2Fconductor-turco-de-19-anos-armado-y-sin-carnet%2F', '834158757'); return false;\" target=\"_blank\" rel=\"noreferrer noopener nofollow\" class=\"nolightbox essb-s-bg-whatsapp essb-s-c-light essb-s-ch-light essb-s-bgh-dark essb-s-bg-network\" ><span class=\"essb_icon essb_icon_whatsapp\"><svg class=\"essb-svg-icon essb-svg-icon-whatsapp\" aria-hidden=\"true\" role=\"img\" focusable=\"false\" width=\"32\" height=\"32\" viewBox=\"0 0 32 32\" xmlns=\"http:\/\/www.w3.org\/2000\/svg\"><path d=\"M27.313 4.625c-3-3-7-4.625-11.25-4.625-8.75 0-15.875 7.125-15.875 15.875 0 2.75 0.75 5.5 2.125 7.938l-2.25 8.188 8.438-2.188c2.313 1.25 4.875 1.938 7.563 1.938v0c0 0 0 0 0 0 8.75 0 15.875-7.125 15.875-15.875 0-4.25-1.625-8.25-4.625-11.25zM16.063 29.063v0c-2.375 0-4.688-0.625-6.688-1.875l-0.5-0.25-5 1.313 1.313-4.875-0.313-0.5c-1.313-2.125-2-4.5-2-7 0-7.313 5.938-13.188 13.188-13.188 3.5 0 6.813 1.375 9.313 3.875s3.875 5.813 3.875 9.313c0 7.25-5.938 13.188-13.188 13.188zM23.313 19.188c-0.438-0.188-2.375-1.188-2.75-1.313-0.313-0.125-0.625-0.188-0.875 0.188-0.25 0.438-1 1.313-1.25 1.563s-0.438 0.313-0.875 0.125c-0.375-0.188-1.625-0.625-3.188-2-1.125-1-1.938-2.313-2.188-2.75-0.25-0.375 0-0.563 0.188-0.813 0.188-0.125 0.375-0.438 0.563-0.688 0.25-0.188 0.313-0.375 0.438-0.625s0.063-0.5-0.063-0.688c-0.063-0.188-0.875-2.188-1.188-2.938-0.375-0.813-0.688-0.688-0.938-0.688-0.188 0-0.5 0-0.75 0s-0.688 0.063-1.063 0.438c-0.375 0.438-1.375 1.375-1.375 3.313 0 2 1.438 3.875 1.625 4.125s2.813 4.25 6.75 6c0.938 0.375 1.688 0.625 2.25 0.813 1 0.313 1.813 0.25 2.5 0.188 0.813-0.125 2.375-1 2.688-1.938 0.375-0.875 0.375-1.688 0.25-1.875-0.125-0.125-0.375-0.25-0.75-0.438z\"><\/path><\/svg><\/span><span class=\"essb_network_name essb_noname\"><\/span><\/a><\/li><li class=\"essb_item essb_link_meneame nolightbox essb_link_svg_icon\"> <a href=\"http:\/\/www.meneame.net\/submit.php?url=https%3A%2F%2Fpercepcions.cat%2Fes%2Fconductor-turco-de-19-anos-armado-y-sin-carnet%2F\" title=\"Share on Meneame\" onclick=\"essb.window(&#39;http:\/\/www.meneame.net\/submit.php?url=https%3A%2F%2Fpercepcions.cat%2Fes%2Fconductor-turco-de-19-anos-armado-y-sin-carnet%2F&#39;,&#39;meneame&#39;,&#39;834158757&#39;); return false;\" target=\"_blank\" rel=\"noreferrer noopener nofollow\" class=\"nolightbox essb-s-bg-meneame essb-s-c-light essb-s-ch-light essb-s-bgh-dark essb-s-bg-network\" ><span class=\"essb_icon essb_icon_meneame\"><svg class=\"essb-svg-icon essb-svg-icon-meneame\" aria-hidden=\"true\" role=\"img\" focusable=\"false\" xmlns=\"http:\/\/www.w3.org\/2000\/svg\" width=\"32\" height=\"32\" viewBox=\"0 0 97.75 97.75\"><path d=\"M48.875,0C21.882,0,0,21.883,0,48.875S21.882,97.75,48.875,97.75S97.75,75.867,97.75,48.875S75.868,0,48.875,0z M33.509,22.451C36.467,20,39.98,18.812,43.711,18.15c5.854-1.037,11.391,0.1,16.748,2.418c2.752,1.189,5.409,2.598,8.252,3.58c0.626,0.219,1.26,0.414,1.921,0.508c1.19,0.166,2.166-0.236,2.949-1.123c1.024-1.156,1.386-2.549,1.384-4.064c0.287-0.018,0.348,0.209,0.439,0.379c0.873,1.605,0.625,4.217-0.562,5.578c-1.24,1.424-2.892,1.678-4.646,1.475c-1.991-0.23-3.887-0.813-5.703-1.678c-3.415-1.629-6.879-3.131-10.59-3.971c-4.645-1.051-9.253-0.867-13.762,0.631c-6.564,2.18-10.016,8.703-8.229,15.398c1.031,3.863,3.204,6.906,6.598,9.057c1.469,0.932,3.088,1.223,4.795,1.201c1.729-0.025,3.413-0.361,5.101-0.682c0.291-0.055,0.576-0.127,1.029,0.008c-1.473,0.914-2.945,1.432-4.498,1.758c-2.274,0.479-4.557,0.479-6.829,0.041c-1.963-0.375-3.574-1.436-4.874-2.912c-2.574-2.928-4.43-6.234-4.979-10.156C27.502,30.221,29.386,25.867,33.509,22.451z M51.924,79.834c-3.04,0.246-6.084,0.385-9.135,0.43c-4.29,0.064-8.596,0.094-12.827-0.619c-6.876-1.158-12.204-4.58-14.791-11.334c-1.387-3.625-1.212-7.399-0.096-11.08c1.675-5.521,4.209-10.587,8.335-14.733c1.068-1.074,2.271-1.998,3.45-2.947c0.115-0.092,0.223-0.236,0.457-0.16c-0.054,0.35-0.252,0.617-0.442,0.889c-3.206,4.574-5.952,9.396-8.023,14.598c-1.442,3.623-1.788,7.324-0.836,11.109c1.18,4.686,4.299,7.578,8.695,9.279c3.188,1.231,6.512,1.823,9.883,2.223c4.687,0.553,9.39,0.924,14.085,1.379c0.451,0.043,0.898,0.168,1.34,0.287c0.213,0.057,0.485,0.145,0.457,0.432C52.441,79.916,52.132,79.816,51.924,79.834z M54.23,79.592c-0.146,0.199-0.308,0.451-0.604,0.348c-0.265-0.092-0.229-0.371-0.239-0.594c-0.07-1.59,0.188-3.154,0.334-4.729c0.211-2.256,0.59-4.5,0.381-6.785c-0.065-0.723-0.396-1.162-1.039-1.469c-1.896-0.91-3.929-1.205-5.984-1.406c-2.513-0.244-5.038-0.221-7.555-0.373c-0.159-0.008-0.314-0.041-0.472-0.062c4.862-0.799,9.715-1.236,14.604-0.65c2.328,0.279,2.771,0.756,2.826,3.105c0.088,3.719-0.434,7.362-1.486,10.93C54.816,78.5,54.6,79.084,54.23,79.592z M79.469,33.182c-1.754,1.672-3.908,2.707-6.031,3.787c-1.92,0.975-3.898,1.838-5.707,3.023c-1.969,1.289-3.603,2.861-4.146,5.262c-0.44,1.953-0.083,3.885,0.312,5.795c0.863,4.203,2.564,8.117,4.246,12.033c0.869,2.021,1.795,4.02,2.486,6.109c1.115,3.369,0.186,5.967-2.814,7.858c-2.156,1.359-4.572,1.955-7.053,2.351c-1.451,0.229-2.918,0.301-4.421,0.397c-0.313-0.104-0.901,0.246-0.997-0.192c-0.092-0.431,0.522-0.57,0.881-0.722c2.176-0.905,4.371-1.771,6.551-2.674c1.354-0.563,2.678-1.199,3.896-2.028c0.418-0.285,0.804-0.611,1.142-0.988c0.539-0.601,0.668-1.234,0.354-2.021c-1.655-4.148-3.506-8.223-4.957-12.451c-1.17-3.412-2.101-6.869-2.347-10.498c-0.29-4.279,1.191-7.606,4.885-9.897c1.74-1.08,3.611-1.887,5.482-2.695c2.313-1,4.604-2.025,6.633-3.576c3.037-2.316,4.035-5.424,3.775-9.09c-0.117-1.65-0.393-3.27-0.77-4.877c-0.044-0.184-0.292-0.451,0.035-0.594c0.297-0.127,0.453,0.102,0.582,0.336c0.988,1.799,1.762,3.662,2.005,5.729C83.957,27.529,82.217,30.559,79.469,33.182z\" \/><\/svg><\/span><span class=\"essb_network_name essb_noname\"><\/span><\/a><\/li><li class=\"essb_item essb_link_telegram nolightbox essb_link_svg_icon\"> <a href=\"tg:\/\/msg?text=Detingut%20conductor%20turc%20de%2019%20anys%20armat%20i%20sense%20carnet%20https%3A%2F%2Fpercepcions.cat%2Fes%2Fconductor-turco-de-19-anos-armado-y-sin-carnet%2F\" title=\"Share on Telegram\" onclick=\"essb.tracking_only('', 'telegram', '834158757', true);\" target=\"_blank\" rel=\"noreferrer noopener nofollow\" class=\"nolightbox essb-s-bg-telegram essb-s-c-light essb-s-ch-light essb-s-bgh-dark essb-s-bg-network\" ><span class=\"essb_icon essb_icon_telegram\"><svg class=\"essb-svg-icon essb-svg-icon-telegram\" aria-hidden=\"true\" role=\"img\" focusable=\"false\" width=\"28\" height=\"32\" viewBox=\"0 0 28 32\" xmlns=\"http:\/\/www.w3.org\/2000\/svg\"><path d=\"M27.919 6.162l-4.225 19.925c-0.319 1.406-1.15 1.756-2.331 1.094l-6.438-4.744-3.106 2.988c-0.344 0.344-0.631 0.631-1.294 0.631l0.463-6.556 11.931-10.781c0.519-0.463-0.113-0.719-0.806-0.256l-14.75 9.287-6.35-1.988c-1.381-0.431-1.406-1.381 0.288-2.044l24.837-9.569c1.15-0.431 2.156 0.256 1.781 2.013z\"><\/path><\/svg><\/span><span class=\"essb_network_name essb_noname\"><\/span><\/a><\/li><\/ul><\/div>\n<\/div>\n<\/div><\/div>\n\n\n\n<div class=\"wp-block-uagb-container uagb-block-c40b0138 alignfull uagb-is-root-container\"><div class=\"uagb-container-inner-blocks-wrap\">\n<div class=\"wp-block-uagb-advanced-heading uagb-block-ba4d1a97\"><p class=\"uagb-heading-text\">En una operaci\u00f3 policial impactant, la Gu\u00e0rdia Urbana de Badalona ha detingut un jove de 19 anys i nacionalitat turca que circulava sense carnet de conduir i portava al seu vehicle pistoles, punyals i una quantitat significativa de droga. <\/p><\/div>\n\n\n\n<div class=\"wp-block-uagb-advanced-heading uagb-block-4ab7efcf\"><p class=\"uagb-heading-text\">Els fets van tenir lloc la passada nit, poc abans de les dues de la matinada, quan els agents van interceptar un vehicle amb matr\u00edcula francesa en un control rutinari a l&#8217;avinguda del Maresme, al barri de Sant Roc.<\/p><\/div>\n\n\n\n<div class=\"wp-block-uagb-advanced-heading uagb-block-05100afd\"><h2 class=\"uagb-heading-text\"><strong>Un arsenal al vehicle<\/strong><\/h2><\/div>\n\n\n\n<div class=\"wp-block-uagb-advanced-heading uagb-block-610b1ccc\"><p class=\"uagb-heading-text\">Durant la inspecci\u00f3 del vehicle, els agents van quedar estupefactes en descobrir diverses bosses que contenien <strong>m\u00e9s de cinc quilos de marihuana, dues pistoles i diverses armes blanques<\/strong>. <\/p><\/div>\n\n\n\n<div class=\"wp-block-uagb-advanced-heading uagb-block-58da09d9\"><p class=\"uagb-heading-text\">Aquest descobriment ha generat una gran preocupaci\u00f3 entre els ve\u00efns de la zona, que es mostren alarmats davant la pres\u00e8ncia d&#8217;armes de foc i drogues en el seu barri.<\/p><\/div>\n<\/div><\/div>\n\n\n\n<div class=\"wp-block-uagb-container uagb-block-9d899348 alignfull uagb-is-root-container\"><div class=\"uagb-container-inner-blocks-wrap\"><style type=\"text\/css\"><\/style><div class=\"essb_links essb_displayed_shortcode essb_share essb_template_default4-retina essb_template_glow-retina essb_144337711 essb_size_m essb_links_center print-no\" id=\"essb_displayed_shortcode_144337711\" data-essb-postid=\"3747\" data-essb-position=\"shortcode\" data-essb-button-style=\"button\" data-essb-template=\"default4-retina essb_template_glow-retina\" data-essb-counter-pos=\"hidden\" data-essb-url=\"https:\/\/percepcions.cat\/es\/conductor-turco-de-19-anos-armado-y-sin-carnet\/\" data-essb-fullurl=\"https:\/\/percepcions.cat\/es\/conductor-turco-de-19-anos-armado-y-sin-carnet\/\" data-essb-instance=\"144337711\"><ul class=\"essb_links_list\"><li class=\"essb_item essb_link_twitter nolightbox essb_link_twitter_x essb_link_svg_icon\"> <a href=\"https:\/\/x.com\/intent\/post?text=Detingut%20conductor%20turc%20de%2019%20anys%20armat%20i%20sense%20carnet&amp;url=https%3A%2F%2Fpercepcions.cat%2Fes%2Fconductor-turco-de-19-anos-armado-y-sin-carnet%2F&amp;hashtags=#Percepcions\" title=\"Share on Twitter\" onclick=\"essb.window(&#39;https:\/\/x.com\/intent\/post?text=Detingut%20conductor%20turc%20de%2019%20anys%20armat%20i%20sense%20carnet&amp;url=https%3A%2F%2Fpercepcions.cat%2Fes%2Fconductor-turco-de-19-anos-armado-y-sin-carnet%2F&amp;hashtags=#Percepcions&#39;,&#39;twitter&#39;,&#39;144337711&#39;); return false;\" target=\"_blank\" rel=\"noreferrer noopener nofollow\" class=\"nolightbox essb-s-bg-twitter essb-s-c-light essb-s-ch-light essb-s-bgh-dark essb-s-bg-network\" ><span class=\"essb_icon essb_icon_twitter_x\"><svg class=\"essb-svg-icon essb-svg-icon-twitter_x\" aria-hidden=\"true\" role=\"img\" focusable=\"false\" viewBox=\"0 0 24 24\"><path d=\"M18.244 2.25h3.308l-7.227 8.26 8.502 11.24H16.17l-5.214-6.817L4.99 21.75H1.68l7.73-8.835L1.254 2.25H8.08l4.713 6.231zm-1.161 17.52h1.833L7.084 4.126H5.117z\"><\/path><\/svg><\/span><span class=\"essb_network_name\">Twitter<\/span><\/a><\/li><li class=\"essb_item essb_link_whatsapp nolightbox essb_link_svg_icon\"> <a href=\"whatsapp:\/\/send?text=Detingut%20conductor%20turc%20de%2019%20anys%20armat%20i%20sense%20carnet%20https%3A%2F%2Fpercepcions.cat%2Fes%2Fconductor-turco-de-19-anos-armado-y-sin-carnet%2F\" title=\"Share on WhatsApp\" onclick=\"essb.whatsapp('Detingut%20conductor%20turc%20de%2019%20anys%20armat%20i%20sense%20carnet%20https%3A%2F%2Fpercepcions.cat%2Fes%2Fconductor-turco-de-19-anos-armado-y-sin-carnet%2F', '144337711'); return false;\" target=\"_blank\" rel=\"noreferrer noopener nofollow\" class=\"nolightbox essb-s-bg-whatsapp essb-s-c-light essb-s-ch-light essb-s-bgh-dark essb-s-bg-network\" ><span class=\"essb_icon essb_icon_whatsapp\"><svg class=\"essb-svg-icon essb-svg-icon-whatsapp\" aria-hidden=\"true\" role=\"img\" focusable=\"false\" width=\"32\" height=\"32\" viewBox=\"0 0 32 32\" xmlns=\"http:\/\/www.w3.org\/2000\/svg\"><path d=\"M27.313 4.625c-3-3-7-4.625-11.25-4.625-8.75 0-15.875 7.125-15.875 15.875 0 2.75 0.75 5.5 2.125 7.938l-2.25 8.188 8.438-2.188c2.313 1.25 4.875 1.938 7.563 1.938v0c0 0 0 0 0 0 8.75 0 15.875-7.125 15.875-15.875 0-4.25-1.625-8.25-4.625-11.25zM16.063 29.063v0c-2.375 0-4.688-0.625-6.688-1.875l-0.5-0.25-5 1.313 1.313-4.875-0.313-0.5c-1.313-2.125-2-4.5-2-7 0-7.313 5.938-13.188 13.188-13.188 3.5 0 6.813 1.375 9.313 3.875s3.875 5.813 3.875 9.313c0 7.25-5.938 13.188-13.188 13.188zM23.313 19.188c-0.438-0.188-2.375-1.188-2.75-1.313-0.313-0.125-0.625-0.188-0.875 0.188-0.25 0.438-1 1.313-1.25 1.563s-0.438 0.313-0.875 0.125c-0.375-0.188-1.625-0.625-3.188-2-1.125-1-1.938-2.313-2.188-2.75-0.25-0.375 0-0.563 0.188-0.813 0.188-0.125 0.375-0.438 0.563-0.688 0.25-0.188 0.313-0.375 0.438-0.625s0.063-0.5-0.063-0.688c-0.063-0.188-0.875-2.188-1.188-2.938-0.375-0.813-0.688-0.688-0.938-0.688-0.188 0-0.5 0-0.75 0s-0.688 0.063-1.063 0.438c-0.375 0.438-1.375 1.375-1.375 3.313 0 2 1.438 3.875 1.625 4.125s2.813 4.25 6.75 6c0.938 0.375 1.688 0.625 2.25 0.813 1 0.313 1.813 0.25 2.5 0.188 0.813-0.125 2.375-1 2.688-1.938 0.375-0.875 0.375-1.688 0.25-1.875-0.125-0.125-0.375-0.25-0.75-0.438z\"><\/path><\/svg><\/span><span class=\"essb_network_name\">WhatsApp<\/span><\/a><\/li><li class=\"essb_item essb_link_meneame nolightbox essb_link_svg_icon\"> <a href=\"http:\/\/www.meneame.net\/submit.php?url=https%3A%2F%2Fpercepcions.cat%2Fes%2Fconductor-turco-de-19-anos-armado-y-sin-carnet%2F\" title=\"Share on Meneame\" onclick=\"essb.window(&#39;http:\/\/www.meneame.net\/submit.php?url=https%3A%2F%2Fpercepcions.cat%2Fes%2Fconductor-turco-de-19-anos-armado-y-sin-carnet%2F&#39;,&#39;meneame&#39;,&#39;144337711&#39;); return false;\" target=\"_blank\" rel=\"noreferrer noopener nofollow\" class=\"nolightbox essb-s-bg-meneame essb-s-c-light essb-s-ch-light essb-s-bgh-dark essb-s-bg-network\" ><span class=\"essb_icon essb_icon_meneame\"><svg class=\"essb-svg-icon essb-svg-icon-meneame\" aria-hidden=\"true\" role=\"img\" focusable=\"false\" xmlns=\"http:\/\/www.w3.org\/2000\/svg\" width=\"32\" height=\"32\" viewBox=\"0 0 97.75 97.75\"><path d=\"M48.875,0C21.882,0,0,21.883,0,48.875S21.882,97.75,48.875,97.75S97.75,75.867,97.75,48.875S75.868,0,48.875,0z M33.509,22.451C36.467,20,39.98,18.812,43.711,18.15c5.854-1.037,11.391,0.1,16.748,2.418c2.752,1.189,5.409,2.598,8.252,3.58c0.626,0.219,1.26,0.414,1.921,0.508c1.19,0.166,2.166-0.236,2.949-1.123c1.024-1.156,1.386-2.549,1.384-4.064c0.287-0.018,0.348,0.209,0.439,0.379c0.873,1.605,0.625,4.217-0.562,5.578c-1.24,1.424-2.892,1.678-4.646,1.475c-1.991-0.23-3.887-0.813-5.703-1.678c-3.415-1.629-6.879-3.131-10.59-3.971c-4.645-1.051-9.253-0.867-13.762,0.631c-6.564,2.18-10.016,8.703-8.229,15.398c1.031,3.863,3.204,6.906,6.598,9.057c1.469,0.932,3.088,1.223,4.795,1.201c1.729-0.025,3.413-0.361,5.101-0.682c0.291-0.055,0.576-0.127,1.029,0.008c-1.473,0.914-2.945,1.432-4.498,1.758c-2.274,0.479-4.557,0.479-6.829,0.041c-1.963-0.375-3.574-1.436-4.874-2.912c-2.574-2.928-4.43-6.234-4.979-10.156C27.502,30.221,29.386,25.867,33.509,22.451z M51.924,79.834c-3.04,0.246-6.084,0.385-9.135,0.43c-4.29,0.064-8.596,0.094-12.827-0.619c-6.876-1.158-12.204-4.58-14.791-11.334c-1.387-3.625-1.212-7.399-0.096-11.08c1.675-5.521,4.209-10.587,8.335-14.733c1.068-1.074,2.271-1.998,3.45-2.947c0.115-0.092,0.223-0.236,0.457-0.16c-0.054,0.35-0.252,0.617-0.442,0.889c-3.206,4.574-5.952,9.396-8.023,14.598c-1.442,3.623-1.788,7.324-0.836,11.109c1.18,4.686,4.299,7.578,8.695,9.279c3.188,1.231,6.512,1.823,9.883,2.223c4.687,0.553,9.39,0.924,14.085,1.379c0.451,0.043,0.898,0.168,1.34,0.287c0.213,0.057,0.485,0.145,0.457,0.432C52.441,79.916,52.132,79.816,51.924,79.834z M54.23,79.592c-0.146,0.199-0.308,0.451-0.604,0.348c-0.265-0.092-0.229-0.371-0.239-0.594c-0.07-1.59,0.188-3.154,0.334-4.729c0.211-2.256,0.59-4.5,0.381-6.785c-0.065-0.723-0.396-1.162-1.039-1.469c-1.896-0.91-3.929-1.205-5.984-1.406c-2.513-0.244-5.038-0.221-7.555-0.373c-0.159-0.008-0.314-0.041-0.472-0.062c4.862-0.799,9.715-1.236,14.604-0.65c2.328,0.279,2.771,0.756,2.826,3.105c0.088,3.719-0.434,7.362-1.486,10.93C54.816,78.5,54.6,79.084,54.23,79.592z M79.469,33.182c-1.754,1.672-3.908,2.707-6.031,3.787c-1.92,0.975-3.898,1.838-5.707,3.023c-1.969,1.289-3.603,2.861-4.146,5.262c-0.44,1.953-0.083,3.885,0.312,5.795c0.863,4.203,2.564,8.117,4.246,12.033c0.869,2.021,1.795,4.02,2.486,6.109c1.115,3.369,0.186,5.967-2.814,7.858c-2.156,1.359-4.572,1.955-7.053,2.351c-1.451,0.229-2.918,0.301-4.421,0.397c-0.313-0.104-0.901,0.246-0.997-0.192c-0.092-0.431,0.522-0.57,0.881-0.722c2.176-0.905,4.371-1.771,6.551-2.674c1.354-0.563,2.678-1.199,3.896-2.028c0.418-0.285,0.804-0.611,1.142-0.988c0.539-0.601,0.668-1.234,0.354-2.021c-1.655-4.148-3.506-8.223-4.957-12.451c-1.17-3.412-2.101-6.869-2.347-10.498c-0.29-4.279,1.191-7.606,4.885-9.897c1.74-1.08,3.611-1.887,5.482-2.695c2.313-1,4.604-2.025,6.633-3.576c3.037-2.316,4.035-5.424,3.775-9.09c-0.117-1.65-0.393-3.27-0.77-4.877c-0.044-0.184-0.292-0.451,0.035-0.594c0.297-0.127,0.453,0.102,0.582,0.336c0.988,1.799,1.762,3.662,2.005,5.729C83.957,27.529,82.217,30.559,79.469,33.182z\" \/><\/svg><\/span><span class=\"essb_network_name\">Meneame<\/span><\/a><\/li><li class=\"essb_item essb_link_telegram nolightbox essb_link_svg_icon\"> <a href=\"tg:\/\/msg?text=Detingut%20conductor%20turc%20de%2019%20anys%20armat%20i%20sense%20carnet%20https%3A%2F%2Fpercepcions.cat%2Fes%2Fconductor-turco-de-19-anos-armado-y-sin-carnet%2F\" title=\"Share on Telegram\" onclick=\"essb.tracking_only('', 'telegram', '144337711', true);\" target=\"_blank\" rel=\"noreferrer noopener nofollow\" class=\"nolightbox essb-s-bg-telegram essb-s-c-light essb-s-ch-light essb-s-bgh-dark essb-s-bg-network\" ><span class=\"essb_icon essb_icon_telegram\"><svg class=\"essb-svg-icon essb-svg-icon-telegram\" aria-hidden=\"true\" role=\"img\" focusable=\"false\" width=\"28\" height=\"32\" viewBox=\"0 0 28 32\" xmlns=\"http:\/\/www.w3.org\/2000\/svg\"><path d=\"M27.919 6.162l-4.225 19.925c-0.319 1.406-1.15 1.756-2.331 1.094l-6.438-4.744-3.106 2.988c-0.344 0.344-0.631 0.631-1.294 0.631l0.463-6.556 11.931-10.781c0.519-0.463-0.113-0.719-0.806-0.256l-14.75 9.287-6.35-1.988c-1.381-0.431-1.406-1.381 0.288-2.044l24.837-9.569c1.15-0.431 2.156 0.256 1.781 2.013z\"><\/path><\/svg><\/span><span class=\"essb_network_name\">Telegram<\/span><\/a><\/li><\/ul><\/div>\n<\/div><\/div>\n\n\n\n<div class=\"wp-block-uagb-separator uagb-block-b4e2299a\"><div class=\"wp-block-uagb-separator__inner\" style=\"--my-background-image:\"><\/div><\/div>\n\n\n\n<div class=\"wp-block-uagb-container uagb-block-5c916982 alignfull uagb-is-root-container\"><div class=\"uagb-container-inner-blocks-wrap\"><div class=\"pt-cv-wrapper\"><div class=\"pt-cv-view pt-cv-blockgrid iscvblock iscvhybrid grid1 layout1 pt-cv-pgloadmore pt-cv-left\" id=\"pt-cv-view-f14938b8f0\"><div data-id=\"pt-cv-page-1\" class=\"pt-cv-page\" data-cvc=\"3\"><div class=\" pt-cv-content-item pt-cv-1-col\"  data-pid=\"10828\"><div class=\"pt-cv-thumb-wrapper  \"><a href=\"https:\/\/percepcions.cat\/es\/sin-prision-refugiado-siria-en-el-reino-unido-para-tocar-el-culo-a-chicas-y-decir-que-desconoce-las-leyes\/\" class=\"_self pt-cv-href-thumbnail pt-cv-thumb-default cvplbd cvp-lazy-container\" target=\"_self\" ><img loading=\"lazy\" decoding=\"async\" width=\"634\" height=\"357\" src=\"https:\/\/percepcions.cat\/wp-content\/plugins\/pt-content-views-pro\/public\/assets\/images\/lazy_image.png\" class=\"pt-cv-thumbnail img-none skip-lazy  cvplazy\" alt=\"Sense c\u00e0stig per a refugiat siri\u00e0 al Regne Unit que tocava el cul a noies perqu\u00e8 \u2018desconeix les lleis&#039;\" data-cvpsrc=\"https:\/\/percepcions.cat\/wp-content\/uploads\/2025\/10\/Sense-preso-refugiat-siria-al-Regne-Unit-per-tocar-el-cul-a-noies-i-dir-que-\u2018desconeix-les-lleis.jpg\" data-cvpset=\"https:\/\/percepcions.cat\/wp-content\/uploads\/2025\/10\/Sense-preso-refugiat-siria-al-Regne-Unit-per-tocar-el-cul-a-noies-i-dir-que-\u2018desconeix-les-lleis.jpg 634w, https:\/\/percepcions.cat\/wp-content\/uploads\/2025\/10\/Sense-preso-refugiat-siria-al-Regne-Unit-per-tocar-el-cul-a-noies-i-dir-que-\u2018desconeix-les-lleis-300x169.jpg 300w, https:\/\/percepcions.cat\/wp-content\/uploads\/2025\/10\/Sense-preso-refugiat-siria-al-Regne-Unit-per-tocar-el-cul-a-noies-i-dir-que-\u2018desconeix-les-lleis-18x10.jpg 18w\" title=\"\"><\/a><\/div>\n<p class=\"pt-cv-title\"><a href=\"https:\/\/percepcions.cat\/es\/sin-prision-refugiado-siria-en-el-reino-unido-para-tocar-el-culo-a-chicas-y-decir-que-desconoce-las-leyes\/\" class=\"_self cvplbd\" target=\"_self\" >Sense c\u00e0stig per a refugiat siri\u00e0 al Regne Unit que tocava el cul a noies perqu\u00e8 \u2018desconeix les lleis&#8217;<\/a><\/p>\n<div class=\"pt-cv-taxoterm below_title\"><a href='https:\/\/percepcions.cat\/es\/category\/delincuencia\/' title='Delinq\u00fc\u00e8ncia' class='pt-cv-tax-delinquencia'>Delinq\u00fc\u00e8ncia<\/a><\/div>\n<div class=\"pt-cv-meta-fields\"><span class=\"entry-date\"> <time datetime=\"2025-10-26T07:45:36+01:00\">26 de octubre de 2025<\/time><\/span><\/div>\n<div class=\"pt-cv-content\">L&#8217;home de 26 anys viu allotjat en un Sheraton de 4 estrelles amb diners p\u00fablics. Aprofitava els trajectes en bici per \u201ctocar el cul\u201d a desconegudes.<\/div><\/div>\n<div class=\" pt-cv-content-item pt-cv-1-col\"  data-pid=\"10608\"><div class=\"pt-cv-thumb-wrapper  \"><a href=\"https:\/\/percepcions.cat\/es\/dos-musulmanes-apalean-a-un-conductor-de-autobus-en-paris-porque-no-paraba-donde-a-ellos-les-iba-bien\/\" class=\"_self pt-cv-href-thumbnail pt-cv-thumb-default cvplbd cvp-lazy-container\" target=\"_self\" ><img loading=\"lazy\" decoding=\"async\" width=\"711\" height=\"400\" src=\"https:\/\/percepcions.cat\/wp-content\/plugins\/pt-content-views-pro\/public\/assets\/images\/lazy_image.png\" class=\"pt-cv-thumbnail img-none skip-lazy  cvplazy\" alt=\"Dos musulmans apallissen un conductor d&#039;autob\u00fas a Par\u00eds perqu\u00e8 no parava on a ells els anava b\u00e9\" data-cvpsrc=\"https:\/\/percepcions.cat\/wp-content\/uploads\/2025\/10\/Dos-musulmans-apallissen-un-conductor-dautobus-a-Paris-perque-no-parava-on-a-ells-els-anava-be-1-1.jpg\" data-cvpset=\"https:\/\/percepcions.cat\/wp-content\/uploads\/2025\/10\/Dos-musulmans-apallissen-un-conductor-dautobus-a-Paris-perque-no-parava-on-a-ells-els-anava-be-1-1.jpg 711w, https:\/\/percepcions.cat\/wp-content\/uploads\/2025\/10\/Dos-musulmans-apallissen-un-conductor-dautobus-a-Paris-perque-no-parava-on-a-ells-els-anava-be-1-1-300x169.jpg 300w, https:\/\/percepcions.cat\/wp-content\/uploads\/2025\/10\/Dos-musulmans-apallissen-un-conductor-dautobus-a-Paris-perque-no-parava-on-a-ells-els-anava-be-1-1-18x10.jpg 18w\" title=\"\"><\/a><\/div>\n<p class=\"pt-cv-title\"><a href=\"https:\/\/percepcions.cat\/es\/dos-musulmanes-apalean-a-un-conductor-de-autobus-en-paris-porque-no-paraba-donde-a-ellos-les-iba-bien\/\" class=\"_self cvplbd\" target=\"_self\" >Dos musulmans apallissen un conductor d&#8217;autob\u00fas a Par\u00eds perqu\u00e8 no parava on a ells els anava b\u00e9<\/a><\/p>\n<div class=\"pt-cv-taxoterm below_title\"><a href='https:\/\/percepcions.cat\/es\/category\/delincuencia\/' title='Delinq\u00fc\u00e8ncia' class='pt-cv-tax-delinquencia'>Delinq\u00fc\u00e8ncia<\/a><a href='https:\/\/percepcions.cat\/es\/category\/islam\/' title='Islam' class='pt-cv-tax-islam'>Islam<\/a><\/div>\n<div class=\"pt-cv-meta-fields\"><span class=\"entry-date\"> <time datetime=\"2025-10-12T13:31:33+02:00\">12 de octubre de 2025<\/time><\/span><\/div>\n<div class=\"pt-cv-content\">Dos joves de 19 i 20 anys van agredir brutalment un conductor per no voler fer una parada no programada. La v\u00edctima va ser hospitalitzada amb ferides al cap.<\/div><\/div>\n<div class=\" pt-cv-content-item pt-cv-1-col\"  data-pid=\"9227\"><div class=\"pt-cv-thumb-wrapper  \"><a href=\"https:\/\/percepcions.cat\/es\/prisionero-leve-por-uno-de-los-cuatro-arabes-que-hicieron-bailar-desnudo-a-un-chico-de-15-anos-en-suecia\/\" class=\"_self pt-cv-href-thumbnail pt-cv-thumb-default cvplbd cvp-lazy-container\" target=\"_self\" ><img loading=\"lazy\" decoding=\"async\" width=\"768\" height=\"489\" src=\"https:\/\/percepcions.cat\/wp-content\/plugins\/pt-content-views-pro\/public\/assets\/images\/lazy_image.png\" class=\"pt-cv-thumbnail img-none skip-lazy  cvplazy\" alt=\"Pres\u00f3 lleu per un dels cinc \u00e0rabs que van fer ballar despullat un noi de 15 anys en un centre comercial de Su\u00e8cia\" data-cvpsrc=\"https:\/\/percepcions.cat\/wp-content\/uploads\/2025\/08\/Preso-lleu-per-un-dels-cinc-arabs-que-van-fer-ballar-despullat-un-noi-de-15-anys-en-un-centre-comercial-de-Suecia-768x489.jpg\" data-cvpset=\"https:\/\/percepcions.cat\/wp-content\/uploads\/2025\/08\/Preso-lleu-per-un-dels-cinc-arabs-que-van-fer-ballar-despullat-un-noi-de-15-anys-en-un-centre-comercial-de-Suecia-768x489.jpg 768w, https:\/\/percepcions.cat\/wp-content\/uploads\/2025\/08\/Preso-lleu-per-un-dels-cinc-arabs-que-van-fer-ballar-despullat-un-noi-de-15-anys-en-un-centre-comercial-de-Suecia-300x191.jpg 300w, https:\/\/percepcions.cat\/wp-content\/uploads\/2025\/08\/Preso-lleu-per-un-dels-cinc-arabs-que-van-fer-ballar-despullat-un-noi-de-15-anys-en-un-centre-comercial-de-Suecia-18x12.jpg 18w, https:\/\/percepcions.cat\/wp-content\/uploads\/2025\/08\/Preso-lleu-per-un-dels-cinc-arabs-que-van-fer-ballar-despullat-un-noi-de-15-anys-en-un-centre-comercial-de-Suecia.jpg 953w\" title=\"\"><\/a><\/div>\n<p class=\"pt-cv-title\"><a href=\"https:\/\/percepcions.cat\/es\/prisionero-leve-por-uno-de-los-cuatro-arabes-que-hicieron-bailar-desnudo-a-un-chico-de-15-anos-en-suecia\/\" class=\"_self cvplbd\" target=\"_self\" >Pres\u00f3 lleu per un dels cinc \u00e0rabs que van fer ballar despullat un noi de 15 anys en un centre comercial de Su\u00e8cia<\/a><\/p>\n<div class=\"pt-cv-taxoterm below_title\"><a href='https:\/\/percepcions.cat\/es\/category\/delincuencia\/' title='Delinq\u00fc\u00e8ncia' class='pt-cv-tax-delinquencia'>Delinq\u00fc\u00e8ncia<\/a><a href='https:\/\/percepcions.cat\/es\/category\/inmigracion-2\/' title='Immigraci\u00f3' class='pt-cv-tax-immigracio'>Immigraci\u00f3<\/a><\/div>\n<div class=\"pt-cv-meta-fields\"><span class=\"entry-date\"> <time datetime=\"2025-08-30T20:48:10+02:00\">30 de agosto de 2025<\/time><\/span><\/div>\n<div class=\"pt-cv-content\">La condemna m\u00e9s alta \u00e9s de 18 mesos de pres\u00f3. La resta han rebut penes lleus se serveis juvenils per humiliar, agredir i robar un noi de 15 anys.<\/div><\/div>\n<div class=\" pt-cv-content-item pt-cv-1-col\"  data-pid=\"8415\"><div class=\"pt-cv-thumb-wrapper  \"><a href=\"https:\/\/percepcions.cat\/es\/franca-recurre-a-los-toques-de-queda-para-combatir-a-sus-jovenes-en-las-calles\/\" class=\"_self pt-cv-href-thumbnail pt-cv-thumb-default cvplbd cvp-lazy-container\" target=\"_self\" ><img loading=\"lazy\" decoding=\"async\" width=\"750\" height=\"500\" src=\"https:\/\/percepcions.cat\/wp-content\/plugins\/pt-content-views-pro\/public\/assets\/images\/lazy_image.png\" class=\"pt-cv-thumbnail img-none skip-lazy  cvplazy\" alt=\"Fran\u00e7a recorre als tocs de queda per combatre els seus joves als carrers\" data-cvpsrc=\"https:\/\/percepcions.cat\/wp-content\/uploads\/2025\/07\/Franca-recorre-als-tocs-de-queda-per-combatre-els-seus-joves-als-carrers.jpg\" data-cvpset=\"https:\/\/percepcions.cat\/wp-content\/uploads\/2025\/07\/Franca-recorre-als-tocs-de-queda-per-combatre-els-seus-joves-als-carrers.jpg 750w, https:\/\/percepcions.cat\/wp-content\/uploads\/2025\/07\/Franca-recorre-als-tocs-de-queda-per-combatre-els-seus-joves-als-carrers-300x200.jpg 300w, https:\/\/percepcions.cat\/wp-content\/uploads\/2025\/07\/Franca-recorre-als-tocs-de-queda-per-combatre-els-seus-joves-als-carrers-18x12.jpg 18w\" title=\"\"><\/a><\/div>\n<p class=\"pt-cv-title\"><a href=\"https:\/\/percepcions.cat\/es\/franca-recurre-a-los-toques-de-queda-para-combatir-a-sus-jovenes-en-las-calles\/\" class=\"_self cvplbd\" target=\"_self\" >Fran\u00e7a recorre als tocs de queda per combatre els seus joves als carrers<\/a><\/p>\n<div class=\"pt-cv-taxoterm below_title\"><a href='https:\/\/percepcions.cat\/es\/category\/delincuencia\/' title='Delinq\u00fc\u00e8ncia' class='pt-cv-tax-delinquencia'>Delinq\u00fc\u00e8ncia<\/a><a href='https:\/\/percepcions.cat\/es\/category\/inmigracion-2\/' title='Immigraci\u00f3' class='pt-cv-tax-immigracio'>Immigraci\u00f3<\/a><\/div>\n<div class=\"pt-cv-meta-fields\"><span class=\"entry-date\"> <time datetime=\"2025-07-23T06:06:14+02:00\">23 de julio de 2025<\/time><\/span><\/div>\n<div class=\"pt-cv-content\">Ciutats com N\u00eemes, Meyzieu, Villecresnes i pobles petits implanten tocs de queda per frenar els disturbis de les bandes migrants juvenils.<\/div><\/div>\n<div class=\" pt-cv-content-item pt-cv-1-col\"  data-pid=\"8277\"><div class=\"pt-cv-thumb-wrapper  \"><a href=\"https:\/\/percepcions.cat\/es\/los-jovenes-argelinos-en-alemana-cometen-56-veces-mas-delitos-que-los-jovenes-alemanes\/\" class=\"_self pt-cv-href-thumbnail pt-cv-thumb-default cvplbd cvp-lazy-container\" target=\"_self\" ><img loading=\"lazy\" decoding=\"async\" width=\"750\" height=\"500\" src=\"https:\/\/percepcions.cat\/wp-content\/plugins\/pt-content-views-pro\/public\/assets\/images\/lazy_image.png\" class=\"pt-cv-thumbnail img-none skip-lazy  cvplazy\" alt=\"Els joves algerians a Alemanya cometen 56 vegades m\u00e9s delictes que els joves alemanys\" data-cvpsrc=\"https:\/\/percepcions.cat\/wp-content\/uploads\/2025\/07\/Els-joves-algerians-a-Alemanya-cometen-56-vegades-mes-delictes-que-els-joves-alemanys.jpg\" data-cvpset=\"https:\/\/percepcions.cat\/wp-content\/uploads\/2025\/07\/Els-joves-algerians-a-Alemanya-cometen-56-vegades-mes-delictes-que-els-joves-alemanys.jpg 750w, https:\/\/percepcions.cat\/wp-content\/uploads\/2025\/07\/Els-joves-algerians-a-Alemanya-cometen-56-vegades-mes-delictes-que-els-joves-alemanys-300x200.jpg 300w, https:\/\/percepcions.cat\/wp-content\/uploads\/2025\/07\/Els-joves-algerians-a-Alemanya-cometen-56-vegades-mes-delictes-que-els-joves-alemanys-18x12.jpg 18w\" title=\"\"><\/a><\/div>\n<p class=\"pt-cv-title\"><a href=\"https:\/\/percepcions.cat\/es\/los-jovenes-argelinos-en-alemana-cometen-56-veces-mas-delitos-que-los-jovenes-alemanes\/\" class=\"_self cvplbd\" target=\"_self\" >Els joves algerians a Alemanya cometen 56 vegades m\u00e9s delictes que els joves alemanys<\/a><\/p>\n<div class=\"pt-cv-taxoterm below_title\"><a href='https:\/\/percepcions.cat\/es\/category\/delincuencia\/' title='Delinq\u00fc\u00e8ncia' class='pt-cv-tax-delinquencia'>Delinq\u00fc\u00e8ncia<\/a><\/div>\n<div class=\"pt-cv-meta-fields\"><span class=\"entry-date\"> <time datetime=\"2025-07-19T09:02:00+02:00\">19 de julio de 2025<\/time><\/span><\/div>\n<div class=\"pt-cv-content\">Un informe oficial del Ministeri de l\u2019Interior alemany revela difer\u00e8ncies extremes en la criminalitat juvenil segons l\u2019origen nacional, amb algerians, afganesos i sirians al capdavant de les estad\u00edstiques.<\/div><\/div>\n<div class=\" pt-cv-content-item pt-cv-1-col\"  data-pid=\"8294\"><div class=\"pt-cv-thumb-wrapper  \"><a href=\"https:\/\/percepcions.cat\/es\/el-50-de-los-presos-en-cataluna-son-extranjeros\/\" class=\"_self pt-cv-href-thumbnail pt-cv-thumb-default cvplbd cvp-lazy-container\" target=\"_self\" ><img loading=\"lazy\" decoding=\"async\" width=\"768\" height=\"512\" src=\"https:\/\/percepcions.cat\/wp-content\/plugins\/pt-content-views-pro\/public\/assets\/images\/lazy_image.png\" class=\"pt-cv-thumbnail img-none skip-lazy  cvplazy\" alt=\"El 50% dels presos a Catalunya son estrangers\" data-cvpsrc=\"https:\/\/percepcions.cat\/wp-content\/uploads\/2025\/07\/El-50-dels-presos-a-Catalunya-son-estrangers-768x512.png\" data-cvpset=\"https:\/\/percepcions.cat\/wp-content\/uploads\/2025\/07\/El-50-dels-presos-a-Catalunya-son-estrangers-768x512.png 768w, https:\/\/percepcions.cat\/wp-content\/uploads\/2025\/07\/El-50-dels-presos-a-Catalunya-son-estrangers-300x200.png 300w, https:\/\/percepcions.cat\/wp-content\/uploads\/2025\/07\/El-50-dels-presos-a-Catalunya-son-estrangers-1024x683.png 1024w, https:\/\/percepcions.cat\/wp-content\/uploads\/2025\/07\/El-50-dels-presos-a-Catalunya-son-estrangers-18x12.png 18w, https:\/\/percepcions.cat\/wp-content\/uploads\/2025\/07\/El-50-dels-presos-a-Catalunya-son-estrangers.png 1536w\" title=\"\"><\/a><\/div>\n<p class=\"pt-cv-title\"><a href=\"https:\/\/percepcions.cat\/es\/el-50-de-los-presos-en-cataluna-son-extranjeros\/\" class=\"_self cvplbd\" target=\"_self\" >El 50% dels presos a Catalunya son estrangers<\/a><\/p>\n<div class=\"pt-cv-taxoterm below_title\"><a href='https:\/\/percepcions.cat\/es\/category\/delincuencia\/' title='Delinq\u00fc\u00e8ncia' class='pt-cv-tax-delinquencia'>Delinq\u00fc\u00e8ncia<\/a><\/div>\n<div class=\"pt-cv-meta-fields\"><span class=\"entry-date\"> <time datetime=\"2025-07-16T14:09:04+02:00\">16 de julio de 2025<\/time><\/span><\/div>\n<div class=\"pt-cv-content\">Nom\u00e9s el 18\u202f% de la poblaci\u00f3 catalana \u00e9s estrangera, per\u00f2 representen el 50\u202f% dels interns a les presons. Catalunya \u00e9s l\u00edder en presos estrangers a Europa.<\/div><\/div><\/div><\/div>\n<div class=\"text-center pt-cv-pagination-wrapper\"><a href='https:\/\/percepcions.cat\/es\/wp-json\/wp\/v2\/posts\/3747\/?_page=2' onclick='event.preventDefault()' class=\"pt-cv-more btn btn-primary btn-sm\" data-totalpages=\"2\" data-nextpages=\"2\" data-sid=\"f14938b8f0\" data-unid=\"\" data-isblock=\"\" data-postid=\"\">M\u00e9s Percepcions <span class=\"caret\"><\/span><\/a><img loading=\"lazy\" decoding=\"async\" width=\"15\" height=\"15\" class=\"pt-cv-spinner\" alt=\"Cargando...\" src=\"data:image\/gif;base64,R0lGODlhDwAPALMPAMrKygwMDJOTkz09PZWVla+vr3p6euTk5M7OzuXl5TMzMwAAAJmZmWZmZszMzP\/\/\/yH\/C05FVFNDQVBFMi4wAwEAAAAh+QQFCgAPACwAAAAADwAPAAAEQvDJaZaZOIcV8iQK8VRX4iTYoAwZ4iCYoAjZ4RxejhVNoT+mRGP4cyF4Pp0N98sBGIBMEMOotl6YZ3S61Bmbkm4mAgAh+QQFCgAPACwAAAAADQANAAAENPDJSRSZeA418itN8QiK8BiLITVsFiyBBIoYqnoewAD4xPw9iY4XLGYSjkQR4UAUD45DLwIAIfkEBQoADwAsAAAAAA8ACQAABC\/wyVlamTi3nSdgwFNdhEJgTJoNyoB9ISYoQmdjiZPcj7EYCAeCF1gEDo4Dz2eIAAAh+QQFCgAPACwCAAAADQANAAAEM\/DJBxiYeLKdX3IJZT1FU0iIg2RNKx3OkZVnZ98ToRD4MyiDnkAh6BkNC0MvsAj0kMpHBAAh+QQFCgAPACwGAAAACQAPAAAEMDC59KpFDll73HkAA2wVY5KgiK5b0RRoI6MuzG6EQqCDMlSGheEhUAgqgUUAFRySIgAh+QQFCgAPACwCAAIADQANAAAEM\/DJKZNLND\/kkKaHc3xk+QAMYDKsiaqmZCxGVjSFFCxB1vwy2oOgIDxuucxAMTAJFAJNBAAh+QQFCgAPACwAAAYADwAJAAAEMNAs86q1yaWwwv2Ig0jUZx3OYa4XoRAfwADXoAwfo1+CIjyFRuEho60aSNYlOPxEAAAh+QQFCgAPACwAAAIADQANAAAENPA9s4y8+IUVcqaWJ4qEQozSoAzoIyhCK2NFU2SJk0hNnyEOhKR2AzAAj4Pj4GE4W0bkJQIAOw==\" title=\"\"><div class=\"clear pt-cv-clear-pagination\"><\/div><\/div><\/div>\t\t\t<style type=\"text\/css\" id=\"pt-cv-inline-style-8b6ff54hsi\">\n#pt-cv-view-f14938b8f0 .pt-cv-thumb-wrapper:not(.miniwrap) { width: 400px; }#pt-cv-view-f14938b8f0 .pt-cv-thumbnail:not(.pt-cv-thumbnailsm) { height: 200px; }#pt-cv-view-f14938b8f0 > .pt-cv-page {grid-template-columns: repeat(3, 1fr);grid-gap: 15px;}\n@media all and (max-width: 1024px) { \n#pt-cv-view-f14938b8f0 > .pt-cv-page {grid-template-columns: repeat(1, 1fr);}\n} \n@media all and (max-width: 767px) { \n#pt-cv-view-f14938b8f0 > .pt-cv-page {grid-template-columns: repeat(1, 1fr);}\n} <\/style>\r\n\t\t\t\t\t\t<style type=\"text\/css\" id=\"pt-cv-inline-style-bf48e4ab7n\">#pt-cv-view-f14938b8f0 .pt-cv-taxoterm * { font-family: 'Noto Sans', Arial, serif !important; color: #ffffff !important; margin: 0px 0px 0px 0px !important; padding: 1px 6px 1px 6px !important; border-radius: 3px 3px 3px 3px !important; }\n#pt-cv-view-f14938b8f0 .pt-cv-title a, #pt-cv-view-f14938b8f0  .panel-title { font-family: 'Noto Sans', Arial, serif !important; font-size: 24px !important; line-height: 1.3 !important; color: #000000 !important; font-weight: 600 !important; }\n#pt-cv-view-f14938b8f0 .pt-cv-content , #pt-cv-view-f14938b8f0  .pt-cv-content *:not(.pt-cv-readmore):not(style):not(script) { font-family: 'Noto Sans', Arial, serif !important; font-size: 16px !important; line-height: 1.3 !important; font-weight: 600 !important; }\n#pt-cv-view-f14938b8f0 .pt-cv-meta-fields * { font-size: 15px !important; line-height: 1.3 !important; color: #000000 !important; }\n@media (min-width: 768px) and (max-width: 991px) {#pt-cv-view-f14938b8f0 .pt-cv-meta-fields * { font-size: 15px !important }}\n@media (max-width: 767px) {#pt-cv-view-f14938b8f0 .pt-cv-meta-fields * { font-size: 15px !important }}\n#pt-cv-view-f14938b8f0 .pt-cv-readmore  { color: #ffffff !important; background-color: #00aeef !important; }\n#pt-cv-view-f14938b8f0 .pt-cv-readmore:hover  { color: #ffffff !important; background-color: #00aeef !important; }\n#pt-cv-view-f14938b8f0  + .pt-cv-pagination-wrapper .pt-cv-more , #pt-cv-view-f14938b8f0  + .pt-cv-pagination-wrapper .pagination .active a, .pt-cv-pagination[data-sid='f14938b8f0'] .active a { color: #ffffff !important; background-color: #dd3333 !important; font-weight: 600 !important; }\n#pt-cv-view-f14938b8f0 { text-align: left; }<\/style>\r\n\t\t\t<link href='\/\/fonts.googleapis.com\/css?family=Noto+Sans' rel='stylesheet' type='text\/css'><\/div><\/div>\n","protected":false},"excerpt":{"rendered":"<p>La Guardia Urbana de Badalona le hall\u00f3 pistolas, armas blancas y marihuana. Ten\u00eda varios antecedentes.<\/p>","protected":false},"author":1,"featured_media":3748,"comment_status":"closed","ping_status":"closed","sticky":false,"template":"","format":"standard","meta":{"_uag_custom_page_level_css":"","site-sidebar-layout":"no-sidebar","site-content-layout":"","ast-site-content-layout":"normal-width-container","site-content-style":"unboxed","site-sidebar-style":"default","ast-global-header-display":"","ast-banner-title-visibility":"","ast-main-header-display":"","ast-hfb-above-header-display":"","ast-hfb-below-header-display":"","ast-hfb-mobile-header-display":"","site-post-title":"disabled","ast-breadcrumbs-content":"","ast-featured-img":"","footer-sml-layout":"","ast-disable-related-posts":"","theme-transparent-header-meta":"","adv-header-id-meta":"","stick-header-meta":"","header-above-stick-meta":"","header-main-stick-meta":"","header-below-stick-meta":"","astra-migrate-meta-layouts":"default","ast-page-background-enabled":"default","ast-page-background-meta":{"desktop":{"background-color":"var(--ast-global-color-5)","background-image":"","background-repeat":"repeat","background-position":"center center","background-size":"auto","background-attachment":"scroll","background-type":"","background-media":"","overlay-type":"","overlay-color":"","overlay-opacity":"","overlay-gradient":""},"tablet":{"background-color":"","background-image":"","background-repeat":"repeat","background-position":"center center","background-size":"auto","background-attachment":"scroll","background-type":"","background-media":"","overlay-type":"","overlay-color":"","overlay-opacity":"","overlay-gradient":""},"mobile":{"background-color":"","background-image":"","background-repeat":"repeat","background-position":"center center","background-size":"auto","background-attachment":"scroll","background-type":"","background-media":"","overlay-type":"","overlay-color":"","overlay-opacity":"","overlay-gradient":""}},"ast-content-background-meta":{"desktop":{"background-color":"var(--ast-global-color-4)","background-image":"","background-repeat":"repeat","background-position":"center center","background-size":"auto","background-attachment":"scroll","background-type":"","background-media":"","overlay-type":"","overlay-color":"","overlay-opacity":"","overlay-gradient":""},"tablet":{"background-color":"var(--ast-global-color-4)","background-image":"","background-repeat":"repeat","background-position":"center center","background-size":"auto","background-attachment":"scroll","background-type":"","background-media":"","overlay-type":"","overlay-color":"","overlay-opacity":"","overlay-gradient":""},"mobile":{"background-color":"var(--ast-global-color-4)","background-image":"","background-repeat":"repeat","background-position":"center center","background-size":"auto","background-attachment":"scroll","background-type":"","background-media":"","overlay-type":"","overlay-color":"","overlay-opacity":"","overlay-gradient":""}},"footnotes":""},"categories":[4],"tags":[56,26],"class_list":["post-3747","post","type-post","status-publish","format-standard","has-post-thumbnail","hentry","category-immigracio","tag-catalunya","tag-turquia"],"uagb_featured_image_src":{"full":["https:\/\/percepcions.cat\/wp-content\/uploads\/2025\/02\/Turc-detingut-sense-carnet-i-amb-pistoles-Badalona.jpeg",1086,500,false],"thumbnail":["https:\/\/percepcions.cat\/wp-content\/uploads\/2025\/02\/Turc-detingut-sense-carnet-i-amb-pistoles-Badalona-150x150.jpeg",150,150,true],"medium":["https:\/\/percepcions.cat\/wp-content\/uploads\/2025\/02\/Turc-detingut-sense-carnet-i-amb-pistoles-Badalona-300x138.jpeg",300,138,true],"medium_large":["https:\/\/percepcions.cat\/wp-content\/uploads\/2025\/02\/Turc-detingut-sense-carnet-i-amb-pistoles-Badalona-768x354.jpeg",768,354,true],"large":["https:\/\/percepcions.cat\/wp-content\/uploads\/2025\/02\/Turc-detingut-sense-carnet-i-amb-pistoles-Badalona-1024x471.jpeg",1024,471,true],"1536x1536":["https:\/\/percepcions.cat\/wp-content\/uploads\/2025\/02\/Turc-detingut-sense-carnet-i-amb-pistoles-Badalona.jpeg",1086,500,false],"2048x2048":["https:\/\/percepcions.cat\/wp-content\/uploads\/2025\/02\/Turc-detingut-sense-carnet-i-amb-pistoles-Badalona.jpeg",1086,500,false],"trp-custom-language-flag":["https:\/\/percepcions.cat\/wp-content\/uploads\/2025\/02\/Turc-detingut-sense-carnet-i-amb-pistoles-Badalona-18x8.jpeg",18,8,true]},"uagb_author_info":{"display_name":"oriolseo@gmail.com","author_link":"https:\/\/percepcions.cat\/es\/author\/oriolseogmail-com\/"},"uagb_comment_info":0,"uagb_excerpt":"La Gu\u00e0rdia Urbana de Badalona li va trobar pistoles, armes blanques i marihuana. Tenia diversos antecedents.","_links":{"self":[{"href":"https:\/\/percepcions.cat\/es\/wp-json\/wp\/v2\/posts\/3747","targetHints":{"allow":["GET"]}}],"collection":[{"href":"https:\/\/percepcions.cat\/es\/wp-json\/wp\/v2\/posts"}],"about":[{"href":"https:\/\/percepcions.cat\/es\/wp-json\/wp\/v2\/types\/post"}],"author":[{"embeddable":true,"href":"https:\/\/percepcions.cat\/es\/wp-json\/wp\/v2\/users\/1"}],"replies":[{"embeddable":true,"href":"https:\/\/percepcions.cat\/es\/wp-json\/wp\/v2\/comments?post=3747"}],"version-history":[{"count":8,"href":"https:\/\/percepcions.cat\/es\/wp-json\/wp\/v2\/posts\/3747\/revisions"}],"predecessor-version":[{"id":4215,"href":"https:\/\/percepcions.cat\/es\/wp-json\/wp\/v2\/posts\/3747\/revisions\/4215"}],"wp:featuredmedia":[{"embeddable":true,"href":"https:\/\/percepcions.cat\/es\/wp-json\/wp\/v2\/media\/3748"}],"wp:attachment":[{"href":"https:\/\/percepcions.cat\/es\/wp-json\/wp\/v2\/media?parent=3747"}],"wp:term":[{"taxonomy":"category","embeddable":true,"href":"https:\/\/percepcions.cat\/es\/wp-json\/wp\/v2\/categories?post=3747"},{"taxonomy":"post_tag","embeddable":true,"href":"https:\/\/percepcions.cat\/es\/wp-json\/wp\/v2\/tags?post=3747"}],"curies":[{"name":"wp","href":"https:\/\/api.w.org\/{rel}","templated":true}]}}