{"id":3388,"date":"2025-02-14T20:50:25","date_gmt":"2025-02-14T20:50:25","guid":{"rendered":"https:\/\/percepcions.cat\/?p=3388"},"modified":"2025-04-11T00:22:12","modified_gmt":"2025-04-10T22:22:12","slug":"medico-musulma-afirma-matar-a-pacientes-judios","status":"publish","type":"post","link":"https:\/\/percepcions.cat\/es\/medico-musulma-afirma-matar-a-pacientes-judios\/","title":{"rendered":"\u00abNo voy a tratar a israel\u00edes, los matar\u00e9\u00bb:"},"content":{"rendered":"\n<div class=\"wp-block-uagb-container uagb-block-9cb50b66 alignfull uagb-is-root-container\"><div class=\"uagb-container-inner-blocks-wrap\">\n<div class=\"wp-block-uagb-advanced-heading uagb-block-fa03ca8d\"><h1 class=\"uagb-heading-text\"><strong><strong><strong><strong><strong><strong><strong><strong><strong><strong><strong><strong>Metge musulm\u00e0: \u00abNo tractar\u00e9 israelians, els matar\u00e9\u00bb<\/strong><\/strong><\/strong><\/strong><\/strong><\/strong><\/strong><\/strong><\/strong><\/strong><\/strong><\/strong><\/h1><\/div>\n<\/div><\/div>\n\n\n\n<div class=\"wp-block-uagb-container uagb-block-57950bc9 alignfull uagb-is-root-container\"><div class=\"uagb-container-inner-blocks-wrap\">\n<div class=\"wp-block-uagb-advanced-heading uagb-block-e7f221fc\"><p class=\"uagb-heading-text\">Un metge i una infermera musulmans confessen crims contra pacients jueus a Austr\u00e0lia.<\/p><\/div>\n<\/div><\/div>\n\n\n<div style=\"font-size:12px;padding-right:var(--wp--preset--spacing--20);padding-left:var(--wp--preset--spacing--20)\" class=\"wp-block-post-date\"><time datetime=\"2025-02-14T20:50:25+01:00\">14 de febrero de 2025<\/time><\/div>\n\n\n<div class=\"wp-block-uagb-container uagb-layout-flex uagb-block-3668bbc1 default uagb-is-root-container\"><\/div>\n\n\n\n<div class=\"wp-block-uagb-container uagb-block-08434045 default uagb-is-root-container\">\n<figure class=\"wp-block-embed is-type-video is-provider-youtube wp-block-embed-youtube wp-embed-aspect-4-3 wp-has-aspect-ratio\"><div class=\"wp-block-embed__wrapper\">\n<iframe loading=\"lazy\" title=\"Metge musulm\u00e0 australi\u00e0\" width=\"500\" height=\"375\" src=\"https:\/\/www.youtube.com\/embed\/iFJ-Uyo4UZI?feature=oembed\" frameborder=\"0\" allow=\"accelerometer; autoplay; clipboard-write; encrypted-media; gyroscope; picture-in-picture; web-share\" referrerpolicy=\"strict-origin-when-cross-origin\" allowfullscreen><\/iframe>\n<\/div><\/figure>\n<\/div>\n\n\n\n<div class=\"wp-block-uagb-container uagb-block-382674d5 alignfull uagb-is-root-container\"><div class=\"uagb-container-inner-blocks-wrap\">\n<div class=\"wp-block-uagb-advanced-heading uagb-block-a9f17d29\"><p class=\"uagb-heading-text\">Un v\u00eddeo impactant circula per les xarxes socials, mostrant dos treballadors sanitaris de l&#8217;Hospital de Bankstown, a Sydney, fent comentaris antisemites i assegurant que han matat pacients israelians. <\/p><\/div>\n\n\n\n<div class=\"wp-block-uagb-advanced-heading uagb-block-5f2e01fc\"><p class=\"uagb-heading-text\">La gravaci\u00f3, enregistrada durant una conversa amb l&#8217;influencer israeli\u00e0 Max Veifer, recull les declaracions inquietants d&#8217;Ahmad &#8216;Rashad&#8217; Nadir i Sarah Abu Lebdeh sobre el tracte que donen als pacients jueus.<\/p><\/div>\n\n\n\n<div class=\"wp-block-uagb-advanced-heading uagb-block-7876035e\"><p class=\"uagb-heading-text\">La gravaci\u00f3, enregistrada durant una conversa amb l&#8217;influencer israeli\u00e0 Max Veifer, recull les declaracions inquietants d&#8217;Ahmad &#8216;Rashad&#8217; Nadir i Sarah Abu Lebdeh sobre el tracte que donen als pacients jueus.<\/p><\/div>\n\n\n\n<div class=\"wp-block-uagb-advanced-heading uagb-block-e4842418\"><h2 class=\"uagb-heading-text\">\u00ab<strong>He enviat pacients israelians a l&#8217;infern<\/strong>\u00ab<\/h2><\/div>\n\n\n\n<div class=\"wp-block-uagb-advanced-heading uagb-block-a5fc357e\"><p class=\"uagb-heading-text\">En el v\u00eddeo, Nadir afirma: \u00ab<strong>No tens idea de quants [israelians] van venir a aquest hospital i els vaig enviar a Jahannam (infern)<\/strong>\u00ab, mentre fa un gest de tall de coll. Per la seva banda, Abu Lebdeh afegeix: \u00abUn dia arribar\u00e0 el teu moment i morir\u00e0s de la manera m\u00e9s horrible\u00bb. Aquestes declaracions han generat una onada d&#8217;indignaci\u00f3 a tot el pa\u00eds i a la comunitat internacional.<\/p><\/div>\n\n\n\n<div class=\"wp-block-uagb-advanced-heading uagb-block-1bf38b40\"><h2 class=\"uagb-heading-text\">Reaccions i mesures immediates<\/h2><\/div>\n\n\n\n<div class=\"wp-block-uagb-advanced-heading uagb-block-00a4bc4c\"><p class=\"uagb-heading-text\">Despr\u00e9s de la difusi\u00f3 del v\u00eddeo, el ministre de Salut de Nova Gal\u00b7les del Sud, Ryan Park, va qualificar les imatges de \u00abvils\u00bb i \u00abdeshumanitzadores\u00bb, i va ordenar una investigaci\u00f3 urgent. Tant Nadir com Abu Lebdeh van ser suspesos de les seves funcions mentre es duia a terme la investigaci\u00f3. No obstant aix\u00f2, tots dos es van negar a col\u00b7laborar amb la policia i van desapar\u00e8xer, evitant les entrevistes amb les autoritats.<\/p><\/div>\n\n\n\n<div class=\"wp-block-uagb-advanced-heading uagb-block-fd9236bc\"><p class=\"uagb-heading-text\">Les investigacions posteriors van revelar que Nadir, que inicialment es presentava com a metge, era en realitat un infermer registrat. <strong>Ambd\u00f3s professionals van ser destitu\u00efts dels seus c\u00e0rrecs i se&#8217;ls va retirar la llic\u00e8ncia per exercir en qualsevol lloc d&#8217;Austr\u00e0lia<\/strong>. Malgrat aix\u00f2, les autoritats encara no han presentat c\u00e0rrecs penals contra ells, i la comunitat exigeix accions legals m\u00e9s contundents.<\/p><\/div>\n\n\n\n<div class=\"wp-block-uagb-advanced-heading uagb-block-f93b1041\"><h2 class=\"uagb-heading-text\">Indignaci\u00f3, desconfian\u00e7a i crides a repres\u00e0lies m\u00e9s dures<\/h2><\/div>\n\n\n\n<div class=\"wp-block-uagb-advanced-heading uagb-block-703ca63d\"><p class=\"uagb-heading-text\">La comunitat jueva australiana, juntament amb organitzacions internacionals, ha expressat la seva profunda preocupaci\u00f3 per aquests incidents i ha demanat una revisi\u00f3 exhaustiva dels protocols de contractaci\u00f3 i supervisi\u00f3 dins del sistema sanitari. S&#8217;han iniciat peticions exigint que les autoritats prenguin mesures m\u00e9s fermes per garantir que individus amb ideologies extremistes no tinguin acc\u00e9s a posicions on puguin posar en perill la vida dels pacients.<\/p><\/div>\n\n\n\n<div class=\"wp-block-uagb-advanced-heading uagb-block-e3c7e7d7\"><p class=\"uagb-heading-text\">Aquest esc\u00e0ndol ha sacsejat la confian\u00e7a p\u00fablica en el sistema de salut australi\u00e0 i ha posat de manifest la necessitat d&#8217;una vigil\u00e0ncia m\u00e9s estricta per part de les autoritats per protegir tots els ciutadans, independentment de la seva origen o creences.<\/p><\/div>\n\n\n\n<div class=\"wp-block-uagb-advanced-heading uagb-block-58905b15\"><h2 class=\"uagb-heading-text\">Un problema m\u00e9s ampli al sistema sanitari<\/h2><\/div>\n\n\n\n<div class=\"wp-block-uagb-advanced-heading uagb-block-353e6a2b\"><p class=\"uagb-heading-text\">Aquest incident ha posat en relleu preocupacions m\u00e9s \u00e0mplies sobre la pres\u00e8ncia d&#8217;extremistes dins del sistema sanitari australi\u00e0. Poc despr\u00e9s, es va descobrir que un metge de Melbourne havia fet publicacions a les xarxes socials donant suport a grups terroristes. Tot i ser susp\u00e8s del seu lloc de treball, encara mant\u00e9 la seva llic\u00e8ncia m\u00e8dica, cosa que ha generat cr\u00edtiques cap a l&#8217;Ag\u00e8ncia Australiana de Regulaci\u00f3 de Professionals de la Salut (AHPRA) per la seva inacci\u00f3 davant d&#8217;aquests casos.<\/p><\/div>\n\n\n\n<div class=\"wp-block-uagb-container uagb-block-c3b6b73e\">\n<div class=\"wp-block-uagb-advanced-heading uagb-block-f1682e42\"><p class=\"uagb-heading-text\"><strong>M\u00e9s Percepcions de<\/strong><\/p><\/div>\n\n\n<div class=\"taxonomy-post_tag has-text-align-center wp-block-post-terms has-medium-font-size\"><a href=\"https:\/\/percepcions.cat\/es\/tag\/australia\/\" rel=\"tag\">Austr\u00e0lia<\/a><span class=\"wp-block-post-terms__separator\">, <\/span><a href=\"https:\/\/percepcions.cat\/es\/tag\/videos\/\" rel=\"tag\">V\u00eddeos<\/a><\/div><\/div>\n<\/div><\/div>\n\n\n\n<div class=\"wp-block-uagb-separator uagb-block-b4e2299a\"><div class=\"wp-block-uagb-separator__inner\" style=\"--my-background-image:\"><\/div><\/div>\n\n\n\n<div class=\"wp-block-uagb-advanced-heading uagb-block-1c726b28\"><h2 class=\"uagb-heading-text\">Altres not\u00edcies sobre l&#8217;islam<\/h2><\/div>\n\n\n\n<div class=\"wp-block-uagb-container uagb-block-5c916982 alignfull uagb-is-root-container\"><div class=\"uagb-container-inner-blocks-wrap\"><div class=\"pt-cv-wrapper\"><div class=\"pt-cv-view pt-cv-blockgrid iscvblock iscvhybrid grid1 layout1 pt-cv-pgloadmore pt-cv-left\" id=\"pt-cv-view-fcc74262ag\"><div data-id=\"pt-cv-page-1\" class=\"pt-cv-page\" data-cvc=\"3\"><div class=\" pt-cv-content-item pt-cv-1-col\" data-pid=\"14634\"><div class=\"pt-cv-thumb-wrapper  \"><a href=\"https:\/\/percepcions.cat\/es\/feministas-francesas-se-ponen-el-panuelo-musulma-contra-la-posible-prohibicion\/\" class=\"_self pt-cv-href-thumbnail pt-cv-thumb-default cvplbd cvp-lazy-container\" target=\"_self\" ><img loading=\"lazy\" decoding=\"async\" width=\"222\" height=\"300\" src=\"https:\/\/percepcions.cat\/wp-content\/plugins\/pt-content-views-pro\/public\/assets\/images\/lazy_image.png\" class=\"pt-cv-thumbnail img-none skip-lazy  cvplazy\" alt=\"Feministes de Fran\u00e7a es posen el mocador musulm\u00e0 contra la possible prohibici\u00f3\" data-cvpsrc=\"https:\/\/percepcions.cat\/wp-content\/uploads\/2026\/09\/Captura-de-pantalla-2026-09-04-133421-222x300.png\" data-cvpset=\"https:\/\/percepcions.cat\/wp-content\/uploads\/2026\/09\/Captura-de-pantalla-2026-09-04-133421-222x300.png 222w, https:\/\/percepcions.cat\/wp-content\/uploads\/2026\/09\/Captura-de-pantalla-2026-09-04-133421-9x12.png 9w, https:\/\/percepcions.cat\/wp-content\/uploads\/2026\/09\/Captura-de-pantalla-2026-09-04-133421.png 450w\" title=\"\"><\/a><div class=\"pt-cv-taxoterm over_top_left\"><a href='https:\/\/percepcions.cat\/es\/tag\/franca\/' title='Fran\u00e7a' class='pt-cv-tax-franca'>Fran\u00e7a<\/a><a href='https:\/\/percepcions.cat\/es\/tag\/velo-burka\/' title='Vel-Burka' class='pt-cv-tax-vel-burka'>Vel-Burka<\/a><a href='https:\/\/percepcions.cat\/es\/tag\/videos\/' title='V\u00eddeos' class='pt-cv-tax-videos'>V\u00eddeos<\/a><\/div><\/div>\n<h2 class=\"pt-cv-title\"><a href=\"https:\/\/percepcions.cat\/es\/feministas-francesas-se-ponen-el-panuelo-musulma-contra-la-posible-prohibicion\/\" class=\"_self cvplbd\" target=\"_self\" >Feministes de Fran\u00e7a es posen el mocador musulm\u00e0 contra la possible prohibici\u00f3<\/a><\/h2>\n<div class=\"pt-cv-meta-fields\"><span class=\"entry-date\"> <time datetime=\"2026-09-04T12:48:49+02:00\">4 de septiembre de 2026<\/time><\/span><\/div>\n<div class=\"pt-cv-content\">Dones (i homes) d&#8217;esquerres fan v\u00eddeos posant-se el vel contra la proposta de RN de prohibir-lo a l&#8217;espai p\u00fablic.<\/div><\/div>\n<div class=\" pt-cv-content-item pt-cv-1-col\" data-pid=\"14625\"><div class=\"pt-cv-thumb-wrapper  \"><a href=\"https:\/\/percepcions.cat\/es\/defensores-de-los-derechos-humanos-en-franca-quieren-prohibir-el-debate-sobre-el-velo-islamico\/\" class=\"_self pt-cv-href-thumbnail pt-cv-thumb-default cvplbd cvp-lazy-container\" target=\"_self\" ><img loading=\"lazy\" decoding=\"async\" width=\"300\" height=\"225\" src=\"https:\/\/percepcions.cat\/wp-content\/plugins\/pt-content-views-pro\/public\/assets\/images\/lazy_image.png\" class=\"pt-cv-thumbnail img-none skip-lazy  cvplazy\" alt=\"Defensors dels drets humans a Fran\u00e7a volen prohibir el debat sobre el vel isl\u00e0mic\" data-cvpsrc=\"https:\/\/percepcions.cat\/wp-content\/uploads\/2026\/09\/Defensors-dels-drets-humans-a-Franca-volen-que-defensar-prohibir-el-vel-islamic-sigui-delicte-300x225.jpg\" data-cvpset=\"https:\/\/percepcions.cat\/wp-content\/uploads\/2026\/09\/Defensors-dels-drets-humans-a-Franca-volen-que-defensar-prohibir-el-vel-islamic-sigui-delicte-300x225.jpg 300w, https:\/\/percepcions.cat\/wp-content\/uploads\/2026\/09\/Defensors-dels-drets-humans-a-Franca-volen-que-defensar-prohibir-el-vel-islamic-sigui-delicte-768x576.jpg 768w, https:\/\/percepcions.cat\/wp-content\/uploads\/2026\/09\/Defensors-dels-drets-humans-a-Franca-volen-que-defensar-prohibir-el-vel-islamic-sigui-delicte-16x12.jpg 16w, https:\/\/percepcions.cat\/wp-content\/uploads\/2026\/09\/Defensors-dels-drets-humans-a-Franca-volen-que-defensar-prohibir-el-vel-islamic-sigui-delicte.jpg 1000w\" title=\"\"><\/a><div class=\"pt-cv-taxoterm over_top_left\"><a href='https:\/\/percepcions.cat\/es\/tag\/franca\/' title='Fran\u00e7a' class='pt-cv-tax-franca'>Fran\u00e7a<\/a><a href='https:\/\/percepcions.cat\/es\/tag\/velo-burka\/' title='Vel-Burka' class='pt-cv-tax-vel-burka'>Vel-Burka<\/a><\/div><\/div>\n<h2 class=\"pt-cv-title\"><a href=\"https:\/\/percepcions.cat\/es\/defensores-de-los-derechos-humanos-en-franca-quieren-prohibir-el-debate-sobre-el-velo-islamico\/\" class=\"_self cvplbd\" target=\"_self\" >Defensors dels drets humans a Fran\u00e7a volen prohibir el debat sobre el vel isl\u00e0mic<\/a><\/h2>\n<div class=\"pt-cv-meta-fields\"><span class=\"entry-date\"> <time datetime=\"2026-09-03T10:01:26+02:00\">3 de septiembre de 2026<\/time><\/span><\/div>\n<div class=\"pt-cv-content\">Un membre de la Lliga dels Drets Humans anuncia den\u00fancies contra els qui proposin prohibir el vel per \u00abincitaci\u00f3 a la discriminaci\u00f3 religiosa\u00bb<\/div><\/div>\n<div class=\" pt-cv-content-item pt-cv-1-col\" data-pid=\"14656\"><div class=\"pt-cv-thumb-wrapper  \"><a href=\"https:\/\/percepcions.cat\/es\/austria-prepara-la-prohibicion-del-islam-politico-de-los-hermanos-musulmanes\/\" class=\"_self pt-cv-href-thumbnail pt-cv-thumb-default cvplbd cvp-lazy-container\" target=\"_self\" ><img loading=\"lazy\" decoding=\"async\" width=\"300\" height=\"169\" src=\"https:\/\/percepcions.cat\/wp-content\/plugins\/pt-content-views-pro\/public\/assets\/images\/lazy_image.png\" class=\"pt-cv-thumbnail img-none skip-lazy  cvplazy\" alt=\"\u00c0ustria prepara la prohibici\u00f3 de l&#039;islam pol\u00edtic dels Germans Musulmans\" data-cvpsrc=\"https:\/\/percepcions.cat\/wp-content\/uploads\/2026\/09\/Austria-prepara-la-prohibicio-de-lislam-politic-dels-Germans-Musulmans-300x169.jpg\" data-cvpset=\"https:\/\/percepcions.cat\/wp-content\/uploads\/2026\/09\/Austria-prepara-la-prohibicio-de-lislam-politic-dels-Germans-Musulmans-300x169.jpg 300w, https:\/\/percepcions.cat\/wp-content\/uploads\/2026\/09\/Austria-prepara-la-prohibicio-de-lislam-politic-dels-Germans-Musulmans-768x432.jpg 768w, https:\/\/percepcions.cat\/wp-content\/uploads\/2026\/09\/Austria-prepara-la-prohibicio-de-lislam-politic-dels-Germans-Musulmans-18x10.jpg 18w, https:\/\/percepcions.cat\/wp-content\/uploads\/2026\/09\/Austria-prepara-la-prohibicio-de-lislam-politic-dels-Germans-Musulmans.jpg 1000w\" title=\"\"><\/a><div class=\"pt-cv-taxoterm over_top_left\"><a href='https:\/\/percepcions.cat\/es\/tag\/austria\/' title='\u00c0ustria' class='pt-cv-tax-austria'>\u00c0ustria<\/a><a href='https:\/\/percepcions.cat\/es\/tag\/hermanos-musulmanes\/' title='Germans Musulmans' class='pt-cv-tax-germans-musulmans'>Germans Musulmans<\/a><\/div><\/div>\n<h2 class=\"pt-cv-title\"><a href=\"https:\/\/percepcions.cat\/es\/austria-prepara-la-prohibicion-del-islam-politico-de-los-hermanos-musulmanes\/\" class=\"_self cvplbd\" target=\"_self\" >\u00c0ustria prepara la prohibici\u00f3 de l&#8217;islam pol\u00edtic dels Germans Musulmans<\/a><\/h2>\n<div class=\"pt-cv-meta-fields\"><span class=\"entry-date\"> <time datetime=\"2026-09-02T09:32:42+02:00\">2 de septiembre de 2026<\/time><\/span><\/div>\n<div class=\"pt-cv-content\">El govern austr\u00edac posa els Germans Musulmans en el punt de mira i defensa que la llibertat religiosa s\u2019acaba quan es q\u00fcestionen la igualtat i les institucions.<\/div><\/div>\n<div class=\" pt-cv-content-item pt-cv-1-col\" data-pid=\"14613\"><div class=\"pt-cv-thumb-wrapper  \"><a href=\"https:\/\/percepcions.cat\/es\/una-escuela-que-impone-el-hiyab-pasa-al-sistema-publico-del-reino-unido\/\" class=\"_self pt-cv-href-thumbnail pt-cv-thumb-default cvplbd cvp-lazy-container\" target=\"_self\" ><img loading=\"lazy\" decoding=\"async\" width=\"300\" height=\"225\" src=\"https:\/\/percepcions.cat\/wp-content\/plugins\/pt-content-views-pro\/public\/assets\/images\/lazy_image.png\" class=\"pt-cv-thumbnail img-none skip-lazy  cvplazy\" alt=\"Una escola musulmana que imposa el hijab a nenes de 7 anys passa al sistema p\u00fablic del Regne Unit\" data-cvpsrc=\"https:\/\/percepcions.cat\/wp-content\/uploads\/2026\/09\/Una-escola-musulmana-que-imposa-el-hijab-a-nenes-de-7-anys-passa-al-sistema-public-del-Regne-Unit-300x225.jpg\" data-cvpset=\"https:\/\/percepcions.cat\/wp-content\/uploads\/2026\/09\/Una-escola-musulmana-que-imposa-el-hijab-a-nenes-de-7-anys-passa-al-sistema-public-del-Regne-Unit-300x225.jpg 300w, https:\/\/percepcions.cat\/wp-content\/uploads\/2026\/09\/Una-escola-musulmana-que-imposa-el-hijab-a-nenes-de-7-anys-passa-al-sistema-public-del-Regne-Unit-768x576.jpg 768w, https:\/\/percepcions.cat\/wp-content\/uploads\/2026\/09\/Una-escola-musulmana-que-imposa-el-hijab-a-nenes-de-7-anys-passa-al-sistema-public-del-Regne-Unit-16x12.jpg 16w, https:\/\/percepcions.cat\/wp-content\/uploads\/2026\/09\/Una-escola-musulmana-que-imposa-el-hijab-a-nenes-de-7-anys-passa-al-sistema-public-del-Regne-Unit.jpg 1000w\" title=\"\"><\/a><div class=\"pt-cv-taxoterm over_top_left\"><a href='https:\/\/percepcions.cat\/es\/tag\/educacion\/' title='Educaci\u00f3' class='pt-cv-tax-educacio'>Educaci\u00f3<\/a><a href='https:\/\/percepcions.cat\/es\/tag\/reino-unido\/' title='Regne Unit' class='pt-cv-tax-regne-unit'>Regne Unit<\/a><a href='https:\/\/percepcions.cat\/es\/tag\/velo-burka\/' title='Vel-Burka' class='pt-cv-tax-vel-burka'>Vel-Burka<\/a><\/div><\/div>\n<h2 class=\"pt-cv-title\"><a href=\"https:\/\/percepcions.cat\/es\/una-escuela-que-impone-el-hiyab-pasa-al-sistema-publico-del-reino-unido\/\" class=\"_self cvplbd\" target=\"_self\" >Una escola musulmana que imposa el hijab a nenes de 7 anys passa al sistema p\u00fablic del Regne Unit<\/a><\/h2>\n<div class=\"pt-cv-meta-fields\"><span class=\"entry-date\"> <time datetime=\"2026-09-01T11:17:37+02:00\">1 de septiembre de 2026<\/time><\/span><\/div>\n<div class=\"pt-cv-content\">Els contribuents brit\u00e0nics pagaran un escola amb imams que verifiquen la pr\u00e0ctica religiosa familiar i obliga les nenes a cobrir-se els cabells.<\/div><\/div>\n<div class=\" pt-cv-content-item pt-cv-1-col\" data-pid=\"14604\"><div class=\"pt-cv-thumb-wrapper  \"><a href=\"https:\/\/percepcions.cat\/es\/el-reino-unido-detecta-presos-a-convertirse-en-el-islam-para-sobrevivir\/\" class=\"_self pt-cv-href-thumbnail pt-cv-thumb-default cvplbd cvp-lazy-container\" target=\"_self\" ><img loading=\"lazy\" decoding=\"async\" width=\"300\" height=\"200\" src=\"https:\/\/percepcions.cat\/wp-content\/plugins\/pt-content-views-pro\/public\/assets\/images\/lazy_image.png\" class=\"pt-cv-thumbnail img-none skip-lazy  cvplazy\" alt=\"El Regne Unit detecta que bandes musulmanes obliguen presos a convertir-se a l&#039;islam per sobreviure\" data-cvpsrc=\"https:\/\/percepcions.cat\/wp-content\/uploads\/2025\/06\/Lislam-es-refugi-per-a-pederastes-a-les-presons-britaniques-300x200.jpg\" data-cvpset=\"https:\/\/percepcions.cat\/wp-content\/uploads\/2025\/06\/Lislam-es-refugi-per-a-pederastes-a-les-presons-britaniques-300x200.jpg 300w, https:\/\/percepcions.cat\/wp-content\/uploads\/2025\/06\/Lislam-es-refugi-per-a-pederastes-a-les-presons-britaniques-18x12.jpg 18w, https:\/\/percepcions.cat\/wp-content\/uploads\/2025\/06\/Lislam-es-refugi-per-a-pederastes-a-les-presons-britaniques.jpg 750w\" title=\"\"><\/a><div class=\"pt-cv-taxoterm over_top_left\"><a href='https:\/\/percepcions.cat\/es\/tag\/reino-unido\/' title='Regne Unit' class='pt-cv-tax-regne-unit'>Regne Unit<\/a><\/div><\/div>\n<h2 class=\"pt-cv-title\"><a href=\"https:\/\/percepcions.cat\/es\/el-reino-unido-detecta-presos-a-convertirse-en-el-islam-para-sobrevivir\/\" class=\"_self cvplbd\" target=\"_self\" >El Regne Unit detecta que bandes musulmanes obliguen presos a convertir-se a l&#8217;islam per sobreviure<\/a><\/h2>\n<div class=\"pt-cv-meta-fields\"><span class=\"entry-date\"> <time datetime=\"2026-08-29T10:02:53+02:00\">29 de agosto de 2026<\/time><\/span><\/div>\n<div class=\"pt-cv-content\">Presos vulnerables entren sota el control de bandes musulmanes que els ofereixen \u201cprotecci\u00f3\u201d a canvi de submissi\u00f3 religiosa. La viol\u00e8ncia i la intimidaci\u00f3 fan la resta.<\/div><\/div>\n<div class=\" pt-cv-content-item pt-cv-1-col\" data-pid=\"14590\"><div class=\"pt-cv-thumb-wrapper  \"><a href=\"https:\/\/percepcions.cat\/es\/la-justicia-alemana-impide-laces-a-la-funcion-publica-a-una-persona-por-vinculos-con-los-hermanos-musulmanes\/\" class=\"_self pt-cv-href-thumbnail pt-cv-thumb-default cvplbd cvp-lazy-container\" target=\"_self\" ><img loading=\"lazy\" decoding=\"async\" width=\"300\" height=\"225\" src=\"https:\/\/percepcions.cat\/wp-content\/plugins\/pt-content-views-pro\/public\/assets\/images\/lazy_image.png\" class=\"pt-cv-thumbnail img-none skip-lazy  cvplazy\" alt=\"Alemanya impedeix ser funcionari per vincles amb els Germans Musulmans\" data-cvpsrc=\"https:\/\/percepcions.cat\/wp-content\/uploads\/2026\/08\/funcionaria-alemanya-1-300x225.jpg\" data-cvpset=\"https:\/\/percepcions.cat\/wp-content\/uploads\/2026\/08\/funcionaria-alemanya-1-300x225.jpg 300w, https:\/\/percepcions.cat\/wp-content\/uploads\/2026\/08\/funcionaria-alemanya-1-768x576.jpg 768w, https:\/\/percepcions.cat\/wp-content\/uploads\/2026\/08\/funcionaria-alemanya-1-16x12.jpg 16w, https:\/\/percepcions.cat\/wp-content\/uploads\/2026\/08\/funcionaria-alemanya-1.jpg 1000w\" title=\"\"><\/a><div class=\"pt-cv-taxoterm over_top_left\"><a href='https:\/\/percepcions.cat\/es\/tag\/alemanya\/' title='Alemanya' class='pt-cv-tax-alemanya'>Alemanya<\/a><a href='https:\/\/percepcions.cat\/es\/tag\/hermanos-musulmanes\/' title='Germans Musulmans' class='pt-cv-tax-germans-musulmans'>Germans Musulmans<\/a><\/div><\/div>\n<h2 class=\"pt-cv-title\"><a href=\"https:\/\/percepcions.cat\/es\/la-justicia-alemana-impide-laces-a-la-funcion-publica-a-una-persona-por-vinculos-con-los-hermanos-musulmanes\/\" class=\"_self cvplbd\" target=\"_self\" >Alemanya impedeix ser funcionari per vincles amb els Germans Musulmans<\/a><\/h2>\n<div class=\"pt-cv-meta-fields\"><span class=\"entry-date\"> <time datetime=\"2026-08-21T11:41:50+02:00\">21 de agosto de 2026<\/time><\/span><\/div>\n<div class=\"pt-cv-content\">L&#8217;Ajuntament de Karlsruhe va aturar el nomenament d&#8217;una dona pels informes d&#8217;intel\u00b7lig\u00e8ncia que la vinculaven amb estructures islamistes. La just\u00edcia avala la decisi\u00f3.<\/div><\/div><\/div><\/div>\n<div class=\"text-center pt-cv-pagination-wrapper\"><a href='https:\/\/percepcions.cat\/es\/wp-json\/wp\/v2\/posts\/3388\/?_page=2' onclick='event.preventDefault()' class=\"pt-cv-more btn btn-primary btn-sm\" data-totalpages=\"89\" data-nextpages=\"2\" data-sid=\"fcc74262ag\" data-unid=\"\" data-isblock=\"\" data-postid=\"\">M\u00e9s Percepcions <span class=\"caret\"><\/span><\/a><img loading=\"lazy\" decoding=\"async\" width=\"15\" height=\"15\" class=\"pt-cv-spinner\" alt=\"Cargando...\" src=\"data:image\/gif;base64,R0lGODlhDwAPALMPAMrKygwMDJOTkz09PZWVla+vr3p6euTk5M7OzuXl5TMzMwAAAJmZmWZmZszMzP\/\/\/yH\/C05FVFNDQVBFMi4wAwEAAAAh+QQFCgAPACwAAAAADwAPAAAEQvDJaZaZOIcV8iQK8VRX4iTYoAwZ4iCYoAjZ4RxejhVNoT+mRGP4cyF4Pp0N98sBGIBMEMOotl6YZ3S61Bmbkm4mAgAh+QQFCgAPACwAAAAADQANAAAENPDJSRSZeA418itN8QiK8BiLITVsFiyBBIoYqnoewAD4xPw9iY4XLGYSjkQR4UAUD45DLwIAIfkEBQoADwAsAAAAAA8ACQAABC\/wyVlamTi3nSdgwFNdhEJgTJoNyoB9ISYoQmdjiZPcj7EYCAeCF1gEDo4Dz2eIAAAh+QQFCgAPACwCAAAADQANAAAEM\/DJBxiYeLKdX3IJZT1FU0iIg2RNKx3OkZVnZ98ToRD4MyiDnkAh6BkNC0MvsAj0kMpHBAAh+QQFCgAPACwGAAAACQAPAAAEMDC59KpFDll73HkAA2wVY5KgiK5b0RRoI6MuzG6EQqCDMlSGheEhUAgqgUUAFRySIgAh+QQFCgAPACwCAAIADQANAAAEM\/DJKZNLND\/kkKaHc3xk+QAMYDKsiaqmZCxGVjSFFCxB1vwy2oOgIDxuucxAMTAJFAJNBAAh+QQFCgAPACwAAAYADwAJAAAEMNAs86q1yaWwwv2Ig0jUZx3OYa4XoRAfwADXoAwfo1+CIjyFRuEho60aSNYlOPxEAAAh+QQFCgAPACwAAAIADQANAAAENPA9s4y8+IUVcqaWJ4qEQozSoAzoIyhCK2NFU2SJk0hNnyEOhKR2AzAAj4Pj4GE4W0bkJQIAOw==\" title=\"\"><div class=\"clear pt-cv-clear-pagination\"><\/div><\/div><\/div>\t\t\t\t\t\t<style type=\"text\/css\" id=\"pt-cv-inline-style-e237387x7d\">\n#pt-cv-view-fcc74262ag .pt-cv-thumb-wrapper:not(.miniwrap) {  }#pt-cv-view-fcc74262ag .pt-cv-thumbnail:not(.pt-cv-thumbnailsm) { height: 250px; }#pt-cv-view-fcc74262ag > .pt-cv-page {grid-template-columns: repeat(3, 1fr);grid-gap: 15px;}\n@media all and (max-width: 1024px) { \n#pt-cv-view-fcc74262ag > .pt-cv-page {grid-template-columns: repeat(1, 1fr);}\n} \n@media all and (max-width: 767px) { \n#pt-cv-view-fcc74262ag > .pt-cv-page {grid-template-columns: repeat(1, 1fr);}\n} <\/style>\r\n\t\t\t\t\t\t\t\t\t<style type=\"text\/css\" id=\"pt-cv-inline-style-3948f4ceju\"> #pt-cv-view-fcc74262ag[class*='cveffect'] .pt-cv-thumb-wrapper, #pt-cv-view-fcc74262ag:not([class*='cveffect']) .pt-cv-thumbnail, #pt-cv-view-fcc74262ag  .cvp-responsive-image[style*=background-image] { border-width: 1px 1px 1px 1px }\n #pt-cv-view-fcc74262ag[class*='cveffect'] .pt-cv-thumb-wrapper, #pt-cv-view-fcc74262ag:not([class*='cveffect']) .pt-cv-thumbnail, #pt-cv-view-fcc74262ag  .cvp-responsive-image[style*=background-image] { border-style: solid }\n #pt-cv-view-fcc74262ag[class*='cveffect'] .pt-cv-thumb-wrapper, #pt-cv-view-fcc74262ag:not([class*='cveffect']) .pt-cv-thumbnail, #pt-cv-view-fcc74262ag  .cvp-responsive-image[style*=background-image] { border-color: #0f4c81 }\n#pt-cv-view-fcc74262ag .pt-cv-taxoterm * { font-family: 'Noto Sans', Arial, serif !important; color: #ffffff !important; background-color: #0f4c81 !important; font-weight: 600 !important; margin: 0px 5px 0px 0px !important; padding: 1px 6px 1px 6px !important; border-radius: 3px 3px 3px 3px !important; }\n#pt-cv-view-fcc74262ag .pt-cv-title a, #pt-cv-view-fcc74262ag  .panel-title { font-family: 'Noto Sans', Arial, serif !important; font-size: 24px !important; line-height: 1.3 !important; color: #000000 !important; font-weight: 600 !important; }\n#pt-cv-view-fcc74262ag .pt-cv-content , #pt-cv-view-fcc74262ag  .pt-cv-content *:not(.pt-cv-readmore):not(style):not(script) { font-family: 'Noto Sans', Arial, serif !important; font-size: 16px !important; line-height: 1.3 !important; }\n#pt-cv-view-fcc74262ag .pt-cv-meta-fields * { color: #000000 !important; }\n#pt-cv-view-fcc74262ag .pt-cv-readmore  { color: #ffffff !important; background-color: #00aeef !important; }\n#pt-cv-view-fcc74262ag .pt-cv-readmore:hover  { color: #ffffff !important; background-color: #00aeef !important; }\n#pt-cv-view-fcc74262ag  + .pt-cv-pagination-wrapper .pt-cv-more , #pt-cv-view-fcc74262ag  + .pt-cv-pagination-wrapper .pagination .active a, .pt-cv-pagination[data-sid='fcc74262ag'] .active a { font-size: 19px !important; line-height: 1.3 !important; color: #ffffff !important; background-color: #0f4c81 !important; font-weight: 600 !important; padding: 1px 6px 1px 6px !important; border-radius: 3px 3px 3px 3px !important; }\n#pt-cv-view-fcc74262ag { text-align: left; }<\/style>\r\n\t\t\t<link href='\/\/fonts.googleapis.com\/css?family=Noto+Sans' rel='stylesheet' type='text\/css'><\/div><\/div>\n","protected":false},"excerpt":{"rendered":"<p>Un m\u00e9dico y una enfermera musulmana confiesan cr\u00edmenes contra pacientes jud\u00edos en Australia.<\/p>","protected":false},"author":1,"featured_media":3390,"comment_status":"closed","ping_status":"closed","sticky":false,"template":"","format":"standard","meta":{"_uag_custom_page_level_css":"","site-sidebar-layout":"default","site-content-layout":"","ast-site-content-layout":"full-width-container","site-content-style":"default","site-sidebar-style":"default","ast-global-header-display":"","ast-banner-title-visibility":"","ast-main-header-display":"","ast-hfb-above-header-display":"","ast-hfb-below-header-display":"","ast-hfb-mobile-header-display":"","site-post-title":"disabled","ast-breadcrumbs-content":"","ast-featured-img":"","footer-sml-layout":"","ast-disable-related-posts":"","theme-transparent-header-meta":"","adv-header-id-meta":"","stick-header-meta":"","header-above-stick-meta":"","header-main-stick-meta":"","header-below-stick-meta":"","astra-migrate-meta-layouts":"default","ast-page-background-enabled":"default","ast-page-background-meta":{"desktop":{"background-color":"var(--ast-global-color-5)","background-image":"","background-repeat":"repeat","background-position":"center center","background-size":"auto","background-attachment":"scroll","background-type":"","background-media":"","overlay-type":"","overlay-color":"","overlay-opacity":"","overlay-gradient":""},"tablet":{"background-color":"","background-image":"","background-repeat":"repeat","background-position":"center center","background-size":"auto","background-attachment":"scroll","background-type":"","background-media":"","overlay-type":"","overlay-color":"","overlay-opacity":"","overlay-gradient":""},"mobile":{"background-color":"","background-image":"","background-repeat":"repeat","background-position":"center center","background-size":"auto","background-attachment":"scroll","background-type":"","background-media":"","overlay-type":"","overlay-color":"","overlay-opacity":"","overlay-gradient":""}},"ast-content-background-meta":{"desktop":{"background-color":"var(--ast-global-color-4)","background-image":"","background-repeat":"repeat","background-position":"center center","background-size":"auto","background-attachment":"scroll","background-type":"","background-media":"","overlay-type":"","overlay-color":"","overlay-opacity":"","overlay-gradient":""},"tablet":{"background-color":"var(--ast-global-color-4)","background-image":"","background-repeat":"repeat","background-position":"center center","background-size":"auto","background-attachment":"scroll","background-type":"","background-media":"","overlay-type":"","overlay-color":"","overlay-opacity":"","overlay-gradient":""},"mobile":{"background-color":"var(--ast-global-color-4)","background-image":"","background-repeat":"repeat","background-position":"center center","background-size":"auto","background-attachment":"scroll","background-type":"","background-media":"","overlay-type":"","overlay-color":"","overlay-opacity":"","overlay-gradient":""}},"footnotes":""},"categories":[3],"tags":[65,14],"class_list":["post-3388","post","type-post","status-publish","format-standard","has-post-thumbnail","hentry","category-islam","tag-australia","tag-videos"],"uagb_featured_image_src":{"full":["https:\/\/percepcions.cat\/wp-content\/uploads\/2025\/02\/metge-musulma.jpg",766,571,false],"thumbnail":["https:\/\/percepcions.cat\/wp-content\/uploads\/2025\/02\/metge-musulma-150x150.jpg",150,150,true],"medium":["https:\/\/percepcions.cat\/wp-content\/uploads\/2025\/02\/metge-musulma-300x224.jpg",300,224,true],"medium_large":["https:\/\/percepcions.cat\/wp-content\/uploads\/2025\/02\/metge-musulma.jpg",766,571,false],"large":["https:\/\/percepcions.cat\/wp-content\/uploads\/2025\/02\/metge-musulma.jpg",766,571,false],"1536x1536":["https:\/\/percepcions.cat\/wp-content\/uploads\/2025\/02\/metge-musulma.jpg",766,571,false],"2048x2048":["https:\/\/percepcions.cat\/wp-content\/uploads\/2025\/02\/metge-musulma.jpg",766,571,false],"trp-custom-language-flag":["https:\/\/percepcions.cat\/wp-content\/uploads\/2025\/02\/metge-musulma-16x12.jpg",16,12,true]},"uagb_author_info":{"display_name":"oriolseo@gmail.com","author_link":"https:\/\/percepcions.cat\/es\/author\/oriolseogmail-com\/"},"uagb_comment_info":0,"uagb_excerpt":"Un metge i una infermera musulmana confessen crims contra pacients jueus a Austr\u00e0lia.","_links":{"self":[{"href":"https:\/\/percepcions.cat\/es\/wp-json\/wp\/v2\/posts\/3388","targetHints":{"allow":["GET"]}}],"collection":[{"href":"https:\/\/percepcions.cat\/es\/wp-json\/wp\/v2\/posts"}],"about":[{"href":"https:\/\/percepcions.cat\/es\/wp-json\/wp\/v2\/types\/post"}],"author":[{"embeddable":true,"href":"https:\/\/percepcions.cat\/es\/wp-json\/wp\/v2\/users\/1"}],"replies":[{"embeddable":true,"href":"https:\/\/percepcions.cat\/es\/wp-json\/wp\/v2\/comments?post=3388"}],"version-history":[{"count":6,"href":"https:\/\/percepcions.cat\/es\/wp-json\/wp\/v2\/posts\/3388\/revisions"}],"predecessor-version":[{"id":6631,"href":"https:\/\/percepcions.cat\/es\/wp-json\/wp\/v2\/posts\/3388\/revisions\/6631"}],"wp:featuredmedia":[{"embeddable":true,"href":"https:\/\/percepcions.cat\/es\/wp-json\/wp\/v2\/media\/3390"}],"wp:attachment":[{"href":"https:\/\/percepcions.cat\/es\/wp-json\/wp\/v2\/media?parent=3388"}],"wp:term":[{"taxonomy":"category","embeddable":true,"href":"https:\/\/percepcions.cat\/es\/wp-json\/wp\/v2\/categories?post=3388"},{"taxonomy":"post_tag","embeddable":true,"href":"https:\/\/percepcions.cat\/es\/wp-json\/wp\/v2\/tags?post=3388"}],"curies":[{"name":"wp","href":"https:\/\/api.w.org\/{rel}","templated":true}]}}