{"id":13518,"date":"2026-05-01T14:57:00","date_gmt":"2026-05-01T12:57:00","guid":{"rendered":"https:\/\/percepcions.cat\/"},"modified":"2026-05-01T15:59:59","modified_gmt":"2026-05-01T13:59:59","slug":"candidatos-municipales-de-la-izquierda-a-italiano","status":"publish","type":"post","link":"https:\/\/percepcions.cat\/es\/candidatos-municipales-de-la-izquierda-a-italiano\/","title":{"rendered":"Candidatos municipales de la izquierda en Italia piden en bengal\u00ed o \u00e1rabe el voto &quot;en nombre de Al\u00e1&quot;\u201c"},"content":{"rendered":"\n<div class=\"wp-block-uagb-container uagb-block-9cb50b66 alignfull uagb-is-root-container\"><div class=\"uagb-container-inner-blocks-wrap\">\n<div class=\"wp-block-uagb-advanced-heading uagb-block-fa03ca8d\"><h1 class=\"uagb-heading-text\"><strong>Candidats municipals de l\u2019esquerra a It\u00e0lia demanen en bengal\u00ed o \u00e0rab el vot \u201cen nom d\u2019Al\u00b7l\u00e0\u201d<\/strong><br><\/h1><\/div>\n<\/div><\/div>\n\n\n\n<div class=\"wp-block-uagb-container uagb-block-57950bc9 alignfull uagb-is-root-container\"><div class=\"uagb-container-inner-blocks-wrap\">\n<div class=\"wp-block-uagb-advanced-heading uagb-block-e7f221fc\"><p class=\"uagb-heading-text\">Candidats musulmans, dones amb vels, cartells en lleng\u00fces estrangeres i crides religioses entren de ple en la campanya municipal del mes de maig. Ven\u00e8cia \u00e9s el cas m\u00e9s visible, amb set candidats de Bangladesh.<\/p><\/div>\n<\/div><\/div>\n\n\n\n<div class=\"wp-block-uagb-container uagb-block-2791000d alignfull uagb-is-root-container\"><div class=\"uagb-container-inner-blocks-wrap\"><div style=\"font-size:12px; padding-right:0;padding-left:0;\" class=\"wp-block-post-date\"><time datetime=\"2026-05-01T14:57:00+02:00\">1 de mayo de 2026<\/time><\/div><\/div><\/div>\n\n\n\n<div class=\"wp-block-uagb-container uagb-layout-flex uagb-block-3668bbc1 default uagb-is-root-container\"><\/div>\n\n\n\n<div class=\"wp-block-uagb-container uagb-block-c2d10651 alignfull uagb-is-root-container\"><div class=\"uagb-container-inner-blocks-wrap\">\n<div class=\"wp-block-uagb-container uagb-block-09c39753\">\n<div class=\"wp-block-uagb-container uagb-block-8640ecc5\">\n<div class=\"wp-block-uagb-advanced-heading uagb-block-1088a23c\"><p class=\"uagb-heading-text\">Propaganda electoral de les municipals a It\u00e0lia de 2026.<\/p><\/div>\n\n\n\n<div class=\"wp-block-uagb-advanced-heading uagb-block-6b74a682\"><\/div>\n<\/div>\n<\/div>\n\n\n\n<div class=\"wp-block-uagb-container uagb-block-470585bf\"><style type=\"text\/css\">.essb_links.essb_size_m .essb_link_svg_icon svg{height:18px;width:auto}.essb_links.essb_size_m .essb_icon{width:36px !important;height:36px !important}.essb_links.essb_size_m .essb_icon:before{font-size:18px !important;top:9px !important;left:9px !important}.essb_links.essb_size_m li a .essb_network_name{font-size:13px !important;font-weight:400 !important;line-height:12px !important}<\/style><div class=\"essb_links essb_displayed_shortcode essb_share essb_template_default4-retina essb_template_glow-retina essb_1635585611 essb_size_m essb_links_right essb_mobile_hidden print-no\" id=\"essb_displayed_shortcode_1635585611\" data-essb-postid=\"13518\" data-essb-position=\"shortcode\" data-essb-button-style=\"button\" data-essb-template=\"default4-retina essb_template_glow-retina\" data-essb-counter-pos=\"hidden\" data-essb-url=\"https:\/\/percepcions.cat\/es\/candidatos-municipales-de-la-izquierda-a-italiano\/\" data-essb-fullurl=\"https:\/\/percepcions.cat\/es\/candidatos-municipales-de-la-izquierda-a-italiano\/\" data-essb-instance=\"1635585611\"><ul class=\"essb_links_list\"><li class=\"essb_item essb_link_twitter nolightbox essb_link_twitter_x essb_link_svg_icon\"> <a href=\"https:\/\/x.com\/intent\/post?text=Candidats%20municipals%20de%20l\u2019esquerra%20a%20It\u00e0lia%20demanen%20en%20bengal\u00ed%20o%20\u00e0rab%20el%20vot%20\u201cen%20nom%20d\u2019Al\u00b7l\u00e0\u201d&amp;url=https%3A%2F%2Fpercepcions.cat%2Fes%2Fcandidatos-municipales-de-la-izquierda-a-italiano%2F&amp;hashtags=#Percepcions\" title=\"Share on Twitter\" onclick=\"essb.window(&#39;https:\/\/x.com\/intent\/post?text=Candidats%20municipals%20de%20l\u2019esquerra%20a%20It\u00e0lia%20demanen%20en%20bengal\u00ed%20o%20\u00e0rab%20el%20vot%20\u201cen%20nom%20d\u2019Al\u00b7l\u00e0\u201d&amp;url=https%3A%2F%2Fpercepcions.cat%2Fes%2Fcandidatos-municipales-de-la-izquierda-a-italiano%2F&amp;hashtags=#Percepcions&#39;,&#39;twitter&#39;,&#39;1635585611&#39;); return false;\" target=\"_blank\" rel=\"noreferrer noopener nofollow\" class=\"nolightbox essb-s-bg-twitter essb-s-c-light essb-s-ch-light essb-s-bgh-dark essb-s-bg-network\" ><span class=\"essb_icon essb_icon_twitter_x\"><svg class=\"essb-svg-icon essb-svg-icon-twitter_x\" aria-hidden=\"true\" role=\"img\" focusable=\"false\" viewBox=\"0 0 24 24\"><path d=\"M18.244 2.25h3.308l-7.227 8.26 8.502 11.24H16.17l-5.214-6.817L4.99 21.75H1.68l7.73-8.835L1.254 2.25H8.08l4.713 6.231zm-1.161 17.52h1.833L7.084 4.126H5.117z\"><\/path><\/svg><\/span><span class=\"essb_network_name\">Twitter<\/span><\/a><\/li><li class=\"essb_item essb_link_whatsapp nolightbox essb_link_svg_icon\"> <a href=\"whatsapp:\/\/send?text=Candidats%20municipals%20de%20l\u2019esquerra%20a%20It\u00e0lia%20demanen%20en%20bengal\u00ed%20o%20\u00e0rab%20el%20vot%20\u201cen%20nom%20d\u2019Al\u00b7l\u00e0\u201d%20https%3A%2F%2Fpercepcions.cat%2Fes%2Fcandidatos-municipales-de-la-izquierda-a-italiano%2F\" title=\"Share on WhatsApp\" onclick=\"essb.whatsapp('Candidats%20municipals%20de%20l\u2019esquerra%20a%20It\u00e0lia%20demanen%20en%20bengal\u00ed%20o%20\u00e0rab%20el%20vot%20\u201cen%20nom%20d\u2019Al\u00b7l\u00e0\u201d%20https%3A%2F%2Fpercepcions.cat%2Fes%2Fcandidatos-municipales-de-la-izquierda-a-italiano%2F', '1635585611'); return false;\" target=\"_blank\" rel=\"noreferrer noopener nofollow\" class=\"nolightbox essb-s-bg-whatsapp essb-s-c-light essb-s-ch-light essb-s-bgh-dark essb-s-bg-network\" ><span class=\"essb_icon essb_icon_whatsapp\"><svg class=\"essb-svg-icon essb-svg-icon-whatsapp\" aria-hidden=\"true\" role=\"img\" focusable=\"false\" width=\"32\" height=\"32\" viewBox=\"0 0 32 32\" xmlns=\"http:\/\/www.w3.org\/2000\/svg\"><path d=\"M27.313 4.625c-3-3-7-4.625-11.25-4.625-8.75 0-15.875 7.125-15.875 15.875 0 2.75 0.75 5.5 2.125 7.938l-2.25 8.188 8.438-2.188c2.313 1.25 4.875 1.938 7.563 1.938v0c0 0 0 0 0 0 8.75 0 15.875-7.125 15.875-15.875 0-4.25-1.625-8.25-4.625-11.25zM16.063 29.063v0c-2.375 0-4.688-0.625-6.688-1.875l-0.5-0.25-5 1.313 1.313-4.875-0.313-0.5c-1.313-2.125-2-4.5-2-7 0-7.313 5.938-13.188 13.188-13.188 3.5 0 6.813 1.375 9.313 3.875s3.875 5.813 3.875 9.313c0 7.25-5.938 13.188-13.188 13.188zM23.313 19.188c-0.438-0.188-2.375-1.188-2.75-1.313-0.313-0.125-0.625-0.188-0.875 0.188-0.25 0.438-1 1.313-1.25 1.563s-0.438 0.313-0.875 0.125c-0.375-0.188-1.625-0.625-3.188-2-1.125-1-1.938-2.313-2.188-2.75-0.25-0.375 0-0.563 0.188-0.813 0.188-0.125 0.375-0.438 0.563-0.688 0.25-0.188 0.313-0.375 0.438-0.625s0.063-0.5-0.063-0.688c-0.063-0.188-0.875-2.188-1.188-2.938-0.375-0.813-0.688-0.688-0.938-0.688-0.188 0-0.5 0-0.75 0s-0.688 0.063-1.063 0.438c-0.375 0.438-1.375 1.375-1.375 3.313 0 2 1.438 3.875 1.625 4.125s2.813 4.25 6.75 6c0.938 0.375 1.688 0.625 2.25 0.813 1 0.313 1.813 0.25 2.5 0.188 0.813-0.125 2.375-1 2.688-1.938 0.375-0.875 0.375-1.688 0.25-1.875-0.125-0.125-0.375-0.25-0.75-0.438z\"><\/path><\/svg><\/span><span class=\"essb_network_name\">WhatsApp<\/span><\/a><\/li><li class=\"essb_item essb_link_meneame nolightbox essb_link_svg_icon\"> <a href=\"http:\/\/www.meneame.net\/submit.php?url=https%3A%2F%2Fpercepcions.cat%2Fes%2Fcandidatos-municipales-de-la-izquierda-a-italiano%2F\" title=\"Share on Meneame\" onclick=\"essb.window(&#39;http:\/\/www.meneame.net\/submit.php?url=https%3A%2F%2Fpercepcions.cat%2Fes%2Fcandidatos-municipales-de-la-izquierda-a-italiano%2F&#39;,&#39;meneame&#39;,&#39;1635585611&#39;); return false;\" target=\"_blank\" rel=\"noreferrer noopener nofollow\" class=\"nolightbox essb-s-bg-meneame essb-s-c-light essb-s-ch-light essb-s-bgh-dark essb-s-bg-network\" ><span class=\"essb_icon essb_icon_meneame\"><svg class=\"essb-svg-icon essb-svg-icon-meneame\" aria-hidden=\"true\" role=\"img\" focusable=\"false\" xmlns=\"http:\/\/www.w3.org\/2000\/svg\" width=\"32\" height=\"32\" viewBox=\"0 0 97.75 97.75\"><path d=\"M48.875,0C21.882,0,0,21.883,0,48.875S21.882,97.75,48.875,97.75S97.75,75.867,97.75,48.875S75.868,0,48.875,0z M33.509,22.451C36.467,20,39.98,18.812,43.711,18.15c5.854-1.037,11.391,0.1,16.748,2.418c2.752,1.189,5.409,2.598,8.252,3.58c0.626,0.219,1.26,0.414,1.921,0.508c1.19,0.166,2.166-0.236,2.949-1.123c1.024-1.156,1.386-2.549,1.384-4.064c0.287-0.018,0.348,0.209,0.439,0.379c0.873,1.605,0.625,4.217-0.562,5.578c-1.24,1.424-2.892,1.678-4.646,1.475c-1.991-0.23-3.887-0.813-5.703-1.678c-3.415-1.629-6.879-3.131-10.59-3.971c-4.645-1.051-9.253-0.867-13.762,0.631c-6.564,2.18-10.016,8.703-8.229,15.398c1.031,3.863,3.204,6.906,6.598,9.057c1.469,0.932,3.088,1.223,4.795,1.201c1.729-0.025,3.413-0.361,5.101-0.682c0.291-0.055,0.576-0.127,1.029,0.008c-1.473,0.914-2.945,1.432-4.498,1.758c-2.274,0.479-4.557,0.479-6.829,0.041c-1.963-0.375-3.574-1.436-4.874-2.912c-2.574-2.928-4.43-6.234-4.979-10.156C27.502,30.221,29.386,25.867,33.509,22.451z M51.924,79.834c-3.04,0.246-6.084,0.385-9.135,0.43c-4.29,0.064-8.596,0.094-12.827-0.619c-6.876-1.158-12.204-4.58-14.791-11.334c-1.387-3.625-1.212-7.399-0.096-11.08c1.675-5.521,4.209-10.587,8.335-14.733c1.068-1.074,2.271-1.998,3.45-2.947c0.115-0.092,0.223-0.236,0.457-0.16c-0.054,0.35-0.252,0.617-0.442,0.889c-3.206,4.574-5.952,9.396-8.023,14.598c-1.442,3.623-1.788,7.324-0.836,11.109c1.18,4.686,4.299,7.578,8.695,9.279c3.188,1.231,6.512,1.823,9.883,2.223c4.687,0.553,9.39,0.924,14.085,1.379c0.451,0.043,0.898,0.168,1.34,0.287c0.213,0.057,0.485,0.145,0.457,0.432C52.441,79.916,52.132,79.816,51.924,79.834z M54.23,79.592c-0.146,0.199-0.308,0.451-0.604,0.348c-0.265-0.092-0.229-0.371-0.239-0.594c-0.07-1.59,0.188-3.154,0.334-4.729c0.211-2.256,0.59-4.5,0.381-6.785c-0.065-0.723-0.396-1.162-1.039-1.469c-1.896-0.91-3.929-1.205-5.984-1.406c-2.513-0.244-5.038-0.221-7.555-0.373c-0.159-0.008-0.314-0.041-0.472-0.062c4.862-0.799,9.715-1.236,14.604-0.65c2.328,0.279,2.771,0.756,2.826,3.105c0.088,3.719-0.434,7.362-1.486,10.93C54.816,78.5,54.6,79.084,54.23,79.592z M79.469,33.182c-1.754,1.672-3.908,2.707-6.031,3.787c-1.92,0.975-3.898,1.838-5.707,3.023c-1.969,1.289-3.603,2.861-4.146,5.262c-0.44,1.953-0.083,3.885,0.312,5.795c0.863,4.203,2.564,8.117,4.246,12.033c0.869,2.021,1.795,4.02,2.486,6.109c1.115,3.369,0.186,5.967-2.814,7.858c-2.156,1.359-4.572,1.955-7.053,2.351c-1.451,0.229-2.918,0.301-4.421,0.397c-0.313-0.104-0.901,0.246-0.997-0.192c-0.092-0.431,0.522-0.57,0.881-0.722c2.176-0.905,4.371-1.771,6.551-2.674c1.354-0.563,2.678-1.199,3.896-2.028c0.418-0.285,0.804-0.611,1.142-0.988c0.539-0.601,0.668-1.234,0.354-2.021c-1.655-4.148-3.506-8.223-4.957-12.451c-1.17-3.412-2.101-6.869-2.347-10.498c-0.29-4.279,1.191-7.606,4.885-9.897c1.74-1.08,3.611-1.887,5.482-2.695c2.313-1,4.604-2.025,6.633-3.576c3.037-2.316,4.035-5.424,3.775-9.09c-0.117-1.65-0.393-3.27-0.77-4.877c-0.044-0.184-0.292-0.451,0.035-0.594c0.297-0.127,0.453,0.102,0.582,0.336c0.988,1.799,1.762,3.662,2.005,5.729C83.957,27.529,82.217,30.559,79.469,33.182z\" \/><\/svg><\/span><span class=\"essb_network_name\">Meneame<\/span><\/a><\/li><li class=\"essb_item essb_link_telegram nolightbox essb_link_svg_icon\"> <a href=\"tg:\/\/msg?text=Candidats%20municipals%20de%20l\u2019esquerra%20a%20It\u00e0lia%20demanen%20en%20bengal\u00ed%20o%20\u00e0rab%20el%20vot%20\u201cen%20nom%20d\u2019Al\u00b7l\u00e0\u201d%20https%3A%2F%2Fpercepcions.cat%2Fes%2Fcandidatos-municipales-de-la-izquierda-a-italiano%2F\" title=\"Share on Telegram\" onclick=\"essb.tracking_only('', 'telegram', '1635585611', true);\" target=\"_blank\" rel=\"noreferrer noopener nofollow\" class=\"nolightbox essb-s-bg-telegram essb-s-c-light essb-s-ch-light essb-s-bgh-dark essb-s-bg-network\" ><span class=\"essb_icon essb_icon_telegram\"><svg class=\"essb-svg-icon essb-svg-icon-telegram\" aria-hidden=\"true\" role=\"img\" focusable=\"false\" width=\"28\" height=\"32\" viewBox=\"0 0 28 32\" xmlns=\"http:\/\/www.w3.org\/2000\/svg\"><path d=\"M27.919 6.162l-4.225 19.925c-0.319 1.406-1.15 1.756-2.331 1.094l-6.438-4.744-3.106 2.988c-0.344 0.344-0.631 0.631-1.294 0.631l0.463-6.556 11.931-10.781c0.519-0.463-0.113-0.719-0.806-0.256l-14.75 9.287-6.35-1.988c-1.381-0.431-1.406-1.381 0.288-2.044l24.837-9.569c1.15-0.431 2.156 0.256 1.781 2.013z\"><\/path><\/svg><\/span><span class=\"essb_network_name\">Telegram<\/span><\/a><\/li><\/ul><\/div>\n\n\n<style type=\"text\/css\"><\/style><div class=\"essb_links essb_displayed_shortcode essb_share essb_template_default4-retina essb_template_glow-retina essb_251217785 essb_size_m essb_links_center essb_tablet_hidden essb_desktop_hidden print-no\" id=\"essb_displayed_shortcode_251217785\" data-essb-postid=\"13518\" data-essb-position=\"shortcode\" data-essb-button-style=\"icon\" data-essb-template=\"default4-retina essb_template_glow-retina\" data-essb-counter-pos=\"hidden\" data-essb-url=\"https:\/\/percepcions.cat\/es\/candidatos-municipales-de-la-izquierda-a-italiano\/\" data-essb-fullurl=\"https:\/\/percepcions.cat\/es\/candidatos-municipales-de-la-izquierda-a-italiano\/\" data-essb-instance=\"251217785\"><ul class=\"essb_links_list essb_force_hide_name essb_force_hide\"><li class=\"essb_item essb_link_twitter nolightbox essb_link_twitter_x essb_link_svg_icon\"> <a href=\"https:\/\/x.com\/intent\/post?text=Candidats%20municipals%20de%20l\u2019esquerra%20a%20It\u00e0lia%20demanen%20en%20bengal\u00ed%20o%20\u00e0rab%20el%20vot%20\u201cen%20nom%20d\u2019Al\u00b7l\u00e0\u201d&amp;url=https%3A%2F%2Fpercepcions.cat%2Fes%2Fcandidatos-municipales-de-la-izquierda-a-italiano%2F&amp;hashtags=#Percepcions\" title=\"Share on Twitter\" onclick=\"essb.window(&#39;https:\/\/x.com\/intent\/post?text=Candidats%20municipals%20de%20l\u2019esquerra%20a%20It\u00e0lia%20demanen%20en%20bengal\u00ed%20o%20\u00e0rab%20el%20vot%20\u201cen%20nom%20d\u2019Al\u00b7l\u00e0\u201d&amp;url=https%3A%2F%2Fpercepcions.cat%2Fes%2Fcandidatos-municipales-de-la-izquierda-a-italiano%2F&amp;hashtags=#Percepcions&#39;,&#39;twitter&#39;,&#39;251217785&#39;); return false;\" target=\"_blank\" rel=\"noreferrer noopener nofollow\" class=\"nolightbox essb-s-bg-twitter essb-s-c-light essb-s-ch-light essb-s-bgh-dark essb-s-bg-network\" ><span class=\"essb_icon essb_icon_twitter_x\"><svg class=\"essb-svg-icon essb-svg-icon-twitter_x\" aria-hidden=\"true\" role=\"img\" focusable=\"false\" viewBox=\"0 0 24 24\"><path d=\"M18.244 2.25h3.308l-7.227 8.26 8.502 11.24H16.17l-5.214-6.817L4.99 21.75H1.68l7.73-8.835L1.254 2.25H8.08l4.713 6.231zm-1.161 17.52h1.833L7.084 4.126H5.117z\"><\/path><\/svg><\/span><span class=\"essb_network_name essb_noname\"><\/span><\/a><\/li><li class=\"essb_item essb_link_whatsapp nolightbox essb_link_svg_icon\"> <a href=\"whatsapp:\/\/send?text=Candidats%20municipals%20de%20l\u2019esquerra%20a%20It\u00e0lia%20demanen%20en%20bengal\u00ed%20o%20\u00e0rab%20el%20vot%20\u201cen%20nom%20d\u2019Al\u00b7l\u00e0\u201d%20https%3A%2F%2Fpercepcions.cat%2Fes%2Fcandidatos-municipales-de-la-izquierda-a-italiano%2F\" title=\"Share on WhatsApp\" onclick=\"essb.whatsapp('Candidats%20municipals%20de%20l\u2019esquerra%20a%20It\u00e0lia%20demanen%20en%20bengal\u00ed%20o%20\u00e0rab%20el%20vot%20\u201cen%20nom%20d\u2019Al\u00b7l\u00e0\u201d%20https%3A%2F%2Fpercepcions.cat%2Fes%2Fcandidatos-municipales-de-la-izquierda-a-italiano%2F', '251217785'); return false;\" target=\"_blank\" rel=\"noreferrer noopener nofollow\" class=\"nolightbox essb-s-bg-whatsapp essb-s-c-light essb-s-ch-light essb-s-bgh-dark essb-s-bg-network\" ><span class=\"essb_icon essb_icon_whatsapp\"><svg class=\"essb-svg-icon essb-svg-icon-whatsapp\" aria-hidden=\"true\" role=\"img\" focusable=\"false\" width=\"32\" height=\"32\" viewBox=\"0 0 32 32\" xmlns=\"http:\/\/www.w3.org\/2000\/svg\"><path d=\"M27.313 4.625c-3-3-7-4.625-11.25-4.625-8.75 0-15.875 7.125-15.875 15.875 0 2.75 0.75 5.5 2.125 7.938l-2.25 8.188 8.438-2.188c2.313 1.25 4.875 1.938 7.563 1.938v0c0 0 0 0 0 0 8.75 0 15.875-7.125 15.875-15.875 0-4.25-1.625-8.25-4.625-11.25zM16.063 29.063v0c-2.375 0-4.688-0.625-6.688-1.875l-0.5-0.25-5 1.313 1.313-4.875-0.313-0.5c-1.313-2.125-2-4.5-2-7 0-7.313 5.938-13.188 13.188-13.188 3.5 0 6.813 1.375 9.313 3.875s3.875 5.813 3.875 9.313c0 7.25-5.938 13.188-13.188 13.188zM23.313 19.188c-0.438-0.188-2.375-1.188-2.75-1.313-0.313-0.125-0.625-0.188-0.875 0.188-0.25 0.438-1 1.313-1.25 1.563s-0.438 0.313-0.875 0.125c-0.375-0.188-1.625-0.625-3.188-2-1.125-1-1.938-2.313-2.188-2.75-0.25-0.375 0-0.563 0.188-0.813 0.188-0.125 0.375-0.438 0.563-0.688 0.25-0.188 0.313-0.375 0.438-0.625s0.063-0.5-0.063-0.688c-0.063-0.188-0.875-2.188-1.188-2.938-0.375-0.813-0.688-0.688-0.938-0.688-0.188 0-0.5 0-0.75 0s-0.688 0.063-1.063 0.438c-0.375 0.438-1.375 1.375-1.375 3.313 0 2 1.438 3.875 1.625 4.125s2.813 4.25 6.75 6c0.938 0.375 1.688 0.625 2.25 0.813 1 0.313 1.813 0.25 2.5 0.188 0.813-0.125 2.375-1 2.688-1.938 0.375-0.875 0.375-1.688 0.25-1.875-0.125-0.125-0.375-0.25-0.75-0.438z\"><\/path><\/svg><\/span><span class=\"essb_network_name essb_noname\"><\/span><\/a><\/li><li class=\"essb_item essb_link_meneame nolightbox essb_link_svg_icon\"> <a href=\"http:\/\/www.meneame.net\/submit.php?url=https%3A%2F%2Fpercepcions.cat%2Fes%2Fcandidatos-municipales-de-la-izquierda-a-italiano%2F\" title=\"Share on Meneame\" onclick=\"essb.window(&#39;http:\/\/www.meneame.net\/submit.php?url=https%3A%2F%2Fpercepcions.cat%2Fes%2Fcandidatos-municipales-de-la-izquierda-a-italiano%2F&#39;,&#39;meneame&#39;,&#39;251217785&#39;); return false;\" target=\"_blank\" rel=\"noreferrer noopener nofollow\" class=\"nolightbox essb-s-bg-meneame essb-s-c-light essb-s-ch-light essb-s-bgh-dark essb-s-bg-network\" ><span class=\"essb_icon essb_icon_meneame\"><svg class=\"essb-svg-icon essb-svg-icon-meneame\" aria-hidden=\"true\" role=\"img\" focusable=\"false\" xmlns=\"http:\/\/www.w3.org\/2000\/svg\" width=\"32\" height=\"32\" viewBox=\"0 0 97.75 97.75\"><path d=\"M48.875,0C21.882,0,0,21.883,0,48.875S21.882,97.75,48.875,97.75S97.75,75.867,97.75,48.875S75.868,0,48.875,0z M33.509,22.451C36.467,20,39.98,18.812,43.711,18.15c5.854-1.037,11.391,0.1,16.748,2.418c2.752,1.189,5.409,2.598,8.252,3.58c0.626,0.219,1.26,0.414,1.921,0.508c1.19,0.166,2.166-0.236,2.949-1.123c1.024-1.156,1.386-2.549,1.384-4.064c0.287-0.018,0.348,0.209,0.439,0.379c0.873,1.605,0.625,4.217-0.562,5.578c-1.24,1.424-2.892,1.678-4.646,1.475c-1.991-0.23-3.887-0.813-5.703-1.678c-3.415-1.629-6.879-3.131-10.59-3.971c-4.645-1.051-9.253-0.867-13.762,0.631c-6.564,2.18-10.016,8.703-8.229,15.398c1.031,3.863,3.204,6.906,6.598,9.057c1.469,0.932,3.088,1.223,4.795,1.201c1.729-0.025,3.413-0.361,5.101-0.682c0.291-0.055,0.576-0.127,1.029,0.008c-1.473,0.914-2.945,1.432-4.498,1.758c-2.274,0.479-4.557,0.479-6.829,0.041c-1.963-0.375-3.574-1.436-4.874-2.912c-2.574-2.928-4.43-6.234-4.979-10.156C27.502,30.221,29.386,25.867,33.509,22.451z M51.924,79.834c-3.04,0.246-6.084,0.385-9.135,0.43c-4.29,0.064-8.596,0.094-12.827-0.619c-6.876-1.158-12.204-4.58-14.791-11.334c-1.387-3.625-1.212-7.399-0.096-11.08c1.675-5.521,4.209-10.587,8.335-14.733c1.068-1.074,2.271-1.998,3.45-2.947c0.115-0.092,0.223-0.236,0.457-0.16c-0.054,0.35-0.252,0.617-0.442,0.889c-3.206,4.574-5.952,9.396-8.023,14.598c-1.442,3.623-1.788,7.324-0.836,11.109c1.18,4.686,4.299,7.578,8.695,9.279c3.188,1.231,6.512,1.823,9.883,2.223c4.687,0.553,9.39,0.924,14.085,1.379c0.451,0.043,0.898,0.168,1.34,0.287c0.213,0.057,0.485,0.145,0.457,0.432C52.441,79.916,52.132,79.816,51.924,79.834z M54.23,79.592c-0.146,0.199-0.308,0.451-0.604,0.348c-0.265-0.092-0.229-0.371-0.239-0.594c-0.07-1.59,0.188-3.154,0.334-4.729c0.211-2.256,0.59-4.5,0.381-6.785c-0.065-0.723-0.396-1.162-1.039-1.469c-1.896-0.91-3.929-1.205-5.984-1.406c-2.513-0.244-5.038-0.221-7.555-0.373c-0.159-0.008-0.314-0.041-0.472-0.062c4.862-0.799,9.715-1.236,14.604-0.65c2.328,0.279,2.771,0.756,2.826,3.105c0.088,3.719-0.434,7.362-1.486,10.93C54.816,78.5,54.6,79.084,54.23,79.592z M79.469,33.182c-1.754,1.672-3.908,2.707-6.031,3.787c-1.92,0.975-3.898,1.838-5.707,3.023c-1.969,1.289-3.603,2.861-4.146,5.262c-0.44,1.953-0.083,3.885,0.312,5.795c0.863,4.203,2.564,8.117,4.246,12.033c0.869,2.021,1.795,4.02,2.486,6.109c1.115,3.369,0.186,5.967-2.814,7.858c-2.156,1.359-4.572,1.955-7.053,2.351c-1.451,0.229-2.918,0.301-4.421,0.397c-0.313-0.104-0.901,0.246-0.997-0.192c-0.092-0.431,0.522-0.57,0.881-0.722c2.176-0.905,4.371-1.771,6.551-2.674c1.354-0.563,2.678-1.199,3.896-2.028c0.418-0.285,0.804-0.611,1.142-0.988c0.539-0.601,0.668-1.234,0.354-2.021c-1.655-4.148-3.506-8.223-4.957-12.451c-1.17-3.412-2.101-6.869-2.347-10.498c-0.29-4.279,1.191-7.606,4.885-9.897c1.74-1.08,3.611-1.887,5.482-2.695c2.313-1,4.604-2.025,6.633-3.576c3.037-2.316,4.035-5.424,3.775-9.09c-0.117-1.65-0.393-3.27-0.77-4.877c-0.044-0.184-0.292-0.451,0.035-0.594c0.297-0.127,0.453,0.102,0.582,0.336c0.988,1.799,1.762,3.662,2.005,5.729C83.957,27.529,82.217,30.559,79.469,33.182z\" \/><\/svg><\/span><span class=\"essb_network_name essb_noname\"><\/span><\/a><\/li><li class=\"essb_item essb_link_telegram nolightbox essb_link_svg_icon\"> <a href=\"tg:\/\/msg?text=Candidats%20municipals%20de%20l\u2019esquerra%20a%20It\u00e0lia%20demanen%20en%20bengal\u00ed%20o%20\u00e0rab%20el%20vot%20\u201cen%20nom%20d\u2019Al\u00b7l\u00e0\u201d%20https%3A%2F%2Fpercepcions.cat%2Fes%2Fcandidatos-municipales-de-la-izquierda-a-italiano%2F\" title=\"Share on Telegram\" onclick=\"essb.tracking_only('', 'telegram', '251217785', true);\" target=\"_blank\" rel=\"noreferrer noopener nofollow\" class=\"nolightbox essb-s-bg-telegram essb-s-c-light essb-s-ch-light essb-s-bgh-dark essb-s-bg-network\" ><span class=\"essb_icon essb_icon_telegram\"><svg class=\"essb-svg-icon essb-svg-icon-telegram\" aria-hidden=\"true\" role=\"img\" focusable=\"false\" width=\"28\" height=\"32\" viewBox=\"0 0 28 32\" xmlns=\"http:\/\/www.w3.org\/2000\/svg\"><path d=\"M27.919 6.162l-4.225 19.925c-0.319 1.406-1.15 1.756-2.331 1.094l-6.438-4.744-3.106 2.988c-0.344 0.344-0.631 0.631-1.294 0.631l0.463-6.556 11.931-10.781c0.519-0.463-0.113-0.719-0.806-0.256l-14.75 9.287-6.35-1.988c-1.381-0.431-1.406-1.381 0.288-2.044l24.837-9.569c1.15-0.431 2.156 0.256 1.781 2.013z\"><\/path><\/svg><\/span><span class=\"essb_network_name essb_noname\"><\/span><\/a><\/li><\/ul><\/div>\n<\/div>\n<\/div><\/div>\n\n\n\n<div class=\"wp-block-uagb-container uagb-block-09d8541d alignfull uagb-is-root-container\"><div class=\"uagb-container-inner-blocks-wrap\">\n<div class=\"wp-block-uagb-advanced-heading uagb-block-32e654e9\"><p class=\"uagb-heading-text\">Les eleccions municipals del 24 i 25 de maig a It\u00e0lia han obert un nou front pol\u00edtic: <strong>candidatures de l&#8217;esquerra tradicional o plataformes locals han incorporat candidats musulmans, cartells en lleng\u00fces estrangeres, dones amb vel i missatges religiosos<\/strong> adre\u00e7ats directament a immigrants. <\/p><\/div>\n\n\n\n<div class=\"wp-block-uagb-advanced-heading uagb-block-2f952b52\"><p class=\"uagb-heading-text\">El que fins ara es presentava com a integraci\u00f3 comen\u00e7a a mostrar una altra cara. Ara les identitats religioses s&#8217;han convertit en eina electoral i reivindicacions com la construcci\u00f3 de mesquites o la segregaci\u00f3 de g\u00e8nere entren a les institucions municipals. Ven\u00e8cia, Agrigent i Lecco s\u00f3n tres exemples de la <strong>introducci\u00f3 de s\u00edmbols, llenguatge i agendes vinculades a l\u2019islam dins la vida pol\u00edtica italiana.<\/strong><\/p><\/div>\n\n\n\n<div class=\"wp-block-uagb-advanced-heading uagb-block-7d2fc2b0\"><h2 class=\"uagb-heading-text\">Ven\u00e8cia inundada per l&#8217;islam de la m\u00e0 del Partit Dem\u00f2crata<\/h2><\/div>\n\n\n\n<div class=\"wp-block-uagb-advanced-heading uagb-block-90624fe9\"><p class=\"uagb-heading-text\">El Partit Dem\u00f2crata \u00e9s el gran partit del centreesquerra itali\u00e0, hereu de l\u2019espai postcomunista i socialdem\u00f2crata. A Ven\u00e8cia, el PD es presenta a les municipals del 24 i 25 de maig amb Andrea Martella i <strong>un equip que inclou set candidats d\u2019origen bangladeshi<\/strong>. El cas crida l&#8217;atenci\u00f3 perqu\u00e8 <strong>fan campanya dirigida expl\u00edcitament a electors amb origens a Bangladesh, amb fulletons en bengal\u00ed, invocacions religioses <\/strong>i una reivindicaci\u00f3 molt clara al fons: <strong>la construcci\u00f3 d\u2019una nova mesquita<\/strong>. Els cartells que han enc\u00e8s en bengal\u00ed incorporen la bandera de Bangladesh i obren amb la f\u00f3rmula: \u201c<strong>En el nom d\u2019Al\u00b7l\u00e0, el Clement, el Misericordi\u00f3s<\/strong>\u201d. Aquesta campanya electoral no parla al conjunt dels ve\u00efns de Ven\u00e8cia, sin\u00f3 a una comunitat concreta, en la seva llengua d\u2019origen i amb una invocaci\u00f3 demanda isl\u00e0mica al capdavant.<\/p><\/div>\n\n\n<div class=\"pt-cv-wrapper\"><div class=\"pt-cv-view pt-cv-overlaygrid iscvblock iscvhybrid pt-cv-clickable overlay6 layout1\" id=\"pt-cv-view-e33544do8k\"><div data-id=\"pt-cv-page-1\" class=\"pt-cv-page\" data-cvc=\"2\"><div class=\" pt-cv-content-item pt-cv-1-col cv-main-post\"  data-pid=\"11881\"><div class=\"pt-cv-thumb-wrapper  \"><a href=\"https:\/\/percepcions.cat\/es\/escuelas-del-canada-reciben-una-guia-oficial-de-adaptacion-al-islam-con-salas-doraciones-acomodaciones-y-censura-preventiva\/\" class=\"_self pt-cv-href-thumbnail pt-cv-thumb-default cvplbd\" target=\"_self\" ><img loading=\"lazy\" decoding=\"async\" width=\"1011\" height=\"582\" src=\"https:\/\/percepcions.cat\/wp-content\/uploads\/2025\/12\/escoles-canada.jpg\" class=\"pt-cv-thumbnail img-none\" alt=\"Escoles del Canad\u00e0 reben una guia oficial d\u2019adaptaci\u00f3 a l\u2019islam amb sales d\u2019oraci\u00f3, acomodacions i censura preventiva\" srcset=\"https:\/\/percepcions.cat\/wp-content\/uploads\/2025\/12\/escoles-canada.jpg 1011w, https:\/\/percepcions.cat\/wp-content\/uploads\/2025\/12\/escoles-canada-300x173.jpg 300w, https:\/\/percepcions.cat\/wp-content\/uploads\/2025\/12\/escoles-canada-768x442.jpg 768w, https:\/\/percepcions.cat\/wp-content\/uploads\/2025\/12\/escoles-canada-18x10.jpg 18w\" sizes=\"auto, (max-width: 1011px) 100vw, 1011px\" title=\"\"><\/a><\/div>\n<div class=\"pt-cv-overlay-wrapper\"><div class=\"pt-cv-meta-fields\"><span class=\"terms\"> <a href=\"https:\/\/percepcions.cat\/es\/tag\/canada\/\" title=\"Canad\u00e0\" class=\"pt-cv-tax-canada\">Canad\u00e0<\/a>, <a href=\"https:\/\/percepcions.cat\/es\/tag\/educacion\/\" title=\"Educaci\u00f3\" class=\"pt-cv-tax-educacio\">Educaci\u00f3<\/a>, <a href=\"https:\/\/percepcions.cat\/es\/tag\/hermanos-musulmanes\/\" title=\"Germans Musulmans\" class=\"pt-cv-tax-germans-musulmans\">Germans Musulmans<\/a><\/span><\/div><p class=\"pt-cv-title\"><a href=\"https:\/\/percepcions.cat\/es\/escuelas-del-canada-reciben-una-guia-oficial-de-adaptacion-al-islam-con-salas-doraciones-acomodaciones-y-censura-preventiva\/\" class=\"_self cvplbd\" target=\"_self\" >Escoles del Canad\u00e0 reben una guia oficial d\u2019adaptaci\u00f3 a l\u2019islam amb sales d\u2019oraci\u00f3, acomodacions i censura preventiva<\/a><\/p><\/div><\/div><\/div><\/div><\/div>\t\t\t<style type=\"text\/css\" id=\"pt-cv-inline-style-bf3783eja8\">#pt-cv-view-e33544do8k .pt-cv-thumb-wrapper::before {background: rgba(0,0,0,.4); opacity: 0.8;}#pt-cv-view-e33544do8k .pt-cv-overlay-wrapper {justify-content: center;}\n#pt-cv-view-e33544do8k > .pt-cv-page {grid-auto-rows: 250px;grid-template-rows: calc(250px*1.5);grid-gap: 15px;}\n@media all and (max-width: 1024px) { \n#pt-cv-view-e33544do8k > .pt-cv-page {}\n} \n@media all and (max-width: 767px) { \n#pt-cv-view-e33544do8k > .pt-cv-page {}\n} <\/style>\r\n\t\t\t\t\t\t<style type=\"text\/css\" id=\"pt-cv-inline-style-a867543lf5\">#pt-cv-view-e33544do8k .pt-cv-title a, #pt-cv-view-e33544do8k  .panel-title { font-size: 22px !important; line-height: 1.3 !important; background-color: #0f4181 !important; font-weight: 600 !important; margin: 0px 0px 0px 0px !important; display: block !important; padding: 2px 5px 1px 5px !important; }\n#pt-cv-view-e33544do8k .pt-cv-content , #pt-cv-view-e33544do8k  .pt-cv-content *:not(.pt-cv-readmore):not(style):not(script) { font-size: 18px !important; line-height: 1.3 !important; }\n#pt-cv-view-e33544do8k .pt-cv-readmore  { color: #ffffff !important; background-color: #00aeef !important; }\n#pt-cv-view-e33544do8k .pt-cv-readmore:hover  { color: #ffffff !important; background-color: #00aeef !important; }<\/style>\r\n\t\t\t\n\n\n<div class=\"wp-block-uagb-advanced-heading uagb-block-57e35d71\"><p class=\"uagb-heading-text\">La comunitat bangladeshi de Ven\u00e8cia. Segons <a href=\"https:\/\/www.ilgiornale.it\/news\/politica\/lislam-invade-venezia-sette-candidati-col-pd-e-volantini-su-2657168.html\" rel=\"nofollow noopener\" target=\"_blank\">Il Giornale<\/a>,<strong> pot arribar a unes 20.000 persones i disposa d\u2019uns 4.000 vots potencials<\/strong>, una xifra prou important per condicionar una elecci\u00f3 municipal ajustada. El conflicte s\u2019ha agreujat perqu\u00e8 la campanya coincideix amb la batalla per la mesquita. La Lliga ha respost amb anuncis als autobusos municipals amb el lema \u201c<strong>No a la mesquita, voteu la Lliga<\/strong>\u201d. La resposta dels candidats vinculats al PD ha estat presentar aquests cartells com una ofensa als musulmans i com un missatge d\u2019odi cultural. <\/p><\/div>\n\n\n\n<div class=\"wp-block-uagb-advanced-heading uagb-block-325d1ab2\"><p class=\"uagb-heading-text\">Per\u00f2 el centredreta ha elevat el debat m\u00e9s enll\u00e0 de la mesquita. Ermelinda Damiano, presidenta del Consell Municipal de Ven\u00e8cia i candidata de la llista c\u00edvica ha assenyalat el fons del problema:<strong> no \u00e9s nom\u00e9s una q\u00fcesti\u00f3 d\u2019origen, sin\u00f3 de model de societat<\/strong>. Segons Damiano,<strong> una visi\u00f3 del m\u00f3n que normalitza el vel, la submissi\u00f3 femenina i la manca de llibertat de les dones per vestir, estudiar o tenir independ\u00e8ncia econ\u00f2mica \u00e9s incompatible amb els valors sobre els quals s\u2019ha constru\u00eft la conviv\u00e8ncia civil<\/strong>.<\/p><\/div>\n\n\n\n<div class=\"wp-block-uagb-advanced-heading uagb-block-5f88014b\"><h2 class=\"uagb-heading-text\">A Lecco hi ha deu candidats musulmans i relacions amb una mesquita pol\u00e8mica<\/h2><\/div>\n\n\n\n<div class=\"wp-block-uagb-advanced-heading uagb-block-53e0b0c2\"><p class=\"uagb-heading-text\">A Lecco, la situaci\u00f3 adopta una altra forma. Segons les informacions recollides per la premsa italiana, hi ha aproximadament deu candidats musulmans en un sol municipi de mida mitjana. Entre ells hi figura Hicham Bouraghba, candidat de l\u2019Alian\u00e7a Verds i Esquerra, una formaci\u00f3 vinculada a l\u2019esquerra ecologista i postcomunista. Bouraghba apareix relacionat amb l\u2019associaci\u00f3 \u201cLa Citt\u00e0\u201d, centre cultural isl\u00e0mic de Via Promessi Sposi, que <strong>ha estat envoltat de pol\u00e8mica per la seva proximitat a imams radicals i per la demanda d\u2019espais separats per a homes i dones<\/strong>.<br><\/p><\/div>\n\n\n\n<div class=\"wp-block-uagb-advanced-heading uagb-block-b696e04e\"><p class=\"uagb-heading-text\">La pol\u00e8mica no surt del no-res. A Lecco, l\u2019alcalde d\u2019esquerres Mauro Gattinoni ja havia participat en un iftar, el sopar de ruptura del dejuni del Ramad\u00e0 organitzat pel centre cultural musulm\u00e0 de la ciutat. Carlo Piazza, candidat a vicealcalde per la Lliga, va advertir que la q\u00fcesti\u00f3 ja no era nom\u00e9s religiosa, sin\u00f3 pol\u00edtica: <strong>es preguntava si Lecco acabaria seguint el cam\u00ed d\u2019altres municipis governats per l\u2019esquerra que han arribat a tancar escoles per celebrar el final del Ramad\u00e0<\/strong>.<\/p><\/div>\n\n\n\n<div class=\"wp-block-uagb-container uagb-block-7de4926b alignfull uagb-is-root-container\"><div class=\"uagb-container-inner-blocks-wrap\"><div class=\"pt-cv-wrapper\"><div class=\"pt-cv-view pt-cv-overlaygrid iscvblock iscvhybrid pt-cv-clickable overlay6 layout1\" id=\"pt-cv-view-dc5cf2akc8\"><div data-id=\"pt-cv-page-1\" class=\"pt-cv-page\" data-cvc=\"2\"><div class=\" pt-cv-content-item pt-cv-1-col cv-main-post\"  data-pid=\"8108\"><div class=\"pt-cv-thumb-wrapper  \"><a href=\"https:\/\/percepcions.cat\/es\/cae-a-castellbisbal-nuevo-catalan-yihadista-entrenado-en-armas-de-guerra\/\" class=\"_self pt-cv-href-thumbnail pt-cv-thumb-default cvplbd\" target=\"_self\"><img loading=\"lazy\" decoding=\"async\" width=\"920\" height=\"614\" src=\"https:\/\/percepcions.cat\/wp-content\/uploads\/2025\/06\/17495456020557.webp\" class=\"pt-cv-thumbnail img-none\" alt=\"Cau a Castellbisbal nou catal\u00e0 gihadista entrenat en armes de guerra\" srcset=\"https:\/\/percepcions.cat\/wp-content\/uploads\/2025\/06\/17495456020557.webp 920w, https:\/\/percepcions.cat\/wp-content\/uploads\/2025\/06\/17495456020557-300x200.webp 300w, https:\/\/percepcions.cat\/wp-content\/uploads\/2025\/06\/17495456020557-768x513.webp 768w, https:\/\/percepcions.cat\/wp-content\/uploads\/2025\/06\/17495456020557-18x12.webp 18w\" sizes=\"auto, (max-width: 920px) 100vw, 920px\" title=\"\"><\/a><\/div>\n<div class=\"pt-cv-overlay-wrapper\"><div class=\"pt-cv-meta-fields\"><span class=\"terms\"> <a href=\"https:\/\/percepcions.cat\/es\/tag\/catalunya\/\" title=\"Catalunya\" class=\"pt-cv-tax-catalunya\">Catalunya<\/a>, <a href=\"https:\/\/percepcions.cat\/es\/tag\/yihad\/\" title=\"Gihadistes\" class=\"pt-cv-tax-gihad\">Gihadistes<\/a><\/span><\/div><p class=\"pt-cv-title\"><a href=\"https:\/\/percepcions.cat\/es\/cae-a-castellbisbal-nuevo-catalan-yihadista-entrenado-en-armas-de-guerra\/\" class=\"_self cvplbd\" target=\"_self\">Cau a Castellbisbal nou catal\u00e0 gihadista entrenat en armes de guerra<\/a><\/p><\/div><\/div><\/div><\/div><\/div>\t\t\t<style type=\"text\/css\" id=\"pt-cv-inline-style-c82886a6ca\">#pt-cv-view-dc5cf2akc8 .pt-cv-thumb-wrapper::before {background: rgba(0,0,0,.4); opacity: 0.8;}#pt-cv-view-dc5cf2akc8 .pt-cv-overlay-wrapper {justify-content: center;}\n#pt-cv-view-dc5cf2akc8 > .pt-cv-page {grid-auto-rows: 250px;grid-template-rows: calc(250px*1.5);grid-gap: 15px;}\n@media all and (max-width: 1024px) { \n#pt-cv-view-dc5cf2akc8 > .pt-cv-page {}\n} \n@media all and (max-width: 767px) { \n#pt-cv-view-dc5cf2akc8 > .pt-cv-page {}\n} <\/style>\r\n\t\t\t\t\t\t<style type=\"text\/css\" id=\"pt-cv-inline-style-ea4fab830a\">#pt-cv-view-dc5cf2akc8 .pt-cv-title a, #pt-cv-view-dc5cf2akc8  .panel-title { font-size: 22px !important; line-height: 1.3 !important; background-color: #0f4181 !important; font-weight: 600 !important; margin: 0px 0px 0px 0px !important; display: block !important; padding: 2px 5px 1px 5px !important; }\n#pt-cv-view-dc5cf2akc8 .pt-cv-content , #pt-cv-view-dc5cf2akc8  .pt-cv-content *:not(.pt-cv-readmore):not(style):not(script) { font-size: 18px !important; line-height: 1.3 !important; }\n#pt-cv-view-dc5cf2akc8 .pt-cv-readmore  { color: #ffffff !important; background-color: #00aeef !important; }\n#pt-cv-view-dc5cf2akc8 .pt-cv-readmore:hover  { color: #ffffff !important; background-color: #00aeef !important; }<\/style>\r\n\t\t\t<\/div><\/div>\n\n\n\n<div class=\"wp-block-uagb-advanced-heading uagb-block-fee8375d\"><h2 class=\"uagb-heading-text\">A Agrigento una conversa a l\u2019islam diu que Al\u00b7l\u00e0 i el D\u00e9u cristi\u00e0 son el mateix<br><\/h2><\/div>\n\n\n\n<div class=\"wp-block-uagb-advanced-heading uagb-block-fd99763e\"><p class=\"uagb-heading-text\">A Agrigento, el cas gira al voltant de <strong>Carmela Lombardi<\/strong>, una napolitana conversa a l\u2019islam que es presenta a les municipals dins una plataforma ciutadana que encap\u00e7ala <strong>Giuseppe Di Rosa<\/strong>. El seu material electoral combina itali\u00e0 i \u00e0rab, la mostra amb hiyab i inclou un missatge religi\u00f3s expl\u00edcit: <strong>\u201cD\u00e9u \u00e9s un de sol: Al\u00b7l\u00e0 per al musulm\u00e0, D\u00e9u per al cristi\u00e0, per\u00f2 sempre el mateix \u00fanic creador\u201d<\/strong>. La candidatura tamb\u00e9 incorpora <strong>Adnane Khezar<\/strong>, empresari marroqu\u00ed, i ha enc\u00e8s la pol\u00e8mica perqu\u00e8 situa la identitat isl\u00e0mica al centre de la campanya municipal.<\/p><\/div>\n\n\n\n<div class=\"wp-block-uagb-advanced-heading uagb-block-9d8417ea\"><p class=\"uagb-heading-text\">La controv\u00e8rsia va comen\u00e7ar a les xarxes, amb cr\u00edtiques contra la pres\u00e8ncia de candidats musulmans a la llista. <strong>El cap de llista els ha defensat i ha dit que tenir-los amb ell \u00e9s \u201cun orgull\u201d<\/strong> i els presenta com una f\u00f3rmula de conviv\u00e8ncia. Per\u00f2 el cartell va molt m\u00e9s enll\u00e0 d\u2019una proposta local: <strong>introdueix l\u2019\u00e0rab, el vel i una afirmaci\u00f3 teol\u00f2gica en plena campanya electoral<\/strong>.<\/p><\/div>\n\n\n\n<div class=\"wp-block-uagb-image uagb-block-2940240c wp-block-uagb-image--layout-default wp-block-uagb-image--effect-static wp-block-uagb-image--align-none\"><figure class=\"wp-block-uagb-image__figure\"><img decoding=\"async\" srcset=\"https:\/\/percepcions.cat\/wp-content\/uploads\/2026\/05\/Candidats-municipals-de-lesquerra-Italia.jpg ,https:\/\/percepcions.cat\/wp-content\/uploads\/2026\/05\/Candidats-municipals-de-lesquerra-Italia.jpg 780w, https:\/\/percepcions.cat\/wp-content\/uploads\/2026\/05\/Candidats-municipals-de-lesquerra-Italia.jpg 360w\" sizes=\"auto, (max-width: 480px) 150px\" src=\"https:\/\/percepcions.cat\/wp-content\/uploads\/2026\/05\/Candidats-municipals-de-lesquerra-Italia.jpg\" alt=\"\" class=\"uag-image-13534\" width=\"438\" height=\"650\" title=\"Candidats municipals de l\u2019esquerra Italia\" loading=\"lazy\" role=\"img\"><figcaption class=\"uagb-image-caption\">Publicitat de Carmela Lombardi a Agrigento<\/figcaption><\/figure><\/div>\n\n\n\n<div class=\"wp-block-uagb-advanced-heading uagb-block-5ac04987\"><h2 class=\"uagb-heading-text\">Candidatures per representar una comunitat, no els ciutadans<\/h2><\/div>\n\n\n\n<div class=\"wp-block-uagb-advanced-heading uagb-block-c1bcd9aa\"><p class=\"uagb-heading-text\">La cr\u00edtica principal del centredreta itali\u00e0 \u00e9s que  aquestes candidatures no estarn plantejades per representar el conjunt dels ve\u00efns, sin\u00f3 per mobilitzar comunitats concretes. Raffaele Speranzon, senador de Fratelli d\u2019Italia, ho ha resumit dient que <strong>el cas de Ven\u00e8cia sembla \u201cun reconeixement de facto de la separaci\u00f3\u201d: una comunitat que es representa a si mateixa, no a la ciutat<\/strong>. La Lliga tamb\u00e9 ha posat el focus en el mateix punt. Segons Brunello Riccardo, candidat de la Lliga a Ven\u00e8cia-Mestre, l\u2019\u00fas de lemes en bengal\u00ed i refer\u00e8ncies religioses com \u201cen nom d\u2019Al\u00b7l\u00e0\u201d planteja una pregunta pol\u00edtica de fons: fins a quin punt es pot barrejar fe i institucions en una campanya electoral municipal. El problema, per als cr\u00edtics, no \u00e9s nom\u00e9s que hi hagi candidats musulmans, sin\u00f3 que la campanya es dirigeixi a una comunitat tancada amb llengua pr\u00f2pia, s\u00edmbols propis i una agenda pr\u00f2pia.<br><\/p><\/div>\n\n\n\n<div class=\"wp-block-uagb-advanced-heading uagb-block-a4246470\"><p class=\"uagb-heading-text\">Aquest debat pot cr\u00e9ixer encara m\u00e9s el 2027. Francesco Tieri, del moviment \u201cMusulmans per Roma\u201d, ha fet servir el cas de Lecco com a exemple: si en cadascun dels 2.000 municipis que votaran el 2027 hi hagu\u00e9s deu candidats musulmans, <strong>It\u00e0lia podria arribar a veure 20.000 candidats d\u2019aquest perfil en una sola convocat\u00f2ria<\/strong>. \u00c9s una projecci\u00f3 pol\u00edtica, per\u00f2 serveix per entendre l\u2019alerta: all\u00f2 que avui sembla anecd\u00f2tic en algunes ciutats pot convertir-se en una estrat\u00e8gia nacional de pres\u00e8ncia institucional.<br><\/p><\/div>\n\n\n\n<div class=\"wp-block-uagb-container uagb-block-c3b6b73e\">\n<div class=\"wp-block-uagb-advanced-heading uagb-block-f1682e42\"><p class=\"uagb-heading-text\"><strong>M\u00e9s Percepcions de<\/strong><\/p><\/div>\n\n\n<div class=\"taxonomy-post_tag has-text-align-center wp-block-post-terms has-medium-font-size\"><a href=\"https:\/\/percepcions.cat\/es\/tag\/italiano\/\" rel=\"tag\">It\u00e0lia<\/a><\/div><\/div>\n\n\n\n<div class=\"wp-block-uagb-container uagb-block-d7a40ae3\">\n<div class=\"wp-block-uagb-separator uagb-block-62e0be67\"><div class=\"uagb-separator-spacing-wrapper\"><div class=\"wp-block-uagb-separator__inner\" style=\"--my-background-image:\"><\/div><\/div><\/div>\n\n\n\n<div class=\"wp-block-uagb-advanced-heading uagb-block-2845545d\"><p class=\"uagb-heading-text\">M\u00e9s sobre It\u00e0lia<\/p><\/div>\n\n\n<div class=\"pt-cv-wrapper\"><div class=\"pt-cv-view pt-cv-onebig iscvblock iscvhybrid above-others onebig1 layout1 pt-cv-pgloadmore\" id=\"pt-cv-view-37a2f89kf4\"><div data-id=\"pt-cv-page-1\" class=\"pt-cv-page\" data-cvc=\"1\"><div class=\" pt-cv-content-item pt-cv-2-col cv-main-post\"  data-pid=\"13518\"><div class=\"pt-cv-thumb-wrapper  \"><a href=\"https:\/\/percepcions.cat\/es\/candidatos-municipales-de-la-izquierda-a-italiano\/\" class=\"_self pt-cv-href-thumbnail pt-cv-thumb-default cvplbd cvp-lazy-container\" target=\"_self\"><img loading=\"lazy\" decoding=\"async\" width=\"300\" height=\"203\" src=\"https:\/\/percepcions.cat\/wp-content\/plugins\/pt-content-views-pro\/public\/assets\/images\/lazy_image.png\" class=\"pt-cv-thumbnail img-none skip-lazy  cvplazy\" alt=\"Candidats municipals de l\u2019esquerra a It\u00e0lia demanen en bengal\u00ed o \u00e0rab el vot \u201cen nom d\u2019Al\u00b7l\u00e0\u201d\" data-cvpsrc=\"https:\/\/percepcions.cat\/wp-content\/uploads\/2026\/05\/Candidats-municipals-de-lesquerra-a-Italia-demanen-300x203.jpg\" data-cvpset=\"https:\/\/percepcions.cat\/wp-content\/uploads\/2026\/05\/Candidats-municipals-de-lesquerra-a-Italia-demanen-300x203.jpg 300w, https:\/\/percepcions.cat\/wp-content\/uploads\/2026\/05\/Candidats-municipals-de-lesquerra-a-Italia-demanen-1024x691.jpg 1024w, https:\/\/percepcions.cat\/wp-content\/uploads\/2026\/05\/Candidats-municipals-de-lesquerra-a-Italia-demanen-768x518.jpg 768w, https:\/\/percepcions.cat\/wp-content\/uploads\/2026\/05\/Candidats-municipals-de-lesquerra-a-Italia-demanen-18x12.jpg 18w, https:\/\/percepcions.cat\/wp-content\/uploads\/2026\/05\/Candidats-municipals-de-lesquerra-a-Italia-demanen.jpg 1080w\" title=\"\"><\/a><\/div>\n<p class=\"pt-cv-title\"><a href=\"https:\/\/percepcions.cat\/es\/candidatos-municipales-de-la-izquierda-a-italiano\/\" class=\"_self cvplbd\" target=\"_self\">Candidats municipals de l\u2019esquerra a It\u00e0lia demanen en bengal\u00ed o \u00e0rab el vot \u201cen nom d\u2019Al\u00b7l\u00e0\u201d<\/a><\/p>\n<div class=\"pt-cv-taxoterm below_title\"><a href=\"https:\/\/percepcions.cat\/es\/tag\/italiano\/\" title=\"It\u00e0lia\" class=\"pt-cv-tax-italia\">It\u00e0lia<\/a><\/div>\n<div class=\"pt-cv-meta-fields\"><span class=\"entry-date\"> <time datetime=\"2026-05-01T14:57:00+02:00\">1 de mayo de 2026<\/time><\/span><\/div>\n<div class=\"pt-cv-content\">Candidats musulmans, dones amb vels, cartells en lleng\u00fces estrangeres i crides religioses entren de ple en la campanya municipal del mes de maig. Ven\u00e8cia \u00e9s el cas m\u00e9s visible, amb set candidats de Bangladesh.<\/div><\/div>\n<div class=\" pt-cv-content-item pt-cv-2-col\"  data-pid=\"12473\"><p class=\"pt-cv-title pt-cv-titlesm\"><a href=\"https:\/\/percepcions.cat\/es\/lideres-musulmanes-en-italiano-exigen-a-un-comercio-que-retire-la-figura-de-un-cerdo\/\" class=\"_self cvplbd\" target=\"_self\">Un l\u00edder musulm\u00e0 a It\u00e0lia exigeix a un comer\u00e7 que retiri la figura d&#8217;un porc<\/a><\/p>\n<div class=\"pt-cv-taxoterm below_title\"><a href=\"https:\/\/percepcions.cat\/es\/tag\/halal\/\" title=\"Halal\" class=\"pt-cv-tax-halal\">Halal<\/a><a href=\"https:\/\/percepcions.cat\/es\/tag\/italiano\/\" title=\"It\u00e0lia\" class=\"pt-cv-tax-italia\">It\u00e0lia<\/a><\/div>\n<div class=\"pt-cv-meta-fields\"><span class=\"entry-date\"> <time datetime=\"2026-01-30T10:18:32+01:00\">30 de enero de 2026<\/time><\/span><\/div>\n<div class=\"pt-cv-content\">El representant de la comunitat isl\u00e0mica de Padova sol\u00b7licita retirar un porquet d\u2019un aparador perqu\u00e8 fereix la sensibilitat religiosa.<\/div><\/div>\n<div class=\" pt-cv-content-item pt-cv-2-col\"  data-pid=\"12436\"><p class=\"pt-cv-title pt-cv-titlesm\"><a href=\"https:\/\/percepcions.cat\/es\/a-los-nueve-anos-se-una-mujer-dice-un-iman-en-italiano-ante-la-camara\/\" class=\"_self cvplbd\" target=\"_self\">\u00abAls nou anys \u00e9s una dona\u00bb, diu un imam a It\u00e0lia davant la c\u00e0mera<\/a><\/p>\n<div class=\"pt-cv-taxoterm below_title\"><a href=\"https:\/\/percepcions.cat\/es\/tag\/italiano\/\" title=\"It\u00e0lia\" class=\"pt-cv-tax-italia\">It\u00e0lia<\/a><a href=\"https:\/\/percepcions.cat\/es\/tag\/videos\/\" title=\"V\u00eddeos\" class=\"pt-cv-tax-videos\">V\u00eddeos<\/a><\/div>\n<div class=\"pt-cv-meta-fields\"><span class=\"entry-date\"> <time datetime=\"2026-01-26T10:16:08+01:00\">26 de enero de 2026<\/time><\/span><\/div>\n<div class=\"pt-cv-content\">Una investigaci\u00f3 amb c\u00e0mera oculta a Brescia mostra un l\u00edder espiritual que afirma que casar-se amb una nena de 9 anys \u00e9s correcte perqu\u00e8 &#8220;\u00e9s una dona&#8221;.<\/div><\/div>\n<div class=\" pt-cv-content-item pt-cv-2-col\"  data-pid=\"11869\"><p class=\"pt-cv-title pt-cv-titlesm\"><a href=\"https:\/\/percepcions.cat\/es\/alla-akbar-contra-el-pesebre-de-brescia\/\" class=\"_self cvplbd\" target=\"_self\">Allah Akbar contra el pessebre de Brescia<\/a><\/p>\n<div class=\"pt-cv-taxoterm below_title\"><a href=\"https:\/\/percepcions.cat\/es\/tag\/alla-akbar\/\" title=\"Allah akbar\" class=\"pt-cv-tax-allah-akbar\">Allah akbar<\/a><a href=\"https:\/\/percepcions.cat\/es\/tag\/cristianofobia\/\" title=\"Cristianof\u00f2bia\" class=\"pt-cv-tax-cristianofobia\">Cristianof\u00f2bia<\/a><a href=\"https:\/\/percepcions.cat\/es\/tag\/italiano\/\" title=\"It\u00e0lia\" class=\"pt-cv-tax-italia\">It\u00e0lia<\/a><\/div>\n<div class=\"pt-cv-meta-fields\"><span class=\"entry-date\"> <time datetime=\"2025-12-19T10:11:24+01:00\">19 de diciembre de 2025<\/time><\/span><\/div>\n<div class=\"pt-cv-content\">Un home va trencar el bra\u00e7 d&#8217;un pastor del pessebre de l&#8217;ajuntament al crit d&#8217;Allah Akbar a plena llum del dia. La policia el va aturar i ara investiguen la motivaci\u00f3.<\/div><\/div>\n<div class=\" pt-cv-content-item pt-cv-2-col\"  data-pid=\"11461\"><p class=\"pt-cv-title pt-cv-titlesm\"><a href=\"https:\/\/percepcions.cat\/es\/los-musulmanes-italianos-planean-ganar-las-elecciones-con-un-millon-de-votos-para-la-sharia\/\" class=\"_self cvplbd\" target=\"_self\">Un projecte pol\u00edtic isl\u00e0mic a It\u00e0lia busca \u201cun mili\u00f3 de vots per a la sharia\u201d<\/a><\/p>\n<div class=\"pt-cv-taxoterm below_title\"><a href=\"https:\/\/percepcions.cat\/es\/tag\/hermanos-musulmanes\/\" title=\"Germans Musulmans\" class=\"pt-cv-tax-germans-musulmans\">Germans Musulmans<\/a><a href=\"https:\/\/percepcions.cat\/es\/tag\/italiano\/\" title=\"It\u00e0lia\" class=\"pt-cv-tax-italia\">It\u00e0lia<\/a><\/div>\n<div class=\"pt-cv-meta-fields\"><span class=\"entry-date\"> <time datetime=\"2025-11-21T16:39:46+01:00\">21 de noviembre de 2025<\/time><\/span><\/div>\n<div class=\"pt-cv-content\">Els musulmans a It\u00e0lia tenen l\u00edder, programa, votants i un pla que \u00e9s el vell somni dels Germans Musulmans.<\/div><\/div>\n<div class=\" pt-cv-content-item pt-cv-2-col\"  data-pid=\"11378\"><p class=\"pt-cv-title pt-cv-titlesm\"><a href=\"https:\/\/percepcions.cat\/es\/una-asesora-de-educacion-ditalia-regana-a-los-profesores-por-tener-mirada-colonial\/\" class=\"_self cvplbd\" target=\"_self\">Una assessora d\u2019educaci\u00f3 d\u2019It\u00e0lia renya els professors per tenir \u201cmirada colonial\u201d<\/a><\/p>\n<div class=\"pt-cv-taxoterm below_title\"><a href=\"https:\/\/percepcions.cat\/es\/tag\/educacion\/\" title=\"Educaci\u00f3\" class=\"pt-cv-tax-educacio\">Educaci\u00f3<\/a><a href=\"https:\/\/percepcions.cat\/es\/tag\/italiano\/\" title=\"It\u00e0lia\" class=\"pt-cv-tax-italia\">It\u00e0lia<\/a><\/div>\n<div class=\"pt-cv-meta-fields\"><span class=\"entry-date\"> <time datetime=\"2025-11-18T05:03:00+01:00\">18 de noviembre de 2025<\/time><\/span><\/div>\n<div class=\"pt-cv-content\">L\u2019antiga esgl\u00e9sia del complex dels Ex-Riuniti de Bergamo ha acabat en mans d\u2019una associaci\u00f3 musulmana despr\u00e9s d\u2019un litigi judicial amb la Regi\u00f3 de Llombardia.<\/div><\/div><\/div><\/div>\n<div class=\"text-center pt-cv-pagination-wrapper\"><a href=\"https:\/\/percepcions.cat\/es\/wp-json\/wp\/v2\/posts\/13518\/?_page=2\" onclick=\"event.preventDefault()\" class=\"pt-cv-more btn btn-primary btn-sm\" data-totalpages=\"3\" data-nextpages=\"2\" data-sid=\"37a2f89kf4\" data-unid=\"\" data-isblock=\"\" data-postid=\"\">M\u00e9s sobre It\u00e0lia <span class=\"caret\"><\/span><\/a><img loading=\"lazy\" decoding=\"async\" width=\"15\" height=\"15\" class=\"pt-cv-spinner\" alt=\"Cargando...\" src=\"data:image\/gif;base64,R0lGODlhDwAPALMPAMrKygwMDJOTkz09PZWVla+vr3p6euTk5M7OzuXl5TMzMwAAAJmZmWZmZszMzP\/\/\/yH\/C05FVFNDQVBFMi4wAwEAAAAh+QQFCgAPACwAAAAADwAPAAAEQvDJaZaZOIcV8iQK8VRX4iTYoAwZ4iCYoAjZ4RxejhVNoT+mRGP4cyF4Pp0N98sBGIBMEMOotl6YZ3S61Bmbkm4mAgAh+QQFCgAPACwAAAAADQANAAAENPDJSRSZeA418itN8QiK8BiLITVsFiyBBIoYqnoewAD4xPw9iY4XLGYSjkQR4UAUD45DLwIAIfkEBQoADwAsAAAAAA8ACQAABC\/wyVlamTi3nSdgwFNdhEJgTJoNyoB9ISYoQmdjiZPcj7EYCAeCF1gEDo4Dz2eIAAAh+QQFCgAPACwCAAAADQANAAAEM\/DJBxiYeLKdX3IJZT1FU0iIg2RNKx3OkZVnZ98ToRD4MyiDnkAh6BkNC0MvsAj0kMpHBAAh+QQFCgAPACwGAAAACQAPAAAEMDC59KpFDll73HkAA2wVY5KgiK5b0RRoI6MuzG6EQqCDMlSGheEhUAgqgUUAFRySIgAh+QQFCgAPACwCAAIADQANAAAEM\/DJKZNLND\/kkKaHc3xk+QAMYDKsiaqmZCxGVjSFFCxB1vwy2oOgIDxuucxAMTAJFAJNBAAh+QQFCgAPACwAAAYADwAJAAAEMNAs86q1yaWwwv2Ig0jUZx3OYa4XoRAfwADXoAwfo1+CIjyFRuEho60aSNYlOPxEAAAh+QQFCgAPACwAAAIADQANAAAENPA9s4y8+IUVcqaWJ4qEQozSoAzoIyhCK2NFU2SJk0hNnyEOhKR2AzAAj4Pj4GE4W0bkJQIAOw==\" title=\"\"><div class=\"clear pt-cv-clear-pagination\"><\/div><\/div><\/div>\t\t\t<style type=\"text\/css\" id=\"pt-cv-inline-style-36943f1h9w\">\n#pt-cv-view-37a2f89kf4 .pt-cv-thumb-wrapper.miniwrap { width: 40%; }#pt-cv-view-37a2f89kf4 .pt-cv-thumbnailsm {  }#pt-cv-view-37a2f89kf4 > .pt-cv-page {grid-template-columns: repeat(1, 1fr);grid-gap: 15px;}\n@media all and (max-width: 1024px) { \n#pt-cv-view-37a2f89kf4 > .pt-cv-page {grid-template-columns: repeat(1, 1fr);}\n} \n@media all and (max-width: 767px) { \n#pt-cv-view-37a2f89kf4 > .pt-cv-page {grid-template-columns: repeat(1, 1fr);}\n} <\/style>\r\n\t\t\t\t\t\t<style type=\"text\/css\" id=\"pt-cv-inline-style-4b796aei3m\"> #pt-cv-view-37a2f89kf4[class*='cveffect'] .pt-cv-thumb-wrapper, #pt-cv-view-37a2f89kf4:not([class*='cveffect']) .pt-cv-thumbnail, #pt-cv-view-37a2f89kf4  .cvp-responsive-image[style*=background-image] { border-width: 1px 1px 1px 1px }\n #pt-cv-view-37a2f89kf4[class*='cveffect'] .pt-cv-thumb-wrapper, #pt-cv-view-37a2f89kf4:not([class*='cveffect']) .pt-cv-thumbnail, #pt-cv-view-37a2f89kf4  .cvp-responsive-image[style*=background-image] { border-style: solid }\n #pt-cv-view-37a2f89kf4[class*='cveffect'] .pt-cv-thumb-wrapper, #pt-cv-view-37a2f89kf4:not([class*='cveffect']) .pt-cv-thumbnail, #pt-cv-view-37a2f89kf4  .cvp-responsive-image[style*=background-image] { border-color: #0f4c81 }\n#pt-cv-view-37a2f89kf4 .pt-cv-taxoterm * { font-family: 'Noto Sans', Arial, serif !important; color: #ffffff !important; background-color: #0f4c81 !important; font-weight: 600 !important; margin: 0px 5px 0px 0px !important; padding: 1px 6px 1px 6px !important; border-radius: 3px 3px 3px 3px !important; }\n#pt-cv-view-37a2f89kf4 .pt-cv-title a, #pt-cv-view-37a2f89kf4  .panel-title { font-family: 'Noto Sans', Arial, serif !important; font-size: 20px !important; line-height: 1.3 !important; color: #000000 !important; font-weight: 600 !important; }\n@media (max-width: 767px) {#pt-cv-view-37a2f89kf4 .pt-cv-title a, #pt-cv-view-37a2f89kf4  .panel-title { font-size: 22px !important }}\n#pt-cv-view-37a2f89kf4 .pt-cv-content , #pt-cv-view-37a2f89kf4  .pt-cv-content *:not(.pt-cv-readmore):not(style):not(script) { font-family: 'Noto Sans', Arial, serif !important; font-size: 16px !important; line-height: 1.3 !important; }\n#pt-cv-view-37a2f89kf4 .pt-cv-meta-fields * { color: #000000 !important; }\n#pt-cv-view-37a2f89kf4 .pt-cv-readmore  { color: #ffffff !important; background-color: #00aeef !important; }\n#pt-cv-view-37a2f89kf4 .pt-cv-readmore:hover  { color: #ffffff !important; background-color: #00aeef !important; }\n#pt-cv-view-37a2f89kf4  + .pt-cv-pagination-wrapper .pt-cv-more , #pt-cv-view-37a2f89kf4  + .pt-cv-pagination-wrapper .pagination .active a, .pt-cv-pagination[data-sid='37a2f89kf4'] .active a { font-size: 19px !important; line-height: 1.3 !important; color: #ffffff !important; background-color: #0f4c81 !important; font-weight: 600 !important; padding: 1px 6px 1px 6px !important; border-radius: 3px 3px 3px 3px !important; }<\/style>\r\n\t\t\t<link href='\/\/fonts.googleapis.com\/css?family=Noto+Sans' rel='stylesheet' type='text\/css'><\/div>\n<\/div><\/div>\n\n\n\n<div class=\"wp-block-uagb-separator uagb-block-b4e2299a\"><div class=\"wp-block-uagb-separator__inner\" style=\"--my-background-image:\"><\/div><\/div>\n\n\n\n<div class=\"wp-block-uagb-container uagb-block-5c916982 alignfull uagb-is-root-container\"><div class=\"uagb-container-inner-blocks-wrap\"><div class=\"pt-cv-wrapper\"><div class=\"pt-cv-view pt-cv-blockgrid iscvblock iscvhybrid grid1 layout1 pt-cv-pgloadmore\" id=\"pt-cv-view-a6d38d031z\"><div data-id=\"pt-cv-page-1\" class=\"pt-cv-page\" data-cvc=\"3\"><div class=\" pt-cv-content-item pt-cv-1-col\"  data-pid=\"13518\"><div class=\"pt-cv-thumb-wrapper  \"><a href=\"https:\/\/percepcions.cat\/es\/candidatos-municipales-de-la-izquierda-a-italiano\/\" class=\"_self pt-cv-href-thumbnail pt-cv-thumb-default cvplbd\" target=\"_self\"><img loading=\"lazy\" decoding=\"async\" width=\"768\" height=\"518\" src=\"https:\/\/percepcions.cat\/wp-content\/uploads\/2026\/05\/Candidats-municipals-de-lesquerra-a-Italia-demanen-768x518.jpg\" class=\"pt-cv-thumbnail img-none\" alt=\"Candidats municipals de l\u2019esquerra a It\u00e0lia demanen en bengal\u00ed o \u00e0rab el vot \u201cen nom d\u2019Al\u00b7l\u00e0\u201d\" srcset=\"https:\/\/percepcions.cat\/wp-content\/uploads\/2026\/05\/Candidats-municipals-de-lesquerra-a-Italia-demanen-768x518.jpg 768w, https:\/\/percepcions.cat\/wp-content\/uploads\/2026\/05\/Candidats-municipals-de-lesquerra-a-Italia-demanen-300x203.jpg 300w, https:\/\/percepcions.cat\/wp-content\/uploads\/2026\/05\/Candidats-municipals-de-lesquerra-a-Italia-demanen-1024x691.jpg 1024w, https:\/\/percepcions.cat\/wp-content\/uploads\/2026\/05\/Candidats-municipals-de-lesquerra-a-Italia-demanen-18x12.jpg 18w, https:\/\/percepcions.cat\/wp-content\/uploads\/2026\/05\/Candidats-municipals-de-lesquerra-a-Italia-demanen.jpg 1080w\" sizes=\"auto, (max-width: 768px) 100vw, 768px\" title=\"\"><\/a><div class=\"pt-cv-taxoterm over_top_left\"><a href=\"https:\/\/percepcions.cat\/es\/tag\/italiano\/\" title=\"It\u00e0lia\" class=\"pt-cv-tax-italia\">It\u00e0lia<\/a><\/div><\/div>\n<p class=\"pt-cv-title\"><a href=\"https:\/\/percepcions.cat\/es\/candidatos-municipales-de-la-izquierda-a-italiano\/\" class=\"_self cvplbd\" target=\"_self\">Candidats municipals de l\u2019esquerra a It\u00e0lia demanen en bengal\u00ed o \u00e0rab el vot \u201cen nom d\u2019Al\u00b7l\u00e0\u201d<\/a><\/p>\n<div class=\"pt-cv-meta-fields\"><span class=\"entry-date\"> <time datetime=\"2026-05-01T14:57:00+02:00\">1 de mayo de 2026<\/time><\/span><\/div>\n<div class=\"pt-cv-content\">Candidats musulmans, dones amb vels, cartells en lleng\u00fces estrangeres i crides religioses entren de ple en la campanya municipal del mes de maig. Ven\u00e8cia \u00e9s el cas m\u00e9s visible, amb set candidats de Bangladesh.<\/div><\/div>\n<div class=\" pt-cv-content-item pt-cv-1-col\"  data-pid=\"13493\"><div class=\"pt-cv-thumb-wrapper  \"><a href=\"https:\/\/percepcions.cat\/es\/una-extension-de-navegador-muestra-el-grado-de-inmigracion-criminalidad\/\" class=\"_self pt-cv-href-thumbnail pt-cv-thumb-default cvplbd\" target=\"_self\"><img loading=\"lazy\" decoding=\"async\" width=\"751\" height=\"535\" src=\"https:\/\/percepcions.cat\/wp-content\/uploads\/2026\/04\/omvf5.jpg\" class=\"pt-cv-thumbnail img-none\" alt=\"Una extensi\u00f3 de navegador mostra el grau d&#039;immigraci\u00f3, criminalitat, islamitzaci\u00f3 i wokisme als anuncis immobiliaris de Fran\u00e7a\" srcset=\"https:\/\/percepcions.cat\/wp-content\/uploads\/2026\/04\/omvf5.jpg 751w, https:\/\/percepcions.cat\/wp-content\/uploads\/2026\/04\/omvf5-300x214.jpg 300w, https:\/\/percepcions.cat\/wp-content\/uploads\/2026\/04\/omvf5-18x12.jpg 18w\" sizes=\"auto, (max-width: 751px) 100vw, 751px\" title=\"\"><\/a><div class=\"pt-cv-taxoterm over_top_left\"><a href=\"https:\/\/percepcions.cat\/es\/tag\/franca\/\" title=\"Fran\u00e7a\" class=\"pt-cv-tax-franca\">Fran\u00e7a<\/a><\/div><\/div>\n<p class=\"pt-cv-title\"><a href=\"https:\/\/percepcions.cat\/es\/una-extension-de-navegador-muestra-el-grado-de-inmigracion-criminalidad\/\" class=\"_self cvplbd\" target=\"_self\">Una extensi\u00f3 de navegador mostra el grau d&#8217;immigraci\u00f3, criminalitat, islamitzaci\u00f3 i wokisme als anuncis immobiliaris de Fran\u00e7a<\/a><\/p>\n<div class=\"pt-cv-meta-fields\"><span class=\"entry-date\"> <time datetime=\"2026-04-30T22:41:08+02:00\">30 de abril de 2026<\/time><\/span><\/div>\n<div class=\"pt-cv-content\">El lloc web OVMF i la seva extensi\u00f3 gratu\u00efta per a Chrome superposen dades demogr\u00e0fiques, de criminalitat i de pres\u00e8ncia isl\u00e0mica sobre cada anunci immobiliari. Una eina privada que respon a all\u00f2 que les administracions callen.<\/div><\/div>\n<div class=\" pt-cv-content-item pt-cv-1-col\"  data-pid=\"13479\"><div class=\"pt-cv-thumb-wrapper  \"><a href=\"https:\/\/percepcions.cat\/es\/profesores-de-berlin-reclaman-castigar-a-los-miniislamistas\/\" class=\"_self pt-cv-href-thumbnail pt-cv-thumb-default cvplbd\" target=\"_self\"><img loading=\"lazy\" decoding=\"async\" width=\"768\" height=\"432\" src=\"https:\/\/percepcions.cat\/wp-content\/uploads\/2026\/04\/Professors-de-Berlin-reclamen-castigar-els-miniislamistes-que-intimiden-companys-perque-segueixin-normes-religioses-768x432.jpg\" class=\"pt-cv-thumbnail img-none\" alt=\"Professors de Berlin reclamen castigar els \u201cminiislamistes\u201d que intimiden companys perqu\u00e8 segueixin normes religioses\" srcset=\"https:\/\/percepcions.cat\/wp-content\/uploads\/2026\/04\/Professors-de-Berlin-reclamen-castigar-els-miniislamistes-que-intimiden-companys-perque-segueixin-normes-religioses-768x432.jpg 768w, https:\/\/percepcions.cat\/wp-content\/uploads\/2026\/04\/Professors-de-Berlin-reclamen-castigar-els-miniislamistes-que-intimiden-companys-perque-segueixin-normes-religioses-300x169.jpg 300w, https:\/\/percepcions.cat\/wp-content\/uploads\/2026\/04\/Professors-de-Berlin-reclamen-castigar-els-miniislamistes-que-intimiden-companys-perque-segueixin-normes-religioses-18x10.jpg 18w, https:\/\/percepcions.cat\/wp-content\/uploads\/2026\/04\/Professors-de-Berlin-reclamen-castigar-els-miniislamistes-que-intimiden-companys-perque-segueixin-normes-religioses.jpg 1000w\" sizes=\"auto, (max-width: 768px) 100vw, 768px\" title=\"\"><\/a><div class=\"pt-cv-taxoterm over_top_left\"><a href=\"https:\/\/percepcions.cat\/es\/tag\/alemanya\/\" title=\"Alemanya\" class=\"pt-cv-tax-alemanya\">Alemanya<\/a><a href=\"https:\/\/percepcions.cat\/es\/tag\/educacion\/\" title=\"Educaci\u00f3\" class=\"pt-cv-tax-educacio\">Educaci\u00f3<\/a><\/div><\/div>\n<p class=\"pt-cv-title\"><a href=\"https:\/\/percepcions.cat\/es\/profesores-de-berlin-reclaman-castigar-a-los-miniislamistas\/\" class=\"_self cvplbd\" target=\"_self\">Professors de Berlin reclamen castigar els \u201cminiislamistes\u201d que intimiden companys perqu\u00e8 segueixin normes religioses<\/a><\/p>\n<div class=\"pt-cv-meta-fields\"><span class=\"entry-date\"> <time datetime=\"2026-04-30T19:52:41+02:00\">30 de abril de 2026<\/time><\/span><\/div>\n<div class=\"pt-cv-content\">Cada cop m\u00e9s cristians, jueus i tamb\u00e9 musulmans liberals son v\u00edctimes de pressions religioses en escoles de Berl\u00edn. El president de l&#8217;Associaci\u00f3 de Professors reclama una resposta pol\u00edtica clara al &#8220;mobbing islamista&#8221;.<\/div><\/div>\n<div class=\" pt-cv-content-item pt-cv-1-col\"  data-pid=\"13449\"><div class=\"pt-cv-thumb-wrapper  \"><a href=\"https:\/\/percepcions.cat\/es\/la-fiscalia-investiga-a-politicos-alemanes-para-encubrir-violaciones\/\" class=\"_self pt-cv-href-thumbnail pt-cv-thumb-default cvplbd\" target=\"_self\"><img loading=\"lazy\" decoding=\"async\" width=\"768\" height=\"512\" src=\"https:\/\/percepcions.cat\/wp-content\/uploads\/2026\/04\/La-fiscalia-investiga-politics-alemanys-per-encobrir-violacions-en-grup-en-casals-de-joves-per-no-estigmatitzar-els-musulmans-768x512.jpg\" class=\"pt-cv-thumbnail img-none\" alt=\"La policia alemanya investiga pol\u00edtics d&#039;esquerres per no actuar davant violacions en grup en casals de joves per no &quot;estigmatitzar els musulmans&quot;\" srcset=\"https:\/\/percepcions.cat\/wp-content\/uploads\/2026\/04\/La-fiscalia-investiga-politics-alemanys-per-encobrir-violacions-en-grup-en-casals-de-joves-per-no-estigmatitzar-els-musulmans-768x512.jpg 768w, https:\/\/percepcions.cat\/wp-content\/uploads\/2026\/04\/La-fiscalia-investiga-politics-alemanys-per-encobrir-violacions-en-grup-en-casals-de-joves-per-no-estigmatitzar-els-musulmans-300x200.jpg 300w, https:\/\/percepcions.cat\/wp-content\/uploads\/2026\/04\/La-fiscalia-investiga-politics-alemanys-per-encobrir-violacions-en-grup-en-casals-de-joves-per-no-estigmatitzar-els-musulmans-18x12.jpg 18w, https:\/\/percepcions.cat\/wp-content\/uploads\/2026\/04\/La-fiscalia-investiga-politics-alemanys-per-encobrir-violacions-en-grup-en-casals-de-joves-per-no-estigmatitzar-els-musulmans.jpg 1000w\" sizes=\"auto, (max-width: 768px) 100vw, 768px\" title=\"\"><\/a><div class=\"pt-cv-taxoterm over_top_left\"><a href=\"https:\/\/percepcions.cat\/es\/tag\/alemanya\/\" title=\"Alemanya\" class=\"pt-cv-tax-alemanya\">Alemanya<\/a><a href=\"https:\/\/percepcions.cat\/es\/tag\/violacions\/\" title=\"Violacions\" class=\"pt-cv-tax-violacions\">Violacions<\/a><\/div><\/div>\n<p class=\"pt-cv-title\"><a href=\"https:\/\/percepcions.cat\/es\/la-fiscalia-investiga-a-politicos-alemanes-para-encubrir-violaciones\/\" class=\"_self cvplbd\" target=\"_self\">La policia alemanya investiga pol\u00edtics d&#8217;esquerres per no actuar davant violacions en grup en casals de joves per no &#8220;estigmatitzar els musulmans&#8221;<\/a><\/p>\n<div class=\"pt-cv-meta-fields\"><span class=\"entry-date\"> <time datetime=\"2026-04-29T09:38:30+02:00\">29 de abril de 2026<\/time><\/span><\/div>\n<div class=\"pt-cv-content\">La investigaci\u00f3 apunta que la regidora de Joventut de Neuk\u00f6lln (Berl\u00edn) , del partit d\u2019esquerres Die Linke, va impedir que els serveis socials denunciessin violacions a la policia. Finalment, va ser el pare d&#8217;una v\u00edctima qui va presentar la den\u00fancia.<\/div><\/div>\n<div class=\" pt-cv-content-item pt-cv-1-col\"  data-pid=\"13439\"><div class=\"pt-cv-thumb-wrapper  \"><a href=\"https:\/\/percepcions.cat\/es\/despedido-a-un-trabajador-en-dinamarca-por-cocinar-cerdo\/\" class=\"_self pt-cv-href-thumbnail pt-cv-thumb-default cvplbd\" target=\"_self\"><img loading=\"lazy\" decoding=\"async\" width=\"768\" height=\"512\" src=\"https:\/\/percepcions.cat\/wp-content\/uploads\/2026\/04\/Acomiadat-un-treballador-a-Dinamarca-per-cuinar-porc-per-a-ell-en-un-centre-dacollida-768x512.png\" class=\"pt-cv-thumbnail img-none\" alt=\"Acomiadat un treballador a Dinamarca per cuinar porc\" srcset=\"https:\/\/percepcions.cat\/wp-content\/uploads\/2026\/04\/Acomiadat-un-treballador-a-Dinamarca-per-cuinar-porc-per-a-ell-en-un-centre-dacollida-768x512.png 768w, https:\/\/percepcions.cat\/wp-content\/uploads\/2026\/04\/Acomiadat-un-treballador-a-Dinamarca-per-cuinar-porc-per-a-ell-en-un-centre-dacollida-300x200.png 300w, https:\/\/percepcions.cat\/wp-content\/uploads\/2026\/04\/Acomiadat-un-treballador-a-Dinamarca-per-cuinar-porc-per-a-ell-en-un-centre-dacollida-18x12.png 18w, https:\/\/percepcions.cat\/wp-content\/uploads\/2026\/04\/Acomiadat-un-treballador-a-Dinamarca-per-cuinar-porc-per-a-ell-en-un-centre-dacollida.png 1000w\" sizes=\"auto, (max-width: 768px) 100vw, 768px\" title=\"\"><\/a><div class=\"pt-cv-taxoterm over_top_left\"><a href=\"https:\/\/percepcions.cat\/es\/tag\/dinamarca\/\" title=\"Dinamarca\" class=\"pt-cv-tax-dinamarca\">Dinamarca<\/a><a href=\"https:\/\/percepcions.cat\/es\/tag\/halal\/\" title=\"Halal\" class=\"pt-cv-tax-halal\">Halal<\/a><\/div><\/div>\n<p class=\"pt-cv-title\"><a href=\"https:\/\/percepcions.cat\/es\/despedido-a-un-trabajador-en-dinamarca-por-cocinar-cerdo\/\" class=\"_self cvplbd\" target=\"_self\">Acomiadat un treballador a Dinamarca per cuinar porc<\/a><\/p>\n<div class=\"pt-cv-meta-fields\"><span class=\"entry-date\"> <time datetime=\"2026-04-26T01:00:48+02:00\">26 de abril de 2026<\/time><\/span><\/div>\n<div class=\"pt-cv-content\">El treballador d\u2019un centre d\u2019immigrants es fa cansalada per a ell mateix i l\u2019acomiaden. El centre prohibeix el porc a tothom per evitar conflictes amb joves musulmans i ho presenta com una \u201cestrat\u00e8gia de conviv\u00e8ncia\u201d.<\/div><\/div>\n<div class=\" pt-cv-content-item pt-cv-1-col\"  data-pid=\"13408\"><div class=\"pt-cv-thumb-wrapper  \"><a href=\"https:\/\/percepcions.cat\/es\/panico-a-la-izquierda-britanica\/\" class=\"_self pt-cv-href-thumbnail pt-cv-thumb-default cvplbd\" target=\"_self\"><img loading=\"lazy\" decoding=\"async\" width=\"768\" height=\"406\" src=\"https:\/\/percepcions.cat\/wp-content\/uploads\/2026\/04\/Panic-a-lesquerra-britanica-per-laparicio-de-partits-musulmans-a-lest-de-Londres-768x406.jpeg\" class=\"pt-cv-thumbnail img-none\" alt=\"P\u00e0nic a l&#039;esquerra brit\u00e0nica per l&#039;aparici\u00f3 de partits musulmans a barris de Londres\" srcset=\"https:\/\/percepcions.cat\/wp-content\/uploads\/2026\/04\/Panic-a-lesquerra-britanica-per-laparicio-de-partits-musulmans-a-lest-de-Londres-768x406.jpeg 768w, https:\/\/percepcions.cat\/wp-content\/uploads\/2026\/04\/Panic-a-lesquerra-britanica-per-laparicio-de-partits-musulmans-a-lest-de-Londres-300x159.jpeg 300w, https:\/\/percepcions.cat\/wp-content\/uploads\/2026\/04\/Panic-a-lesquerra-britanica-per-laparicio-de-partits-musulmans-a-lest-de-Londres-18x10.jpeg 18w, https:\/\/percepcions.cat\/wp-content\/uploads\/2026\/04\/Panic-a-lesquerra-britanica-per-laparicio-de-partits-musulmans-a-lest-de-Londres.jpeg 945w\" sizes=\"auto, (max-width: 768px) 100vw, 768px\" title=\"\"><\/a><div class=\"pt-cv-taxoterm over_top_left\"><a href=\"https:\/\/percepcions.cat\/es\/tag\/reino-unido\/\" title=\"Regne Unit\" class=\"pt-cv-tax-regne-unit\">Regne Unit<\/a><\/div><\/div>\n<p class=\"pt-cv-title\"><a href=\"https:\/\/percepcions.cat\/es\/panico-a-la-izquierda-britanica\/\" class=\"_self cvplbd\" target=\"_self\">P\u00e0nic a l&#8217;esquerra brit\u00e0nica per l&#8217;aparici\u00f3 de partits musulmans a barris de Londres<\/a><\/p>\n<div class=\"pt-cv-meta-fields\"><span class=\"entry-date\"> <time datetime=\"2026-04-25T15:18:56+02:00\">25 de abril de 2026<\/time><\/span><\/div>\n<div class=\"pt-cv-content\">Les eleccions als districtes de Londres del 7 de maig es presenten complicades per al Partit Laborista per un suposat posicionament tou respecte Palestina. Fins a 1800 regidors musulmans sense control de cap partit tradicional poden obtenir representaci\u00f3.<\/div><\/div>\n<div class=\" pt-cv-content-item pt-cv-1-col\"  data-pid=\"13384\"><div class=\"pt-cv-thumb-wrapper  \"><a href=\"https:\/\/percepcions.cat\/es\/el-psc-de-lleida-hace-creer-que-quiere-prohibir-el-burka-y-el-niqab\/\" class=\"_self pt-cv-href-thumbnail pt-cv-thumb-default cvplbd\" target=\"_self\"><img loading=\"lazy\" decoding=\"async\" width=\"768\" height=\"512\" src=\"https:\/\/percepcions.cat\/wp-content\/uploads\/2026\/04\/El-PSC-de-Lleida-diu-que-vol-prohibir-el-burka-i-el-niqab-amb-lexcepcio-dels-drets-fonamentals-768x512.jpg\" class=\"pt-cv-thumbnail img-none\" alt=\"El PSC de Lleida prohibeix el burca i el niqab amb una normativa que no els prohibeix\" srcset=\"https:\/\/percepcions.cat\/wp-content\/uploads\/2026\/04\/El-PSC-de-Lleida-diu-que-vol-prohibir-el-burka-i-el-niqab-amb-lexcepcio-dels-drets-fonamentals-768x512.jpg 768w, https:\/\/percepcions.cat\/wp-content\/uploads\/2026\/04\/El-PSC-de-Lleida-diu-que-vol-prohibir-el-burka-i-el-niqab-amb-lexcepcio-dels-drets-fonamentals-300x200.jpg 300w, https:\/\/percepcions.cat\/wp-content\/uploads\/2026\/04\/El-PSC-de-Lleida-diu-que-vol-prohibir-el-burka-i-el-niqab-amb-lexcepcio-dels-drets-fonamentals-1024x683.jpg 1024w, https:\/\/percepcions.cat\/wp-content\/uploads\/2026\/04\/El-PSC-de-Lleida-diu-que-vol-prohibir-el-burka-i-el-niqab-amb-lexcepcio-dels-drets-fonamentals-18x12.jpg 18w, https:\/\/percepcions.cat\/wp-content\/uploads\/2026\/04\/El-PSC-de-Lleida-diu-que-vol-prohibir-el-burka-i-el-niqab-amb-lexcepcio-dels-drets-fonamentals.jpg 1200w\" sizes=\"auto, (max-width: 768px) 100vw, 768px\" title=\"\"><\/a><div class=\"pt-cv-taxoterm over_top_left\"><a href=\"https:\/\/percepcions.cat\/es\/tag\/catalunya\/\" title=\"Catalunya\" class=\"pt-cv-tax-catalunya\">Catalunya<\/a><a href=\"https:\/\/percepcions.cat\/es\/tag\/velo-burka\/\" title=\"Vel-Burka\" class=\"pt-cv-tax-vel-burka\">Vel-Burka<\/a><\/div><\/div>\n<p class=\"pt-cv-title\"><a href=\"https:\/\/percepcions.cat\/es\/el-psc-de-lleida-hace-creer-que-quiere-prohibir-el-burka-y-el-niqab\/\" class=\"_self cvplbd\" target=\"_self\">El PSC de Lleida prohibeix el burca i el niqab amb una normativa que no els prohibeix<\/a><\/p>\n<div class=\"pt-cv-meta-fields\"><span class=\"entry-date\"> <time datetime=\"2026-04-23T16:10:50+02:00\">23 de abril de 2026<\/time><\/span><\/div>\n<div class=\"pt-cv-content\">La proposta d&#8217;ordenan\u00e7a de civisme de Lleida prohibeix &#8220;tapar-se la cara&#8221; excepte en llocs de culte, all\u00e0 &#8220;on \u00e9s habitual&#8221; i quan &#8220;s&#8217;exerceix un dret fonamental&#8221;. Ni cita el burka ni el niqab .<\/div><\/div>\n<div class=\" pt-cv-content-item pt-cv-1-col\"  data-pid=\"13375\"><div class=\"pt-cv-thumb-wrapper  \"><a href=\"https:\/\/percepcions.cat\/es\/reforma-institutos-publicos-de-los-eeuu-incluyen-oratorios-musulmanes\/\" class=\"_self pt-cv-href-thumbnail pt-cv-thumb-default cvplbd\" target=\"_self\"><img loading=\"lazy\" decoding=\"async\" width=\"549\" height=\"412\" src=\"https:\/\/percepcions.cat\/wp-content\/uploads\/2026\/04\/sales-oracio.jpg\" class=\"pt-cv-thumbnail img-none\" alt=\"Les obres de reforma d&#039;instituts p\u00fablics dels EUA inclouen oratoris i rentapeus per a musulmans\" srcset=\"https:\/\/percepcions.cat\/wp-content\/uploads\/2026\/04\/sales-oracio.jpg 549w, https:\/\/percepcions.cat\/wp-content\/uploads\/2026\/04\/sales-oracio-300x225.jpg 300w, https:\/\/percepcions.cat\/wp-content\/uploads\/2026\/04\/sales-oracio-16x12.jpg 16w\" sizes=\"auto, (max-width: 549px) 100vw, 549px\" title=\"\"><\/a><div class=\"pt-cv-taxoterm over_top_left\"><a href=\"https:\/\/percepcions.cat\/es\/tag\/educacion\/\" title=\"Educaci\u00f3\" class=\"pt-cv-tax-educacio\">Educaci\u00f3<\/a><a href=\"https:\/\/percepcions.cat\/es\/tag\/estados-unidos\/\" title=\"Estats Units\" class=\"pt-cv-tax-estats-units\">Estats Units<\/a><\/div><\/div>\n<p class=\"pt-cv-title\"><a href=\"https:\/\/percepcions.cat\/es\/reforma-institutos-publicos-de-los-eeuu-incluyen-oratorios-musulmanes\/\" class=\"_self cvplbd\" target=\"_self\">Les obres de reforma d&#8217;instituts p\u00fablics dels EUA inclouen oratoris i rentapeus per a musulmans<\/a><\/p>\n<div class=\"pt-cv-meta-fields\"><span class=\"entry-date\"> <time datetime=\"2026-04-22T17:03:40+02:00\">22 de abril de 2026<\/time><\/span><\/div>\n<div class=\"pt-cv-content\">Una investigaci\u00f3 period\u00edstica destapa els pl\u00e0nols de la reforma de dos instituts. Els gestors escolars diuen que nom\u00e9s &#8220;s&#8217;adapten a les necessitats del usuaris&#8221; i que &#8220;atenen la diversitat&#8221;.<\/div><\/div>\n<div class=\" pt-cv-content-item pt-cv-1-col\"  data-pid=\"13370\"><div class=\"pt-cv-thumb-wrapper  \"><a href=\"https:\/\/percepcions.cat\/es\/el-reino-unido-prohibe-entrar-en-el-pais-a-una-ciudadana-de-dios-porque-quemo-un-alcora\/\" class=\"_self pt-cv-href-thumbnail pt-cv-thumb-default cvplbd\" target=\"_self\"><img loading=\"lazy\" decoding=\"async\" width=\"640\" height=\"400\" src=\"https:\/\/percepcions.cat\/wp-content\/uploads\/2025\/08\/La-candidata-al-Congres-dels-EUA-Valentina-Gomez-crema-un-Alcora-amb-un-llancaflames.jpg\" class=\"pt-cv-thumbnail img-none\" alt=\"El Regne Unit prohibeix entrar al pa\u00eds a una ciutadana d&#039;EUA perqu\u00e8 va cremar un Alcor\u00e0\" srcset=\"https:\/\/percepcions.cat\/wp-content\/uploads\/2025\/08\/La-candidata-al-Congres-dels-EUA-Valentina-Gomez-crema-un-Alcora-amb-un-llancaflames.jpg 640w, https:\/\/percepcions.cat\/wp-content\/uploads\/2025\/08\/La-candidata-al-Congres-dels-EUA-Valentina-Gomez-crema-un-Alcora-amb-un-llancaflames-300x188.jpg 300w, https:\/\/percepcions.cat\/wp-content\/uploads\/2025\/08\/La-candidata-al-Congres-dels-EUA-Valentina-Gomez-crema-un-Alcora-amb-un-llancaflames-18x12.jpg 18w\" sizes=\"auto, (max-width: 640px) 100vw, 640px\" title=\"\"><\/a><div class=\"pt-cv-taxoterm over_top_left\"><a href=\"https:\/\/percepcions.cat\/es\/tag\/reino-unido\/\" title=\"Regne Unit\" class=\"pt-cv-tax-regne-unit\">Regne Unit<\/a><\/div><\/div>\n<p class=\"pt-cv-title\"><a href=\"https:\/\/percepcions.cat\/es\/el-reino-unido-prohibe-entrar-en-el-pais-a-una-ciudadana-de-dios-porque-quemo-un-alcora\/\" class=\"_self cvplbd\" target=\"_self\">El Regne Unit prohibeix entrar al pa\u00eds a una ciutadana d&#8217;EUA perqu\u00e8 va cremar un Alcor\u00e0<\/a><\/p>\n<div class=\"pt-cv-meta-fields\"><span class=\"entry-date\"> <time datetime=\"2026-04-21T16:28:57+02:00\">21 de abril de 2026<\/time><\/span><\/div>\n<div class=\"pt-cv-content\">La ministra musulmana Shabana Mahmood s&#8217;ha ocupat personalment de vetar l&#8217;entrada al Regne Unit de l&#8217;activista antiislam Valentina G\u00f3mez.<\/div><\/div>\n<div class=\" pt-cv-content-item pt-cv-1-col\"  data-pid=\"13337\"><div class=\"pt-cv-thumb-wrapper  \"><a href=\"https:\/\/percepcions.cat\/es\/los-verdes-alemanes-presentan-medidas-para-fomentar-la-vida-islamica\/\" class=\"_self pt-cv-href-thumbnail pt-cv-thumb-default cvplbd\" target=\"_self\"><img loading=\"lazy\" decoding=\"async\" width=\"768\" height=\"429\" src=\"https:\/\/percepcions.cat\/wp-content\/uploads\/2026\/04\/Els-Verds-alemanys-presenten-mesures-per-fomentar-la-vida-islamica-768x429.jpeg\" class=\"pt-cv-thumbnail img-none\" alt=\"Els Verds alemanys presenten mesures per fomentar la vida isl\u00e0mica\" srcset=\"https:\/\/percepcions.cat\/wp-content\/uploads\/2026\/04\/Els-Verds-alemanys-presenten-mesures-per-fomentar-la-vida-islamica-768x429.jpeg 768w, https:\/\/percepcions.cat\/wp-content\/uploads\/2026\/04\/Els-Verds-alemanys-presenten-mesures-per-fomentar-la-vida-islamica-300x167.jpeg 300w, https:\/\/percepcions.cat\/wp-content\/uploads\/2026\/04\/Els-Verds-alemanys-presenten-mesures-per-fomentar-la-vida-islamica-1024x572.jpeg 1024w, https:\/\/percepcions.cat\/wp-content\/uploads\/2026\/04\/Els-Verds-alemanys-presenten-mesures-per-fomentar-la-vida-islamica-18x10.jpeg 18w, https:\/\/percepcions.cat\/wp-content\/uploads\/2026\/04\/Els-Verds-alemanys-presenten-mesures-per-fomentar-la-vida-islamica.jpeg 1100w\" sizes=\"auto, (max-width: 768px) 100vw, 768px\" title=\"\"><\/a><div class=\"pt-cv-taxoterm over_top_left\"><a href=\"https:\/\/percepcions.cat\/es\/tag\/alemanya\/\" title=\"Alemanya\" class=\"pt-cv-tax-alemanya\">Alemanya<\/a><\/div><\/div>\n<p class=\"pt-cv-title\"><a href=\"https:\/\/percepcions.cat\/es\/los-verdes-alemanes-presentan-medidas-para-fomentar-la-vida-islamica\/\" class=\"_self cvplbd\" target=\"_self\">Els Verds alemanys presenten mesures per fomentar la vida isl\u00e0mica<\/a><\/p>\n<div class=\"pt-cv-meta-fields\"><span class=\"entry-date\"> <time datetime=\"2026-04-20T09:27:13+02:00\">20 de abril de 2026<\/time><\/span><\/div>\n<div class=\"pt-cv-content\">L&#8217;esquerra ecologista proposa festius isl\u00e0mics, eliminar restriccions al vel o refor\u00e7ar el suport a mesquites i associacions isl\u00e0miques. El pla busca augmentar la visibilitat i la integraci\u00f3 de l\u2019islam a la vida p\u00fablica d&#8217;Alemanya.<\/div><\/div>\n<div class=\" pt-cv-content-item pt-cv-1-col\"  data-pid=\"13303\"><div class=\"pt-cv-thumb-wrapper  \"><a href=\"https:\/\/percepcions.cat\/es\/quebec-tambien-prohibe-el-velo-islamico-en-las-guarderias\/\" class=\"_self pt-cv-href-thumbnail pt-cv-thumb-default cvplbd\" target=\"_self\"><img loading=\"lazy\" decoding=\"async\" width=\"768\" height=\"429\" src=\"https:\/\/percepcions.cat\/wp-content\/uploads\/2026\/04\/Quebec-tambe-prohibeix-el-vel-islamic-a-les-escoles-bressol-i-veta-les-mascaretes-sanitaries-als-serveis-publics-768x429.jpeg\" class=\"pt-cv-thumbnail img-none\" alt=\"Quebec prohibeix tamb\u00e9 el vel isl\u00e0mic a les escoles bressol i veta les mascaretes sanit\u00e0ries als serveis p\u00fablics\" srcset=\"https:\/\/percepcions.cat\/wp-content\/uploads\/2026\/04\/Quebec-tambe-prohibeix-el-vel-islamic-a-les-escoles-bressol-i-veta-les-mascaretes-sanitaries-als-serveis-publics-768x429.jpeg 768w, https:\/\/percepcions.cat\/wp-content\/uploads\/2026\/04\/Quebec-tambe-prohibeix-el-vel-islamic-a-les-escoles-bressol-i-veta-les-mascaretes-sanitaries-als-serveis-publics-300x167.jpeg 300w, https:\/\/percepcions.cat\/wp-content\/uploads\/2026\/04\/Quebec-tambe-prohibeix-el-vel-islamic-a-les-escoles-bressol-i-veta-les-mascaretes-sanitaries-als-serveis-publics-18x10.jpeg 18w, https:\/\/percepcions.cat\/wp-content\/uploads\/2026\/04\/Quebec-tambe-prohibeix-el-vel-islamic-a-les-escoles-bressol-i-veta-les-mascaretes-sanitaries-als-serveis-publics.jpeg 1000w\" sizes=\"auto, (max-width: 768px) 100vw, 768px\" title=\"\"><\/a><div class=\"pt-cv-taxoterm over_top_left\"><a href=\"https:\/\/percepcions.cat\/es\/tag\/canada\/\" title=\"Canad\u00e0\" class=\"pt-cv-tax-canada\">Canad\u00e0<\/a><a href=\"https:\/\/percepcions.cat\/es\/tag\/educacion\/\" title=\"Educaci\u00f3\" class=\"pt-cv-tax-educacio\">Educaci\u00f3<\/a><a href=\"https:\/\/percepcions.cat\/es\/tag\/velo-burka\/\" title=\"Vel-Burka\" class=\"pt-cv-tax-vel-burka\">Vel-Burka<\/a><\/div><\/div>\n<p class=\"pt-cv-title\"><a href=\"https:\/\/percepcions.cat\/es\/quebec-tambien-prohibe-el-velo-islamico-en-las-guarderias\/\" class=\"_self cvplbd\" target=\"_self\">Quebec prohibeix tamb\u00e9 el vel isl\u00e0mic a les escoles bressol i veta les mascaretes sanit\u00e0ries als serveis p\u00fablics<\/a><\/p>\n<div class=\"pt-cv-meta-fields\"><span class=\"entry-date\"> <time datetime=\"2026-04-19T13:34:36+02:00\">19 de abril de 2026<\/time><\/span><\/div>\n<div class=\"pt-cv-content\">L&#8217;implacable ministre de la\u00efcitat justifica la prohibici\u00f3 de la mascareta a les institucions p\u00fabliques &#8220;perqu\u00e8 la pand\u00e8mia ja ha passat i veure&#8217;s la cara \u00e9s la base de la comunicaci\u00f3 humana&#8221;. Tamb\u00e9 ha deixat clar &#8220;que les nostres institucions no son llocs de culte&#8221;.<\/div><\/div>\n<div class=\" pt-cv-content-item pt-cv-1-col\"  data-pid=\"13281\"><div class=\"pt-cv-thumb-wrapper  \"><a href=\"https:\/\/percepcions.cat\/es\/mujeres-musulmanas-pierden-su-trabajo-en-las-escuelas-de-montreal\/\" class=\"_self pt-cv-href-thumbnail pt-cv-thumb-default cvplbd\" target=\"_self\"><img loading=\"lazy\" decoding=\"async\" width=\"768\" height=\"429\" src=\"https:\/\/percepcions.cat\/wp-content\/uploads\/2026\/04\/Dones-musulmanes-perden-la-feina-a-les-escoles-de-Montreal-per-negar-se-a-complir-la-llei-del-Quebec-sobre-el-hijab-768x429.jpeg\" class=\"pt-cv-thumbnail img-none\" alt=\"Dones musulmanes perden la feina a les escoles de Montreal per negar-se a complir la llei del Quebec contra el hijab\" srcset=\"https:\/\/percepcions.cat\/wp-content\/uploads\/2026\/04\/Dones-musulmanes-perden-la-feina-a-les-escoles-de-Montreal-per-negar-se-a-complir-la-llei-del-Quebec-sobre-el-hijab-768x429.jpeg 768w, https:\/\/percepcions.cat\/wp-content\/uploads\/2026\/04\/Dones-musulmanes-perden-la-feina-a-les-escoles-de-Montreal-per-negar-se-a-complir-la-llei-del-Quebec-sobre-el-hijab-300x167.jpeg 300w, https:\/\/percepcions.cat\/wp-content\/uploads\/2026\/04\/Dones-musulmanes-perden-la-feina-a-les-escoles-de-Montreal-per-negar-se-a-complir-la-llei-del-Quebec-sobre-el-hijab-18x10.jpeg 18w, https:\/\/percepcions.cat\/wp-content\/uploads\/2026\/04\/Dones-musulmanes-perden-la-feina-a-les-escoles-de-Montreal-per-negar-se-a-complir-la-llei-del-Quebec-sobre-el-hijab.jpeg 1000w\" sizes=\"auto, (max-width: 768px) 100vw, 768px\" title=\"\"><\/a><div class=\"pt-cv-taxoterm over_top_left\"><a href=\"https:\/\/percepcions.cat\/es\/tag\/canada\/\" title=\"Canad\u00e0\" class=\"pt-cv-tax-canada\">Canad\u00e0<\/a><a href=\"https:\/\/percepcions.cat\/es\/tag\/educacion\/\" title=\"Educaci\u00f3\" class=\"pt-cv-tax-educacio\">Educaci\u00f3<\/a><a href=\"https:\/\/percepcions.cat\/es\/tag\/velo-burka\/\" title=\"Vel-Burka\" class=\"pt-cv-tax-vel-burka\">Vel-Burka<\/a><\/div><\/div>\n<p class=\"pt-cv-title\"><a href=\"https:\/\/percepcions.cat\/es\/mujeres-musulmanas-pierden-su-trabajo-en-las-escuelas-de-montreal\/\" class=\"_self cvplbd\" target=\"_self\">Dones musulmanes perden la feina a les escoles de Montreal per negar-se a complir la llei del Quebec contra el hijab<\/a><\/p>\n<div class=\"pt-cv-meta-fields\"><span class=\"entry-date\"> <time datetime=\"2026-04-18T09:37:34+02:00\">18 de abril de 2026<\/time><\/span><\/div>\n<div class=\"pt-cv-content\">Monitores de menjador o d&#8217;extraescolar, conserges o personal administratiu ja no poden portar el vel isl\u00e0mic a les escoles del Quebec. Unes 150 han preferit perdre la feina a respectar la llei.<\/div><\/div>\n<div class=\" pt-cv-content-item pt-cv-1-col\"  data-pid=\"13249\"><div class=\"pt-cv-thumb-wrapper  \"><a href=\"https:\/\/percepcions.cat\/es\/los-mohamed-ya-doblan-los-jordi-a-salto-rosas-y-castello-dempuries\/\" class=\"_self pt-cv-href-thumbnail pt-cv-thumb-default cvplbd\" target=\"_self\"><img loading=\"lazy\" decoding=\"async\" width=\"768\" height=\"432\" src=\"https:\/\/percepcions.cat\/wp-content\/uploads\/2026\/04\/ChatGPT-Image-17-abr-2026-22_23_48-768x432.png\" class=\"pt-cv-thumbnail img-none\" alt=\"Els Mohamed ja doblen els Jordi a Salt, Roses i Castell\u00f3 d\u2019Emp\u00faries\" srcset=\"https:\/\/percepcions.cat\/wp-content\/uploads\/2026\/04\/ChatGPT-Image-17-abr-2026-22_23_48-768x432.png 768w, https:\/\/percepcions.cat\/wp-content\/uploads\/2026\/04\/ChatGPT-Image-17-abr-2026-22_23_48-300x169.png 300w, https:\/\/percepcions.cat\/wp-content\/uploads\/2026\/04\/ChatGPT-Image-17-abr-2026-22_23_48-1024x576.png 1024w, https:\/\/percepcions.cat\/wp-content\/uploads\/2026\/04\/ChatGPT-Image-17-abr-2026-22_23_48-1536x864.png 1536w, https:\/\/percepcions.cat\/wp-content\/uploads\/2026\/04\/ChatGPT-Image-17-abr-2026-22_23_48-18x10.png 18w, https:\/\/percepcions.cat\/wp-content\/uploads\/2026\/04\/ChatGPT-Image-17-abr-2026-22_23_48.png 1672w\" sizes=\"auto, (max-width: 768px) 100vw, 768px\" title=\"\"><\/a><div class=\"pt-cv-taxoterm over_top_left\"><a href=\"https:\/\/percepcions.cat\/es\/tag\/catalunya\/\" title=\"Catalunya\" class=\"pt-cv-tax-catalunya\">Catalunya<\/a><\/div><\/div>\n<p class=\"pt-cv-title\"><a href=\"https:\/\/percepcions.cat\/es\/los-mohamed-ya-doblan-los-jordi-a-salto-rosas-y-castello-dempuries\/\" class=\"_self cvplbd\" target=\"_self\">Els Mohamed ja doblen els Jordi a Salt, Roses i Castell\u00f3 d\u2019Emp\u00faries<\/a><\/p>\n<div class=\"pt-cv-meta-fields\"><span class=\"entry-date\"> <time datetime=\"2026-04-16T22:06:57+02:00\">16 de abril de 2026<\/time><\/span><\/div>\n<div class=\"pt-cv-content\">Manlleu frega el 4% de poblaci\u00f3 amb el nom Mohamed, el percentatge m\u00e9s alt de Catalunya entre els municipis amb m\u00e9s poblaci\u00f3, nom\u00e9s per darrere d\u2019Aitona (5,2%). El fenomen destaca especialment a l\u2019Empord\u00e0 i Osona.<\/div><\/div>\n<div class=\" pt-cv-content-item pt-cv-1-col\"  data-pid=\"13240\"><div class=\"pt-cv-thumb-wrapper  \"><a href=\"https:\/\/percepcions.cat\/es\/un-medico-del-reino-unido-pierde-su-trabajo-para-pedir-a-una-paciente-que-se-quite-el-niqab\/\" class=\"_self pt-cv-href-thumbnail pt-cv-thumb-default cvplbd\" target=\"_self\"><img loading=\"lazy\" decoding=\"async\" width=\"599\" height=\"400\" src=\"https:\/\/percepcions.cat\/wp-content\/uploads\/2025\/09\/niqab-kirguistan-1-1.jpeg\" class=\"pt-cv-thumbnail img-none\" alt=\"Un metge del Regne Unit perd la feina per demanar a una pacient que es tregui el niqab\" srcset=\"https:\/\/percepcions.cat\/wp-content\/uploads\/2025\/09\/niqab-kirguistan-1-1.jpeg 599w, https:\/\/percepcions.cat\/wp-content\/uploads\/2025\/09\/niqab-kirguistan-1-1-300x200.jpeg 300w, https:\/\/percepcions.cat\/wp-content\/uploads\/2025\/09\/niqab-kirguistan-1-1-18x12.jpeg 18w\" sizes=\"auto, (max-width: 599px) 100vw, 599px\" title=\"\"><\/a><div class=\"pt-cv-taxoterm over_top_left\"><a href=\"https:\/\/percepcions.cat\/es\/tag\/reino-unido\/\" title=\"Regne Unit\" class=\"pt-cv-tax-regne-unit\">Regne Unit<\/a><a href=\"https:\/\/percepcions.cat\/es\/tag\/velo-burka\/\" title=\"Vel-Burka\" class=\"pt-cv-tax-vel-burka\">Vel-Burka<\/a><\/div><\/div>\n<p class=\"pt-cv-title\"><a href=\"https:\/\/percepcions.cat\/es\/un-medico-del-reino-unido-pierde-su-trabajo-para-pedir-a-una-paciente-que-se-quite-el-niqab\/\" class=\"_self cvplbd\" target=\"_self\">Un metge del Regne Unit perd la feina per demanar a una pacient que es tregui el niqab<\/a><\/p>\n<div class=\"pt-cv-meta-fields\"><span class=\"entry-date\"> <time datetime=\"2026-04-16T18:34:33+02:00\">16 de abril de 2026<\/time><\/span><\/div>\n<div class=\"pt-cv-content\">El metge va demanar retirar el niqab perqu\u00e8 assegurava que la pacient no parlava b\u00e9 angl\u00e8s i que tenia dificultats per entendre-la durant la consulta. El marit va posar una queixa per racisme.<\/div><\/div>\n<div class=\" pt-cv-content-item pt-cv-1-col\"  data-pid=\"13227\"><div class=\"pt-cv-thumb-wrapper  \"><a href=\"https:\/\/percepcions.cat\/es\/una-mezquita-dice-que-la-grua-se-extrema-derecha\/\" class=\"_self pt-cv-href-thumbnail pt-cv-thumb-default cvplbd\" target=\"_self\"><img loading=\"lazy\" decoding=\"async\" width=\"768\" height=\"478\" src=\"https:\/\/percepcions.cat\/wp-content\/uploads\/2026\/04\/muslim-racist-768x478.jpg\" class=\"pt-cv-thumbnail img-none\" alt=\"Una mesquita diu que la grua municipal \u00e9s d&#039;extrema dreta perqu\u00e8 s&#039;emporta els cotxes dels fidels\" srcset=\"https:\/\/percepcions.cat\/wp-content\/uploads\/2026\/04\/muslim-racist-768x478.jpg 768w, https:\/\/percepcions.cat\/wp-content\/uploads\/2026\/04\/muslim-racist-300x187.jpg 300w, https:\/\/percepcions.cat\/wp-content\/uploads\/2026\/04\/muslim-racist-18x12.jpg 18w, https:\/\/percepcions.cat\/wp-content\/uploads\/2026\/04\/muslim-racist.jpg 920w\" sizes=\"auto, (max-width: 768px) 100vw, 768px\" title=\"\"><\/a><div class=\"pt-cv-taxoterm over_top_left\"><a href=\"https:\/\/percepcions.cat\/es\/tag\/estados-unidos\/\" title=\"Estats Units\" class=\"pt-cv-tax-estats-units\">Estats Units<\/a><\/div><\/div>\n<p class=\"pt-cv-title\"><a href=\"https:\/\/percepcions.cat\/es\/una-mezquita-dice-que-la-grua-se-extrema-derecha\/\" class=\"_self cvplbd\" target=\"_self\">Una mesquita diu que la grua municipal \u00e9s d&#8217;extrema dreta perqu\u00e8 s&#8217;emporta els cotxes dels fidels<\/a><\/p>\n<div class=\"pt-cv-meta-fields\"><span class=\"entry-date\"> <time datetime=\"2026-04-15T22:31:27+02:00\">15 de abril de 2026<\/time><\/span><\/div>\n<div class=\"pt-cv-content\">Els fidels d\u2019una mesquita de Maine aparquen malament cada divendres i les autoritats els multen i retiren els vehicles. El responsable del servei de grues es fa viral amb una frase: \u201cun Honda Civic vermell \u00e9s un Honda Civic vermell\u201d.<\/div><\/div><\/div><\/div>\n<div class=\"text-center pt-cv-pagination-wrapper\"><a href=\"https:\/\/percepcions.cat\/es\/wp-json\/wp\/v2\/posts\/13518\/?_page=2\" onclick=\"event.preventDefault()\" class=\"pt-cv-more btn btn-primary btn-sm\" data-totalpages=\"40\" data-nextpages=\"2\" data-sid=\"a6d38d031z\" data-unid=\"\" data-isblock=\"\" data-postid=\"\">M\u00e9s Percepcions <span class=\"caret\"><\/span><\/a><img loading=\"lazy\" decoding=\"async\" width=\"15\" height=\"15\" class=\"pt-cv-spinner\" alt=\"Cargando...\" src=\"data:image\/gif;base64,R0lGODlhDwAPALMPAMrKygwMDJOTkz09PZWVla+vr3p6euTk5M7OzuXl5TMzMwAAAJmZmWZmZszMzP\/\/\/yH\/C05FVFNDQVBFMi4wAwEAAAAh+QQFCgAPACwAAAAADwAPAAAEQvDJaZaZOIcV8iQK8VRX4iTYoAwZ4iCYoAjZ4RxejhVNoT+mRGP4cyF4Pp0N98sBGIBMEMOotl6YZ3S61Bmbkm4mAgAh+QQFCgAPACwAAAAADQANAAAENPDJSRSZeA418itN8QiK8BiLITVsFiyBBIoYqnoewAD4xPw9iY4XLGYSjkQR4UAUD45DLwIAIfkEBQoADwAsAAAAAA8ACQAABC\/wyVlamTi3nSdgwFNdhEJgTJoNyoB9ISYoQmdjiZPcj7EYCAeCF1gEDo4Dz2eIAAAh+QQFCgAPACwCAAAADQANAAAEM\/DJBxiYeLKdX3IJZT1FU0iIg2RNKx3OkZVnZ98ToRD4MyiDnkAh6BkNC0MvsAj0kMpHBAAh+QQFCgAPACwGAAAACQAPAAAEMDC59KpFDll73HkAA2wVY5KgiK5b0RRoI6MuzG6EQqCDMlSGheEhUAgqgUUAFRySIgAh+QQFCgAPACwCAAIADQANAAAEM\/DJKZNLND\/kkKaHc3xk+QAMYDKsiaqmZCxGVjSFFCxB1vwy2oOgIDxuucxAMTAJFAJNBAAh+QQFCgAPACwAAAYADwAJAAAEMNAs86q1yaWwwv2Ig0jUZx3OYa4XoRAfwADXoAwfo1+CIjyFRuEho60aSNYlOPxEAAAh+QQFCgAPACwAAAIADQANAAAENPA9s4y8+IUVcqaWJ4qEQozSoAzoIyhCK2NFU2SJk0hNnyEOhKR2AzAAj4Pj4GE4W0bkJQIAOw==\" title=\"\"><div class=\"clear pt-cv-clear-pagination\"><\/div><\/div><\/div>\t\t\t<style type=\"text\/css\" id=\"pt-cv-inline-style-22a744843j\">\n#pt-cv-view-a6d38d031z .pt-cv-thumb-wrapper:not(.miniwrap) {  }#pt-cv-view-a6d38d031z .pt-cv-thumbnail:not(.pt-cv-thumbnailsm) { height: 250px; }#pt-cv-view-a6d38d031z > .pt-cv-page {grid-template-columns: repeat(3, 1fr);grid-gap: 15px;}\n@media all and (max-width: 1024px) { \n#pt-cv-view-a6d38d031z > .pt-cv-page {grid-template-columns: repeat(1, 1fr);}\n} \n@media all and (max-width: 767px) { \n#pt-cv-view-a6d38d031z > .pt-cv-page {grid-template-columns: repeat(1, 1fr);}\n} <\/style>\r\n\t\t\t\t\t\t<style type=\"text\/css\" id=\"pt-cv-inline-style-07bee0bqzd\"> #pt-cv-view-a6d38d031z[class*='cveffect'] .pt-cv-thumb-wrapper, #pt-cv-view-a6d38d031z:not([class*='cveffect']) .pt-cv-thumbnail, #pt-cv-view-a6d38d031z  .cvp-responsive-image[style*=background-image] { border-width: 1px 1px 1px 1px }\n #pt-cv-view-a6d38d031z[class*='cveffect'] .pt-cv-thumb-wrapper, #pt-cv-view-a6d38d031z:not([class*='cveffect']) .pt-cv-thumbnail, #pt-cv-view-a6d38d031z  .cvp-responsive-image[style*=background-image] { border-style: solid }\n #pt-cv-view-a6d38d031z[class*='cveffect'] .pt-cv-thumb-wrapper, #pt-cv-view-a6d38d031z:not([class*='cveffect']) .pt-cv-thumbnail, #pt-cv-view-a6d38d031z  .cvp-responsive-image[style*=background-image] { border-color: #0f4c81 }\n#pt-cv-view-a6d38d031z .pt-cv-taxoterm * { font-family: 'Noto Sans', Arial, serif !important; color: #ffffff !important; background-color: #0f4c81 !important; font-weight: 600 !important; margin: 0px 10px 0px 0px !important; padding: 1px 6px 1px 6px !important; border-radius: 3px 3px 3px 3px !important; }\n#pt-cv-view-a6d38d031z .pt-cv-title a, #pt-cv-view-a6d38d031z  .panel-title { font-family: 'Noto Sans', Arial, serif !important; font-size: 24px !important; line-height: 1.3 !important; color: #000000 !important; font-weight: 600 !important; }\n#pt-cv-view-a6d38d031z .pt-cv-content , #pt-cv-view-a6d38d031z  .pt-cv-content *:not(.pt-cv-readmore):not(style):not(script) { font-family: 'Noto Sans', Arial, serif !important; font-size: 16px !important; line-height: 1.3 !important; color: #000000 !important; font-weight: 600 !important; }\n#pt-cv-view-a6d38d031z .pt-cv-meta-fields * { font-size: 15px !important; line-height: 1.3 !important; color: #000000 !important; }\n#pt-cv-view-a6d38d031z .pt-cv-readmore  { color: #ffffff !important; background-color: #00aeef !important; }\n#pt-cv-view-a6d38d031z .pt-cv-readmore:hover  { color: #ffffff !important; background-color: #00aeef !important; }\n#pt-cv-view-a6d38d031z  + .pt-cv-pagination-wrapper .pt-cv-more , #pt-cv-view-a6d38d031z  + .pt-cv-pagination-wrapper .pagination .active a, .pt-cv-pagination[data-sid='a6d38d031z'] .active a { font-size: 19px !important; line-height: 1.3 !important; color: #ffffff !important; background-color: #0f4c81 !important; font-weight: 600 !important; padding: 1px 6px 1px 6px !important; border-radius: 3px 3px 3px 3px !important; }<\/style>\r\n\t\t\t<link href='\/\/fonts.googleapis.com\/css?family=Noto+Sans' rel='stylesheet' type='text\/css'><\/div><\/div>\n\n\n\n<div class=\"wp-block-uagb-separator uagb-block-5d3a5089\"><div class=\"wp-block-uagb-separator__inner\" style=\"--my-background-image:\"><\/div><\/div>\n\n\n\n<div class=\"wp-block-uagb-container uagb-block-a8bd19dc alignfull uagb-is-root-container\"><div class=\"uagb-container-inner-blocks-wrap\">\n<div class=\"wp-block-uagb-container uagb-block-cb082e82\">\n<div class=\"wp-block-uagb-advanced-heading uagb-block-b36f9a1a\"><h2 class=\"uagb-heading-text\">Frase de la Setmana<\/h2><\/div>\n\n\n<div class=\"pt-cv-wrapper\"><div class=\"pt-cv-view pt-cv-overlaygrid iscvblock iscvhybrid pt-cv-nooverlay pt-cv-clickable overlay1 layout1\" id=\"pt-cv-view-ffce338abp\"><div data-id=\"pt-cv-page-1\" class=\"pt-cv-page\" data-cvc=\"1\"><div class=\" pt-cv-content-item pt-cv-1-col\"  data-pid=\"5467\"><div class=\"pt-cv-thumb-wrapper  \"><a href=\"https:\/\/percepcions.cat\/wp-content\/uploads\/2025\/03\/Que-hi-ha-de-dolent-en-incitar-a-una-intensa-aversio-a-una-religio-si-les-activitats-o-els-ensenyaments.jpg\" class=\"pt-cv-lightbox-image pt-cv-href-thumbnail pt-cv-thumb-default cvp-lazy-container\" target=\"pt-cv-lightbox-image\"><img loading=\"lazy\" decoding=\"async\" width=\"768\" height=\"432\" src=\"https:\/\/percepcions.cat\/wp-content\/plugins\/pt-content-views-pro\/public\/assets\/images\/lazy_image.png\" class=\"pt-cv-thumbnail img-none skip-lazy  cvplazy\" alt=\"Qu\u00e8 hi ha de dolent en incitar a una intensa aversi\u00f3 a una religi\u00f3 si les activitats o els ensenyaments d&#039;aquesta religi\u00f3 s\u00f3n tan escandalosos, irracionals o abusius dels drets humans que mereixen ser intensament detestats? .-Rowan Atkinson\" data-cvpsrc=\"https:\/\/percepcions.cat\/wp-content\/uploads\/2025\/03\/Que-hi-ha-de-dolent-en-incitar-a-una-intensa-aversio-a-una-religio-si-les-activitats-o-els-ensenyaments-768x432.jpg\" data-cvpset=\"https:\/\/percepcions.cat\/wp-content\/uploads\/2025\/03\/Que-hi-ha-de-dolent-en-incitar-a-una-intensa-aversio-a-una-religio-si-les-activitats-o-els-ensenyaments-768x432.jpg 768w, https:\/\/percepcions.cat\/wp-content\/uploads\/2025\/03\/Que-hi-ha-de-dolent-en-incitar-a-una-intensa-aversio-a-una-religio-si-les-activitats-o-els-ensenyaments-300x169.jpg 300w, https:\/\/percepcions.cat\/wp-content\/uploads\/2025\/03\/Que-hi-ha-de-dolent-en-incitar-a-una-intensa-aversio-a-una-religio-si-les-activitats-o-els-ensenyaments-1024x576.jpg 1024w, https:\/\/percepcions.cat\/wp-content\/uploads\/2025\/03\/Que-hi-ha-de-dolent-en-incitar-a-una-intensa-aversio-a-una-religio-si-les-activitats-o-els-ensenyaments-1536x864.jpg 1536w, https:\/\/percepcions.cat\/wp-content\/uploads\/2025\/03\/Que-hi-ha-de-dolent-en-incitar-a-una-intensa-aversio-a-una-religio-si-les-activitats-o-els-ensenyaments-18x10.jpg 18w, https:\/\/percepcions.cat\/wp-content\/uploads\/2025\/03\/Que-hi-ha-de-dolent-en-incitar-a-una-intensa-aversio-a-una-religio-si-les-activitats-o-els-ensenyaments.jpg 1600w\" title=\"\"><\/a><\/div>\n<div class=\"pt-cv-overlay-wrapper\"><div class=\"pt-cv-content\">Qu\u00e8 hi ha de dolent en incitar a una intensa aversi\u00f3 a una religi\u00f3 si les activitats o els ensenyaments d&#8217;aquesta religi\u00f3 s\u00f3n tan escandalosos, irracionals o abusius dels drets humans que mereixen ser intensament detestats? .-Rowan Atkinson<\/div><\/div><\/div><\/div><\/div><\/div>\t\t\t<style type=\"text\/css\" id=\"pt-cv-inline-style-21c870fvjs\">#pt-cv-view-ffce338abp .pt-cv-overlay-wrapper {justify-content: flex-end;}\n#pt-cv-view-ffce338abp > .pt-cv-page {grid-template-columns: repeat(1, 1fr);grid-gap: 15px;}\n@media all and (max-width: 1024px) { \n#pt-cv-view-ffce338abp > .pt-cv-page {grid-template-columns: repeat(1, 1fr);}\n} \n@media all and (max-width: 767px) { \n#pt-cv-view-ffce338abp > .pt-cv-page {grid-template-columns: repeat(1, 1fr);}\n} <\/style>\r\n\t\t\t\t\t\t<style type=\"text\/css\" id=\"pt-cv-inline-style-b843543iqz\">#pt-cv-view-ffce338abp  .pt-cv-content-item   { border-width: 1px 1px 1px 1px !important; border-style: solid !important; }\n#pt-cv-view-ffce338abp .pt-cv-taxoterm * { font-family: 'Noto Sans', Arial, serif !important; color: #ffffff !important; margin: 0px 0px 0px 0px !important; padding: 1px 6px 1px 6px !important; border-radius: 3px 3px 3px 3px !important; }\n#pt-cv-view-ffce338abp .pt-cv-title a, #pt-cv-view-ffce338abp  .panel-title { font-family: 'Noto Sans', Arial, serif !important; font-size: 20px !important; line-height: 1.3 !important; color: #000000 !important; font-weight: 600 !important; }\n@media (max-width: 767px) {#pt-cv-view-ffce338abp .pt-cv-title a, #pt-cv-view-ffce338abp  .panel-title { font-size: 22px !important }}\n#pt-cv-view-ffce338abp .pt-cv-content , #pt-cv-view-ffce338abp  .pt-cv-content *:not(.pt-cv-readmore):not(style):not(script) { font-family: 'Noto Sans', Arial, serif !important; font-size: 19px !important; line-height: 1.3 !important; color: #000000 !important; font-weight: 600 !important; }\n#pt-cv-view-ffce338abp .pt-cv-meta-fields * { color: #000000 !important; }\n#pt-cv-view-ffce338abp .pt-cv-readmore  { color: #ffffff !important; background-color: #00aeef !important; }\n#pt-cv-view-ffce338abp .pt-cv-readmore:hover  { color: #ffffff !important; background-color: #00aeef !important; }<\/style>\r\n\t\t\t<link href='\/\/fonts.googleapis.com\/css?family=Noto+Sans' rel='stylesheet' type='text\/css'>\n\n\n<div class=\"wp-block-uagb-buttons uagb-buttons__outer-wrap uagb-btn__default-btn uagb-btn-tablet__default-btn uagb-btn-mobile__default-btn uagb-block-cda63ad2\"><div class=\"uagb-buttons__wrap uagb-buttons-layout-wrap \">\n<div class=\"wp-block-uagb-buttons-child uagb-buttons__outer-wrap uagb-block-8b104509 wp-block-button\"><div class=\"uagb-button__wrapper\"><a class=\"uagb-buttons-repeater wp-block-button__link\" aria-label=\"\" href=\"https:\/\/percepcions.cat\/percepcions-de-frases\/\" rel=\"follow noopener\" target=\"_self\" role=\"button\"><div class=\"uagb-button__link\">M\u00e9s Frases<\/div><span class=\"uagb-button__icon uagb-button__icon-position-after\"><svg xmlns=\"https:\/\/www.w3.org\/2000\/svg\" viewBox=\"0 0 448 512\" aria-hidden=\"true\" focussable=\"false\"><path d=\"M438.6 278.6l-160 160C272.4 444.9 264.2 448 256 448s-16.38-3.125-22.62-9.375c-12.5-12.5-12.5-32.75 0-45.25L338.8 288H32C14.33 288 .0016 273.7 .0016 256S14.33 224 32 224h306.8l-105.4-105.4c-12.5-12.5-12.5-32.75 0-45.25s32.75-12.5 45.25 0l160 160C451.1 245.9 451.1 266.1 438.6 278.6z\"><\/path><\/svg><\/span><\/a><\/div><\/div>\n<\/div><\/div>\n<\/div>\n\n\n\n<div class=\"wp-block-uagb-container uagb-block-4277df2b\">\n<div class=\"wp-block-uagb-advanced-heading uagb-block-a0ea22c1\"><p class=\"uagb-heading-text\">Imatge de la Setmana<\/p><\/div>\n\n\n<div class=\"pt-cv-wrapper\"><div class=\"pt-cv-view pt-cv-blockgrid iscvblock iscvhybrid grid1 layout1\" id=\"pt-cv-view-8b1a556yo0\"><div data-id=\"pt-cv-page-1\" class=\"pt-cv-page\" data-cvc=\"1\"><div class=\" pt-cv-content-item pt-cv-1-col\"  data-pid=\"11938\"><div class=\"pt-cv-thumb-wrapper  \"><a href=\"https:\/\/percepcions.cat\/wp-content\/uploads\/2025\/12\/com-hem-arribat-al-Pakistan.jpg\" class=\"pt-cv-lightbox-image pt-cv-href-thumbnail pt-cv-thumb-default cvplbd cvp-lazy-container\" target=\"pt-cv-lightbox-image\"><img loading=\"lazy\" decoding=\"async\" width=\"300\" height=\"169\" src=\"https:\/\/percepcions.cat\/wp-content\/plugins\/pt-content-views-pro\/public\/assets\/images\/lazy_image.png\" class=\"pt-cv-thumbnail img-none skip-lazy  cvplazy\" alt=\"Com hem arribat al Pakistan?\" data-cvpsrc=\"https:\/\/percepcions.cat\/wp-content\/uploads\/2025\/12\/com-hem-arribat-al-Pakistan-300x169.jpg\" data-cvpset=\"https:\/\/percepcions.cat\/wp-content\/uploads\/2025\/12\/com-hem-arribat-al-Pakistan-300x169.jpg 300w, https:\/\/percepcions.cat\/wp-content\/uploads\/2025\/12\/com-hem-arribat-al-Pakistan-18x10.jpg 18w, https:\/\/percepcions.cat\/wp-content\/uploads\/2025\/12\/com-hem-arribat-al-Pakistan.jpg 768w\" title=\"\"><\/a><\/div>\n<div class=\"pt-cv-content\">Com hem arribat al Pakistan?<\/div><\/div><\/div><\/div><\/div>\t\t\t<style type=\"text\/css\" id=\"pt-cv-inline-style-04b44a7ge9\">\n#pt-cv-view-8b1a556yo0 > .pt-cv-page {grid-template-columns: repeat(1, 1fr);grid-gap: 15px;}\n@media all and (max-width: 1024px) { \n#pt-cv-view-8b1a556yo0 > .pt-cv-page {grid-template-columns: repeat(1, 1fr);}\n} \n@media all and (max-width: 767px) { \n#pt-cv-view-8b1a556yo0 > .pt-cv-page {grid-template-columns: repeat(1, 1fr);}\n} <\/style>\r\n\t\t\t\t\t\t<style type=\"text\/css\" id=\"pt-cv-inline-style-33b454558e\">#pt-cv-view-8b1a556yo0  .pt-cv-content-item   { border-width: 1px 1px 1px 1px !important; border-style: solid !important; }\n #pt-cv-view-8b1a556yo0[class*='cveffect'] .pt-cv-thumb-wrapper, #pt-cv-view-8b1a556yo0:not([class*='cveffect']) .pt-cv-thumbnail, #pt-cv-view-8b1a556yo0  .cvp-responsive-image[style*=background-image] { border-width: 2px 2px 2px 2px }\n #pt-cv-view-8b1a556yo0[class*='cveffect'] .pt-cv-thumb-wrapper, #pt-cv-view-8b1a556yo0:not([class*='cveffect']) .pt-cv-thumbnail, #pt-cv-view-8b1a556yo0  .cvp-responsive-image[style*=background-image] { border-style: solid }\n #pt-cv-view-8b1a556yo0[class*='cveffect'] .pt-cv-thumb-wrapper, #pt-cv-view-8b1a556yo0:not([class*='cveffect']) .pt-cv-thumbnail, #pt-cv-view-8b1a556yo0  .cvp-responsive-image[style*=background-image] { border-color: #0f4c81 }\n#pt-cv-view-8b1a556yo0 .pt-cv-taxoterm * { font-family: 'Noto Sans', Arial, serif !important; color: #ffffff !important; margin: 0px 0px 0px 0px !important; padding: 1px 6px 1px 6px !important; border-radius: 3px 3px 3px 3px !important; }\n#pt-cv-view-8b1a556yo0 .pt-cv-title a, #pt-cv-view-8b1a556yo0  .panel-title { font-family: 'Noto Sans', Arial, serif !important; font-size: 20px !important; line-height: 1.3 !important; color: #000000 !important; font-weight: 600 !important; }\n@media (max-width: 767px) {#pt-cv-view-8b1a556yo0 .pt-cv-title a, #pt-cv-view-8b1a556yo0  .panel-title { font-size: 22px !important }}\n#pt-cv-view-8b1a556yo0 .pt-cv-content , #pt-cv-view-8b1a556yo0  .pt-cv-content *:not(.pt-cv-readmore):not(style):not(script) { font-family: 'Noto Sans', Arial, serif !important; font-size: 19px !important; line-height: 1.3 !important; color: #000000 !important; font-weight: 600 !important; }\n#pt-cv-view-8b1a556yo0 .pt-cv-meta-fields * { color: #000000 !important; }\n#pt-cv-view-8b1a556yo0 .pt-cv-readmore  { color: #ffffff !important; background-color: #00aeef !important; }\n#pt-cv-view-8b1a556yo0 .pt-cv-readmore:hover  { color: #ffffff !important; background-color: #00aeef !important; }<\/style>\r\n\t\t\t<link href='\/\/fonts.googleapis.com\/css?family=Noto+Sans' rel='stylesheet' type='text\/css'>\n\n\n<div class=\"wp-block-uagb-buttons uagb-buttons__outer-wrap uagb-btn__default-btn uagb-btn-tablet__default-btn uagb-btn-mobile__default-btn uagb-block-cac61cc6\"><div class=\"uagb-buttons__wrap uagb-buttons-layout-wrap \">\n<div class=\"wp-block-uagb-buttons-child uagb-buttons__outer-wrap uagb-block-3f77c959 wp-block-button\"><div class=\"uagb-button__wrapper\"><a class=\"uagb-buttons-repeater wp-block-button__link\" aria-label=\"\" href=\"https:\/\/percepcions.cat\/humor\/\" rel=\"follow noopener\" target=\"_self\" role=\"button\"><div class=\"uagb-button__link\">M\u00e9s imatges<\/div><span class=\"uagb-button__icon uagb-button__icon-position-after\"><svg xmlns=\"https:\/\/www.w3.org\/2000\/svg\" viewBox=\"0 0 448 512\" aria-hidden=\"true\" focussable=\"false\"><path d=\"M438.6 278.6l-160 160C272.4 444.9 264.2 448 256 448s-16.38-3.125-22.62-9.375c-12.5-12.5-12.5-32.75 0-45.25L338.8 288H32C14.33 288 .0016 273.7 .0016 256S14.33 224 32 224h306.8l-105.4-105.4c-12.5-12.5-12.5-32.75 0-45.25s32.75-12.5 45.25 0l160 160C451.1 245.9 451.1 266.1 438.6 278.6z\"><\/path><\/svg><\/span><\/a><\/div><\/div>\n<\/div><\/div>\n<\/div>\n<\/div><\/div>\n\n\n\n<figure class=\"wp-block-image aligncenter size-large\"><img loading=\"lazy\" decoding=\"async\" width=\"967\" height=\"476\" src=\"https:\/\/percepcions.cat\/wp-content\/uploads\/2026\/05\/montpellier-ovmf-carrement-immo.jpg\" alt=\"Captura del portal Carr\u00e9ment Immo de Montpellier amb les dades OVMF superposades\" class=\"wp-image-13502\" title=\"\" srcset=\"https:\/\/percepcions.cat\/wp-content\/uploads\/2026\/05\/montpellier-ovmf-carrement-immo.jpg 967w, https:\/\/percepcions.cat\/wp-content\/uploads\/2026\/05\/montpellier-ovmf-carrement-immo-300x148.jpg 300w, https:\/\/percepcions.cat\/wp-content\/uploads\/2026\/05\/montpellier-ovmf-carrement-immo-768x378.jpg 768w, https:\/\/percepcions.cat\/wp-content\/uploads\/2026\/05\/montpellier-ovmf-carrement-immo-18x9.jpg 18w\" sizes=\"auto, (max-width: 967px) 100vw, 967px\" \/><figcaption class=\"wp-element-caption\">Portal Carr\u00e9ment Immo amb les dades de l&#8217;\u00cdndex OVMF de Montpellier superposades<\/figcaption><\/figure>\n\n\n\n<p><\/p>\n","protected":false},"excerpt":{"rendered":"<p>Candidatos musulmanes, mujeres con velos, carteles en lenguas extranjeras y llamadas religiosas entran de lleno en la campa\u00f1a municipal de mayo. Venecia es el caso m\u00e1s visible, con siete candidatos de Bangladesh.<\/p>","protected":false},"author":2,"featured_media":13533,"comment_status":"closed","ping_status":"closed","sticky":false,"template":"","format":"standard","meta":{"_uag_custom_page_level_css":"","site-sidebar-layout":"no-sidebar","site-content-layout":"","ast-site-content-layout":"normal-width-container","site-content-style":"unboxed","site-sidebar-style":"default","ast-global-header-display":"","ast-banner-title-visibility":"","ast-main-header-display":"","ast-hfb-above-header-display":"","ast-hfb-below-header-display":"","ast-hfb-mobile-header-display":"","site-post-title":"disabled","ast-breadcrumbs-content":"","ast-featured-img":"","footer-sml-layout":"","ast-disable-related-posts":"","theme-transparent-header-meta":"","adv-header-id-meta":"","stick-header-meta":"","header-above-stick-meta":"","header-main-stick-meta":"","header-below-stick-meta":"","astra-migrate-meta-layouts":"default","ast-page-background-enabled":"default","ast-page-background-meta":{"desktop":{"background-color":"var(--ast-global-color-5)","background-image":"","background-repeat":"repeat","background-position":"center center","background-size":"auto","background-attachment":"scroll","background-type":"","background-media":"","overlay-type":"","overlay-color":"","overlay-opacity":"","overlay-gradient":""},"tablet":{"background-color":"","background-image":"","background-repeat":"repeat","background-position":"center center","background-size":"auto","background-attachment":"scroll","background-type":"","background-media":"","overlay-type":"","overlay-color":"","overlay-opacity":"","overlay-gradient":""},"mobile":{"background-color":"","background-image":"","background-repeat":"repeat","background-position":"center center","background-size":"auto","background-attachment":"scroll","background-type":"","background-media":"","overlay-type":"","overlay-color":"","overlay-opacity":"","overlay-gradient":""}},"ast-content-background-meta":{"desktop":{"background-color":"var(--ast-global-color-4)","background-image":"","background-repeat":"repeat","background-position":"center center","background-size":"auto","background-attachment":"scroll","background-type":"","background-media":"","overlay-type":"","overlay-color":"","overlay-opacity":"","overlay-gradient":""},"tablet":{"background-color":"var(--ast-global-color-4)","background-image":"","background-repeat":"repeat","background-position":"center center","background-size":"auto","background-attachment":"scroll","background-type":"","background-media":"","overlay-type":"","overlay-color":"","overlay-opacity":"","overlay-gradient":""},"mobile":{"background-color":"var(--ast-global-color-4)","background-image":"","background-repeat":"repeat","background-position":"center center","background-size":"auto","background-attachment":"scroll","background-type":"","background-media":"","overlay-type":"","overlay-color":"","overlay-opacity":"","overlay-gradient":""}},"footnotes":""},"categories":[4,3],"tags":[46],"class_list":["post-13518","post","type-post","status-publish","format-standard","has-post-thumbnail","hentry","category-immigracio","category-islam","tag-italia"],"uagb_featured_image_src":{"full":["https:\/\/percepcions.cat\/wp-content\/uploads\/2026\/05\/Candidats-municipals-de-lesquerra-a-Italia-demanen.jpg",1080,729,false],"thumbnail":["https:\/\/percepcions.cat\/wp-content\/uploads\/2026\/05\/Candidats-municipals-de-lesquerra-a-Italia-demanen-150x150.jpg",150,150,true],"medium":["https:\/\/percepcions.cat\/wp-content\/uploads\/2026\/05\/Candidats-municipals-de-lesquerra-a-Italia-demanen-300x203.jpg",300,203,true],"medium_large":["https:\/\/percepcions.cat\/wp-content\/uploads\/2026\/05\/Candidats-municipals-de-lesquerra-a-Italia-demanen-768x518.jpg",768,518,true],"large":["https:\/\/percepcions.cat\/wp-content\/uploads\/2026\/05\/Candidats-municipals-de-lesquerra-a-Italia-demanen-1024x691.jpg",1024,691,true],"1536x1536":["https:\/\/percepcions.cat\/wp-content\/uploads\/2026\/05\/Candidats-municipals-de-lesquerra-a-Italia-demanen.jpg",1080,729,false],"2048x2048":["https:\/\/percepcions.cat\/wp-content\/uploads\/2026\/05\/Candidats-municipals-de-lesquerra-a-Italia-demanen.jpg",1080,729,false],"trp-custom-language-flag":["https:\/\/percepcions.cat\/wp-content\/uploads\/2026\/05\/Candidats-municipals-de-lesquerra-a-Italia-demanen-18x12.jpg",18,12,true]},"uagb_author_info":{"display_name":"Percepcions","author_link":"https:\/\/percepcions.cat\/es\/author\/percepcions\/"},"uagb_comment_info":0,"uagb_excerpt":"Candidats musulmans, dones amb vels, cartells en lleng\u00fces estrangeres i crides religioses entren de ple en la campanya municipal del mes de maig. Ven\u00e8cia \u00e9s el cas m\u00e9s visible, amb set candidats de Bangladesh.","_links":{"self":[{"href":"https:\/\/percepcions.cat\/es\/wp-json\/wp\/v2\/posts\/13518","targetHints":{"allow":["GET"]}}],"collection":[{"href":"https:\/\/percepcions.cat\/es\/wp-json\/wp\/v2\/posts"}],"about":[{"href":"https:\/\/percepcions.cat\/es\/wp-json\/wp\/v2\/types\/post"}],"author":[{"embeddable":true,"href":"https:\/\/percepcions.cat\/es\/wp-json\/wp\/v2\/users\/2"}],"replies":[{"embeddable":true,"href":"https:\/\/percepcions.cat\/es\/wp-json\/wp\/v2\/comments?post=13518"}],"version-history":[{"count":12,"href":"https:\/\/percepcions.cat\/es\/wp-json\/wp\/v2\/posts\/13518\/revisions"}],"predecessor-version":[{"id":13540,"href":"https:\/\/percepcions.cat\/es\/wp-json\/wp\/v2\/posts\/13518\/revisions\/13540"}],"wp:featuredmedia":[{"embeddable":true,"href":"https:\/\/percepcions.cat\/es\/wp-json\/wp\/v2\/media\/13533"}],"wp:attachment":[{"href":"https:\/\/percepcions.cat\/es\/wp-json\/wp\/v2\/media?parent=13518"}],"wp:term":[{"taxonomy":"category","embeddable":true,"href":"https:\/\/percepcions.cat\/es\/wp-json\/wp\/v2\/categories?post=13518"},{"taxonomy":"post_tag","embeddable":true,"href":"https:\/\/percepcions.cat\/es\/wp-json\/wp\/v2\/tags?post=13518"}],"curies":[{"name":"wp","href":"https:\/\/api.w.org\/{rel}","templated":true}]}}