{"id":12945,"date":"2026-03-05T08:59:00","date_gmt":"2026-03-05T07:59:00","guid":{"rendered":"https:\/\/percepcions.cat\/?p=12945"},"modified":"2026-03-06T08:19:51","modified_gmt":"2026-03-06T07:19:51","slug":"bonpreu-promociona-un-iftar","status":"publish","type":"post","link":"https:\/\/percepcions.cat\/es\/bonpreu-promociona-un-iftar\/","title":{"rendered":"Bonpreu patrocina un iftar en Lleida en el que participa una predicadora conservadora del islam"},"content":{"rendered":"\n<div class=\"wp-block-uagb-container uagb-block-9cb50b66 alignfull uagb-is-root-container\"><div class=\"uagb-container-inner-blocks-wrap\">\n<div class=\"wp-block-uagb-advanced-heading uagb-block-fa03ca8d\"><h1 class=\"uagb-heading-text\">Bonpreu patrocina un iftar a Lleida on hi participa una predicadora conservadora de l&#8217;islam<\/h1><\/div>\n<\/div><\/div>\n\n\n\n<div class=\"wp-block-uagb-container uagb-block-57950bc9 alignfull uagb-is-root-container\"><div class=\"uagb-container-inner-blocks-wrap\">\n<div class=\"wp-block-uagb-advanced-heading uagb-block-e7f221fc\"><p class=\"uagb-heading-text\">La trobada religiosa del Ramad\u00e0 a Lleida es presenta com a \u00abacte de conviv\u00e8ncia\u00bb. Inclou una confer\u00e8ncia titulada \u00abRamad\u00e0 a Espanya: mem\u00f2ria, identitat i pertinen\u00e7a\u00bb, a c\u00e0rrec d&#8217;Aicha Fern\u00e1ndez.<\/p><\/div>\n<\/div><\/div>\n\n\n\n<div class=\"wp-block-uagb-container uagb-block-2791000d alignfull uagb-is-root-container\"><div class=\"uagb-container-inner-blocks-wrap\"><div style=\"font-size:12px;padding-right:0;padding-left:0\" class=\"wp-block-post-date\"><time datetime=\"2026-03-05T08:59:00+01:00\">5 de marzo de 2026<\/time><\/div><\/div><\/div>\n\n\n\n<div class=\"wp-block-uagb-container uagb-layout-flex uagb-block-3668bbc1 default uagb-is-root-container\"><\/div>\n\n\n\n<div class=\"wp-block-uagb-container uagb-block-c2d10651 alignfull uagb-is-root-container\"><div class=\"uagb-container-inner-blocks-wrap\">\n<div class=\"wp-block-uagb-container uagb-block-09c39753\">\n<div class=\"wp-block-uagb-container uagb-block-8640ecc5\">\n<div class=\"wp-block-uagb-advanced-heading uagb-block-1088a23c\"><p class=\"uagb-heading-text\">Cartell de l&#8217;acte religi\u00f3s amb el patrocini de Bonpreu<\/p><\/div>\n\n\n\n<div class=\"wp-block-uagb-advanced-heading uagb-block-6b74a682\"><p class=\"uagb-heading-text\">Integra Lleida<\/p><\/div>\n<\/div>\n<\/div>\n\n\n\n<div class=\"wp-block-uagb-container uagb-block-470585bf\"><style type=\"text\/css\">.essb_links.essb_size_m .essb_link_svg_icon svg{height:18px;width:auto}.essb_links.essb_size_m .essb_icon{width:36px !important;height:36px !important}.essb_links.essb_size_m .essb_icon:before{font-size:18px !important;top:9px !important;left:9px !important}.essb_links.essb_size_m li a .essb_network_name{font-size:13px !important;font-weight:400 !important;line-height:12px !important}<\/style><div class=\"essb_links essb_displayed_shortcode essb_share essb_template_default4-retina essb_template_glow-retina essb_469313514 essb_size_m essb_links_right essb_mobile_hidden print-no\" id=\"essb_displayed_shortcode_469313514\" data-essb-postid=\"12945\" data-essb-position=\"shortcode\" data-essb-button-style=\"button\" data-essb-template=\"default4-retina essb_template_glow-retina\" data-essb-counter-pos=\"hidden\" data-essb-url=\"https:\/\/percepcions.cat\/es\/bonpreu-promociona-un-iftar\/\" data-essb-fullurl=\"https:\/\/percepcions.cat\/es\/bonpreu-promociona-un-iftar\/\" data-essb-instance=\"469313514\"><ul class=\"essb_links_list\"><li class=\"essb_item essb_link_twitter nolightbox essb_link_twitter_x essb_link_svg_icon\"> <a href=\"https:\/\/x.com\/intent\/post?text=Bonpreu%20patrocina%20un%20iftar%20a%20Lleida%20on%20hi%20participa%20una%20predicadora%20conservadora%20de%20l%27islam&amp;url=https%3A%2F%2Fpercepcions.cat%2Fes%2Fbonpreu-promociona-un-iftar%2F&amp;hashtags=#Percepcions\" title=\"Share on Twitter\" onclick=\"essb.window(&#39;https:\/\/x.com\/intent\/post?text=Bonpreu%20patrocina%20un%20iftar%20a%20Lleida%20on%20hi%20participa%20una%20predicadora%20conservadora%20de%20l%27islam&amp;url=https%3A%2F%2Fpercepcions.cat%2Fes%2Fbonpreu-promociona-un-iftar%2F&amp;hashtags=#Percepcions&#39;,&#39;twitter&#39;,&#39;469313514&#39;); return false;\" target=\"_blank\" rel=\"noreferrer noopener nofollow\" class=\"nolightbox essb-s-bg-twitter essb-s-c-light essb-s-ch-light essb-s-bgh-dark essb-s-bg-network\" ><span class=\"essb_icon essb_icon_twitter_x\"><svg class=\"essb-svg-icon essb-svg-icon-twitter_x\" aria-hidden=\"true\" role=\"img\" focusable=\"false\" viewbox=\"0 0 24 24\"><path d=\"M18.244 2.25h3.308l-7.227 8.26 8.502 11.24H16.17l-5.214-6.817L4.99 21.75H1.68l7.73-8.835L1.254 2.25H8.08l4.713 6.231zm-1.161 17.52h1.833L7.084 4.126H5.117z\"><\/path><\/svg><\/span><span class=\"essb_network_name\">Twitter<\/span><\/a><\/li><li class=\"essb_item essb_link_whatsapp nolightbox essb_link_svg_icon\"> <a href=\"whatsapp:\/\/send?text=Bonpreu%20patrocina%20un%20iftar%20a%20Lleida%20on%20hi%20participa%20una%20predicadora%20conservadora%20de%20l%27islam%20https%3A%2F%2Fpercepcions.cat%2Fes%2Fbonpreu-promociona-un-iftar%2F\" title=\"Share on WhatsApp\" onclick=\"essb.whatsapp('Bonpreu%20patrocina%20un%20iftar%20a%20Lleida%20on%20hi%20participa%20una%20predicadora%20conservadora%20de%20l%27islam%20https%3A%2F%2Fpercepcions.cat%2Fes%2Fbonpreu-promociona-un-iftar%2F', '469313514'); return false;\" target=\"_blank\" rel=\"noreferrer noopener nofollow\" class=\"nolightbox essb-s-bg-whatsapp essb-s-c-light essb-s-ch-light essb-s-bgh-dark essb-s-bg-network\" ><span class=\"essb_icon essb_icon_whatsapp\"><svg class=\"essb-svg-icon essb-svg-icon-whatsapp\" aria-hidden=\"true\" role=\"img\" focusable=\"false\" width=\"32\" height=\"32\" viewbox=\"0 0 32 32\" xmlns=\"http:\/\/www.w3.org\/2000\/svg\"><path d=\"M27.313 4.625c-3-3-7-4.625-11.25-4.625-8.75 0-15.875 7.125-15.875 15.875 0 2.75 0.75 5.5 2.125 7.938l-2.25 8.188 8.438-2.188c2.313 1.25 4.875 1.938 7.563 1.938v0c0 0 0 0 0 0 8.75 0 15.875-7.125 15.875-15.875 0-4.25-1.625-8.25-4.625-11.25zM16.063 29.063v0c-2.375 0-4.688-0.625-6.688-1.875l-0.5-0.25-5 1.313 1.313-4.875-0.313-0.5c-1.313-2.125-2-4.5-2-7 0-7.313 5.938-13.188 13.188-13.188 3.5 0 6.813 1.375 9.313 3.875s3.875 5.813 3.875 9.313c0 7.25-5.938 13.188-13.188 13.188zM23.313 19.188c-0.438-0.188-2.375-1.188-2.75-1.313-0.313-0.125-0.625-0.188-0.875 0.188-0.25 0.438-1 1.313-1.25 1.563s-0.438 0.313-0.875 0.125c-0.375-0.188-1.625-0.625-3.188-2-1.125-1-1.938-2.313-2.188-2.75-0.25-0.375 0-0.563 0.188-0.813 0.188-0.125 0.375-0.438 0.563-0.688 0.25-0.188 0.313-0.375 0.438-0.625s0.063-0.5-0.063-0.688c-0.063-0.188-0.875-2.188-1.188-2.938-0.375-0.813-0.688-0.688-0.938-0.688-0.188 0-0.5 0-0.75 0s-0.688 0.063-1.063 0.438c-0.375 0.438-1.375 1.375-1.375 3.313 0 2 1.438 3.875 1.625 4.125s2.813 4.25 6.75 6c0.938 0.375 1.688 0.625 2.25 0.813 1 0.313 1.813 0.25 2.5 0.188 0.813-0.125 2.375-1 2.688-1.938 0.375-0.875 0.375-1.688 0.25-1.875-0.125-0.125-0.375-0.25-0.75-0.438z\"><\/path><\/svg><\/span><span class=\"essb_network_name\">WhatsApp<\/span><\/a><\/li><li class=\"essb_item essb_link_meneame nolightbox essb_link_svg_icon\"> <a href=\"http:\/\/www.meneame.net\/submit.php?url=https%3A%2F%2Fpercepcions.cat%2Fes%2Fbonpreu-promociona-un-iftar%2F\" title=\"Share on Meneame\" onclick=\"essb.window(&#39;http:\/\/www.meneame.net\/submit.php?url=https%3A%2F%2Fpercepcions.cat%2Fes%2Fbonpreu-promociona-un-iftar%2F&#39;,&#39;meneame&#39;,&#39;469313514&#39;); return false;\" target=\"_blank\" rel=\"noreferrer noopener nofollow\" class=\"nolightbox essb-s-bg-meneame essb-s-c-light essb-s-ch-light essb-s-bgh-dark essb-s-bg-network\" ><span class=\"essb_icon essb_icon_meneame\"><svg class=\"essb-svg-icon essb-svg-icon-meneame\" aria-hidden=\"true\" role=\"img\" focusable=\"false\" xmlns=\"http:\/\/www.w3.org\/2000\/svg\" width=\"32\" height=\"32\" viewbox=\"0 0 97.75 97.75\"><path d=\"M48.875,0C21.882,0,0,21.883,0,48.875S21.882,97.75,48.875,97.75S97.75,75.867,97.75,48.875S75.868,0,48.875,0z M33.509,22.451C36.467,20,39.98,18.812,43.711,18.15c5.854-1.037,11.391,0.1,16.748,2.418c2.752,1.189,5.409,2.598,8.252,3.58c0.626,0.219,1.26,0.414,1.921,0.508c1.19,0.166,2.166-0.236,2.949-1.123c1.024-1.156,1.386-2.549,1.384-4.064c0.287-0.018,0.348,0.209,0.439,0.379c0.873,1.605,0.625,4.217-0.562,5.578c-1.24,1.424-2.892,1.678-4.646,1.475c-1.991-0.23-3.887-0.813-5.703-1.678c-3.415-1.629-6.879-3.131-10.59-3.971c-4.645-1.051-9.253-0.867-13.762,0.631c-6.564,2.18-10.016,8.703-8.229,15.398c1.031,3.863,3.204,6.906,6.598,9.057c1.469,0.932,3.088,1.223,4.795,1.201c1.729-0.025,3.413-0.361,5.101-0.682c0.291-0.055,0.576-0.127,1.029,0.008c-1.473,0.914-2.945,1.432-4.498,1.758c-2.274,0.479-4.557,0.479-6.829,0.041c-1.963-0.375-3.574-1.436-4.874-2.912c-2.574-2.928-4.43-6.234-4.979-10.156C27.502,30.221,29.386,25.867,33.509,22.451z M51.924,79.834c-3.04,0.246-6.084,0.385-9.135,0.43c-4.29,0.064-8.596,0.094-12.827-0.619c-6.876-1.158-12.204-4.58-14.791-11.334c-1.387-3.625-1.212-7.399-0.096-11.08c1.675-5.521,4.209-10.587,8.335-14.733c1.068-1.074,2.271-1.998,3.45-2.947c0.115-0.092,0.223-0.236,0.457-0.16c-0.054,0.35-0.252,0.617-0.442,0.889c-3.206,4.574-5.952,9.396-8.023,14.598c-1.442,3.623-1.788,7.324-0.836,11.109c1.18,4.686,4.299,7.578,8.695,9.279c3.188,1.231,6.512,1.823,9.883,2.223c4.687,0.553,9.39,0.924,14.085,1.379c0.451,0.043,0.898,0.168,1.34,0.287c0.213,0.057,0.485,0.145,0.457,0.432C52.441,79.916,52.132,79.816,51.924,79.834z M54.23,79.592c-0.146,0.199-0.308,0.451-0.604,0.348c-0.265-0.092-0.229-0.371-0.239-0.594c-0.07-1.59,0.188-3.154,0.334-4.729c0.211-2.256,0.59-4.5,0.381-6.785c-0.065-0.723-0.396-1.162-1.039-1.469c-1.896-0.91-3.929-1.205-5.984-1.406c-2.513-0.244-5.038-0.221-7.555-0.373c-0.159-0.008-0.314-0.041-0.472-0.062c4.862-0.799,9.715-1.236,14.604-0.65c2.328,0.279,2.771,0.756,2.826,3.105c0.088,3.719-0.434,7.362-1.486,10.93C54.816,78.5,54.6,79.084,54.23,79.592z M79.469,33.182c-1.754,1.672-3.908,2.707-6.031,3.787c-1.92,0.975-3.898,1.838-5.707,3.023c-1.969,1.289-3.603,2.861-4.146,5.262c-0.44,1.953-0.083,3.885,0.312,5.795c0.863,4.203,2.564,8.117,4.246,12.033c0.869,2.021,1.795,4.02,2.486,6.109c1.115,3.369,0.186,5.967-2.814,7.858c-2.156,1.359-4.572,1.955-7.053,2.351c-1.451,0.229-2.918,0.301-4.421,0.397c-0.313-0.104-0.901,0.246-0.997-0.192c-0.092-0.431,0.522-0.57,0.881-0.722c2.176-0.905,4.371-1.771,6.551-2.674c1.354-0.563,2.678-1.199,3.896-2.028c0.418-0.285,0.804-0.611,1.142-0.988c0.539-0.601,0.668-1.234,0.354-2.021c-1.655-4.148-3.506-8.223-4.957-12.451c-1.17-3.412-2.101-6.869-2.347-10.498c-0.29-4.279,1.191-7.606,4.885-9.897c1.74-1.08,3.611-1.887,5.482-2.695c2.313-1,4.604-2.025,6.633-3.576c3.037-2.316,4.035-5.424,3.775-9.09c-0.117-1.65-0.393-3.27-0.77-4.877c-0.044-0.184-0.292-0.451,0.035-0.594c0.297-0.127,0.453,0.102,0.582,0.336c0.988,1.799,1.762,3.662,2.005,5.729C83.957,27.529,82.217,30.559,79.469,33.182z\" \/><\/svg><\/span><span class=\"essb_network_name\">Meneame<\/span><\/a><\/li><li class=\"essb_item essb_link_telegram nolightbox essb_link_svg_icon\"> <a href=\"tg:\/\/msg?text=Bonpreu%20patrocina%20un%20iftar%20a%20Lleida%20on%20hi%20participa%20una%20predicadora%20conservadora%20de%20l%27islam%20https%3A%2F%2Fpercepcions.cat%2Fes%2Fbonpreu-promociona-un-iftar%2F\" title=\"Share on Telegram\" onclick=\"essb.tracking_only('', 'telegram', '469313514', true);\" target=\"_blank\" rel=\"noreferrer noopener nofollow\" class=\"nolightbox essb-s-bg-telegram essb-s-c-light essb-s-ch-light essb-s-bgh-dark essb-s-bg-network\" ><span class=\"essb_icon essb_icon_telegram\"><svg class=\"essb-svg-icon essb-svg-icon-telegram\" aria-hidden=\"true\" role=\"img\" focusable=\"false\" width=\"28\" height=\"32\" viewbox=\"0 0 28 32\" xmlns=\"http:\/\/www.w3.org\/2000\/svg\"><path d=\"M27.919 6.162l-4.225 19.925c-0.319 1.406-1.15 1.756-2.331 1.094l-6.438-4.744-3.106 2.988c-0.344 0.344-0.631 0.631-1.294 0.631l0.463-6.556 11.931-10.781c0.519-0.463-0.113-0.719-0.806-0.256l-14.75 9.287-6.35-1.988c-1.381-0.431-1.406-1.381 0.288-2.044l24.837-9.569c1.15-0.431 2.156 0.256 1.781 2.013z\"><\/path><\/svg><\/span><span class=\"essb_network_name\">Telegram<\/span><\/a><\/li><\/ul><\/div>\n\n\n<style type=\"text\/css\"><\/style><div class=\"essb_links essb_displayed_shortcode essb_share essb_template_default4-retina essb_template_glow-retina essb_1617924361 essb_size_m essb_links_center essb_tablet_hidden essb_desktop_hidden print-no\" id=\"essb_displayed_shortcode_1617924361\" data-essb-postid=\"12945\" data-essb-position=\"shortcode\" data-essb-button-style=\"icon\" data-essb-template=\"default4-retina essb_template_glow-retina\" data-essb-counter-pos=\"hidden\" data-essb-url=\"https:\/\/percepcions.cat\/es\/bonpreu-promociona-un-iftar\/\" data-essb-fullurl=\"https:\/\/percepcions.cat\/es\/bonpreu-promociona-un-iftar\/\" data-essb-instance=\"1617924361\"><ul class=\"essb_links_list essb_force_hide_name essb_force_hide\"><li class=\"essb_item essb_link_twitter nolightbox essb_link_twitter_x essb_link_svg_icon\"> <a href=\"https:\/\/x.com\/intent\/post?text=Bonpreu%20patrocina%20un%20iftar%20a%20Lleida%20on%20hi%20participa%20una%20predicadora%20conservadora%20de%20l%27islam&amp;url=https%3A%2F%2Fpercepcions.cat%2Fes%2Fbonpreu-promociona-un-iftar%2F&amp;hashtags=#Percepcions\" title=\"Share on Twitter\" onclick=\"essb.window(&#39;https:\/\/x.com\/intent\/post?text=Bonpreu%20patrocina%20un%20iftar%20a%20Lleida%20on%20hi%20participa%20una%20predicadora%20conservadora%20de%20l%27islam&amp;url=https%3A%2F%2Fpercepcions.cat%2Fes%2Fbonpreu-promociona-un-iftar%2F&amp;hashtags=#Percepcions&#39;,&#39;twitter&#39;,&#39;1617924361&#39;); return false;\" target=\"_blank\" rel=\"noreferrer noopener nofollow\" class=\"nolightbox essb-s-bg-twitter essb-s-c-light essb-s-ch-light essb-s-bgh-dark essb-s-bg-network\" ><span class=\"essb_icon essb_icon_twitter_x\"><svg class=\"essb-svg-icon essb-svg-icon-twitter_x\" aria-hidden=\"true\" role=\"img\" focusable=\"false\" viewbox=\"0 0 24 24\"><path d=\"M18.244 2.25h3.308l-7.227 8.26 8.502 11.24H16.17l-5.214-6.817L4.99 21.75H1.68l7.73-8.835L1.254 2.25H8.08l4.713 6.231zm-1.161 17.52h1.833L7.084 4.126H5.117z\"><\/path><\/svg><\/span><span class=\"essb_network_name essb_noname\"><\/span><\/a><\/li><li class=\"essb_item essb_link_whatsapp nolightbox essb_link_svg_icon\"> <a href=\"whatsapp:\/\/send?text=Bonpreu%20patrocina%20un%20iftar%20a%20Lleida%20on%20hi%20participa%20una%20predicadora%20conservadora%20de%20l%27islam%20https%3A%2F%2Fpercepcions.cat%2Fes%2Fbonpreu-promociona-un-iftar%2F\" title=\"Share on WhatsApp\" onclick=\"essb.whatsapp('Bonpreu%20patrocina%20un%20iftar%20a%20Lleida%20on%20hi%20participa%20una%20predicadora%20conservadora%20de%20l%27islam%20https%3A%2F%2Fpercepcions.cat%2Fes%2Fbonpreu-promociona-un-iftar%2F', '1617924361'); return false;\" target=\"_blank\" rel=\"noreferrer noopener nofollow\" class=\"nolightbox essb-s-bg-whatsapp essb-s-c-light essb-s-ch-light essb-s-bgh-dark essb-s-bg-network\" ><span class=\"essb_icon essb_icon_whatsapp\"><svg class=\"essb-svg-icon essb-svg-icon-whatsapp\" aria-hidden=\"true\" role=\"img\" focusable=\"false\" width=\"32\" height=\"32\" viewbox=\"0 0 32 32\" xmlns=\"http:\/\/www.w3.org\/2000\/svg\"><path d=\"M27.313 4.625c-3-3-7-4.625-11.25-4.625-8.75 0-15.875 7.125-15.875 15.875 0 2.75 0.75 5.5 2.125 7.938l-2.25 8.188 8.438-2.188c2.313 1.25 4.875 1.938 7.563 1.938v0c0 0 0 0 0 0 8.75 0 15.875-7.125 15.875-15.875 0-4.25-1.625-8.25-4.625-11.25zM16.063 29.063v0c-2.375 0-4.688-0.625-6.688-1.875l-0.5-0.25-5 1.313 1.313-4.875-0.313-0.5c-1.313-2.125-2-4.5-2-7 0-7.313 5.938-13.188 13.188-13.188 3.5 0 6.813 1.375 9.313 3.875s3.875 5.813 3.875 9.313c0 7.25-5.938 13.188-13.188 13.188zM23.313 19.188c-0.438-0.188-2.375-1.188-2.75-1.313-0.313-0.125-0.625-0.188-0.875 0.188-0.25 0.438-1 1.313-1.25 1.563s-0.438 0.313-0.875 0.125c-0.375-0.188-1.625-0.625-3.188-2-1.125-1-1.938-2.313-2.188-2.75-0.25-0.375 0-0.563 0.188-0.813 0.188-0.125 0.375-0.438 0.563-0.688 0.25-0.188 0.313-0.375 0.438-0.625s0.063-0.5-0.063-0.688c-0.063-0.188-0.875-2.188-1.188-2.938-0.375-0.813-0.688-0.688-0.938-0.688-0.188 0-0.5 0-0.75 0s-0.688 0.063-1.063 0.438c-0.375 0.438-1.375 1.375-1.375 3.313 0 2 1.438 3.875 1.625 4.125s2.813 4.25 6.75 6c0.938 0.375 1.688 0.625 2.25 0.813 1 0.313 1.813 0.25 2.5 0.188 0.813-0.125 2.375-1 2.688-1.938 0.375-0.875 0.375-1.688 0.25-1.875-0.125-0.125-0.375-0.25-0.75-0.438z\"><\/path><\/svg><\/span><span class=\"essb_network_name essb_noname\"><\/span><\/a><\/li><li class=\"essb_item essb_link_meneame nolightbox essb_link_svg_icon\"> <a href=\"http:\/\/www.meneame.net\/submit.php?url=https%3A%2F%2Fpercepcions.cat%2Fes%2Fbonpreu-promociona-un-iftar%2F\" title=\"Share on Meneame\" onclick=\"essb.window(&#39;http:\/\/www.meneame.net\/submit.php?url=https%3A%2F%2Fpercepcions.cat%2Fes%2Fbonpreu-promociona-un-iftar%2F&#39;,&#39;meneame&#39;,&#39;1617924361&#39;); return false;\" target=\"_blank\" rel=\"noreferrer noopener nofollow\" class=\"nolightbox essb-s-bg-meneame essb-s-c-light essb-s-ch-light essb-s-bgh-dark essb-s-bg-network\" ><span class=\"essb_icon essb_icon_meneame\"><svg class=\"essb-svg-icon essb-svg-icon-meneame\" aria-hidden=\"true\" role=\"img\" focusable=\"false\" xmlns=\"http:\/\/www.w3.org\/2000\/svg\" width=\"32\" height=\"32\" viewbox=\"0 0 97.75 97.75\"><path d=\"M48.875,0C21.882,0,0,21.883,0,48.875S21.882,97.75,48.875,97.75S97.75,75.867,97.75,48.875S75.868,0,48.875,0z M33.509,22.451C36.467,20,39.98,18.812,43.711,18.15c5.854-1.037,11.391,0.1,16.748,2.418c2.752,1.189,5.409,2.598,8.252,3.58c0.626,0.219,1.26,0.414,1.921,0.508c1.19,0.166,2.166-0.236,2.949-1.123c1.024-1.156,1.386-2.549,1.384-4.064c0.287-0.018,0.348,0.209,0.439,0.379c0.873,1.605,0.625,4.217-0.562,5.578c-1.24,1.424-2.892,1.678-4.646,1.475c-1.991-0.23-3.887-0.813-5.703-1.678c-3.415-1.629-6.879-3.131-10.59-3.971c-4.645-1.051-9.253-0.867-13.762,0.631c-6.564,2.18-10.016,8.703-8.229,15.398c1.031,3.863,3.204,6.906,6.598,9.057c1.469,0.932,3.088,1.223,4.795,1.201c1.729-0.025,3.413-0.361,5.101-0.682c0.291-0.055,0.576-0.127,1.029,0.008c-1.473,0.914-2.945,1.432-4.498,1.758c-2.274,0.479-4.557,0.479-6.829,0.041c-1.963-0.375-3.574-1.436-4.874-2.912c-2.574-2.928-4.43-6.234-4.979-10.156C27.502,30.221,29.386,25.867,33.509,22.451z M51.924,79.834c-3.04,0.246-6.084,0.385-9.135,0.43c-4.29,0.064-8.596,0.094-12.827-0.619c-6.876-1.158-12.204-4.58-14.791-11.334c-1.387-3.625-1.212-7.399-0.096-11.08c1.675-5.521,4.209-10.587,8.335-14.733c1.068-1.074,2.271-1.998,3.45-2.947c0.115-0.092,0.223-0.236,0.457-0.16c-0.054,0.35-0.252,0.617-0.442,0.889c-3.206,4.574-5.952,9.396-8.023,14.598c-1.442,3.623-1.788,7.324-0.836,11.109c1.18,4.686,4.299,7.578,8.695,9.279c3.188,1.231,6.512,1.823,9.883,2.223c4.687,0.553,9.39,0.924,14.085,1.379c0.451,0.043,0.898,0.168,1.34,0.287c0.213,0.057,0.485,0.145,0.457,0.432C52.441,79.916,52.132,79.816,51.924,79.834z M54.23,79.592c-0.146,0.199-0.308,0.451-0.604,0.348c-0.265-0.092-0.229-0.371-0.239-0.594c-0.07-1.59,0.188-3.154,0.334-4.729c0.211-2.256,0.59-4.5,0.381-6.785c-0.065-0.723-0.396-1.162-1.039-1.469c-1.896-0.91-3.929-1.205-5.984-1.406c-2.513-0.244-5.038-0.221-7.555-0.373c-0.159-0.008-0.314-0.041-0.472-0.062c4.862-0.799,9.715-1.236,14.604-0.65c2.328,0.279,2.771,0.756,2.826,3.105c0.088,3.719-0.434,7.362-1.486,10.93C54.816,78.5,54.6,79.084,54.23,79.592z M79.469,33.182c-1.754,1.672-3.908,2.707-6.031,3.787c-1.92,0.975-3.898,1.838-5.707,3.023c-1.969,1.289-3.603,2.861-4.146,5.262c-0.44,1.953-0.083,3.885,0.312,5.795c0.863,4.203,2.564,8.117,4.246,12.033c0.869,2.021,1.795,4.02,2.486,6.109c1.115,3.369,0.186,5.967-2.814,7.858c-2.156,1.359-4.572,1.955-7.053,2.351c-1.451,0.229-2.918,0.301-4.421,0.397c-0.313-0.104-0.901,0.246-0.997-0.192c-0.092-0.431,0.522-0.57,0.881-0.722c2.176-0.905,4.371-1.771,6.551-2.674c1.354-0.563,2.678-1.199,3.896-2.028c0.418-0.285,0.804-0.611,1.142-0.988c0.539-0.601,0.668-1.234,0.354-2.021c-1.655-4.148-3.506-8.223-4.957-12.451c-1.17-3.412-2.101-6.869-2.347-10.498c-0.29-4.279,1.191-7.606,4.885-9.897c1.74-1.08,3.611-1.887,5.482-2.695c2.313-1,4.604-2.025,6.633-3.576c3.037-2.316,4.035-5.424,3.775-9.09c-0.117-1.65-0.393-3.27-0.77-4.877c-0.044-0.184-0.292-0.451,0.035-0.594c0.297-0.127,0.453,0.102,0.582,0.336c0.988,1.799,1.762,3.662,2.005,5.729C83.957,27.529,82.217,30.559,79.469,33.182z\" \/><\/svg><\/span><span class=\"essb_network_name essb_noname\"><\/span><\/a><\/li><li class=\"essb_item essb_link_telegram nolightbox essb_link_svg_icon\"> <a href=\"tg:\/\/msg?text=Bonpreu%20patrocina%20un%20iftar%20a%20Lleida%20on%20hi%20participa%20una%20predicadora%20conservadora%20de%20l%27islam%20https%3A%2F%2Fpercepcions.cat%2Fes%2Fbonpreu-promociona-un-iftar%2F\" title=\"Share on Telegram\" onclick=\"essb.tracking_only('', 'telegram', '1617924361', true);\" target=\"_blank\" rel=\"noreferrer noopener nofollow\" class=\"nolightbox essb-s-bg-telegram essb-s-c-light essb-s-ch-light essb-s-bgh-dark essb-s-bg-network\" ><span class=\"essb_icon essb_icon_telegram\"><svg class=\"essb-svg-icon essb-svg-icon-telegram\" aria-hidden=\"true\" role=\"img\" focusable=\"false\" width=\"28\" height=\"32\" viewbox=\"0 0 28 32\" xmlns=\"http:\/\/www.w3.org\/2000\/svg\"><path d=\"M27.919 6.162l-4.225 19.925c-0.319 1.406-1.15 1.756-2.331 1.094l-6.438-4.744-3.106 2.988c-0.344 0.344-0.631 0.631-1.294 0.631l0.463-6.556 11.931-10.781c0.519-0.463-0.113-0.719-0.806-0.256l-14.75 9.287-6.35-1.988c-1.381-0.431-1.406-1.381 0.288-2.044l24.837-9.569c1.15-0.431 2.156 0.256 1.781 2.013z\"><\/path><\/svg><\/span><span class=\"essb_network_name essb_noname\"><\/span><\/a><\/li><\/ul><\/div>\n<\/div>\n<\/div><\/div>\n\n\n\n<div class=\"wp-block-uagb-container uagb-block-09d8541d alignfull uagb-is-root-container\"><div class=\"uagb-container-inner-blocks-wrap\">\n<div class=\"wp-block-uagb-advanced-heading uagb-block-3f591749\"><p class=\"uagb-heading-text\">Divendres 13 de mar\u00e7 es celebrar\u00e0 al poliesportiu de Cappont de Lleida un acte religi\u00f3s vinculat a l&#8217;islam. Es tracta de la nova tradici\u00f3 creada a Occident de l&#8217;iftar comunitari que segeix un ritual establert: <strong>es fa la crida a l\u2019oraci\u00f3, la preg\u00e0ria col\u00b7lectiva i posteriorment el sopar amb qu\u00e8 es trenca el dejuni.<\/strong> Segons el programa dif\u00f3s pels organitzadors, l\u2019acte inclour\u00e0 tamb\u00e9 una confer\u00e8ncia titulada \u00ab<strong>Ramad\u00e0 a Espanya: mem\u00f2ria, identitat i pertinen\u00e7a<\/strong>\u00bb a c\u00e0rrec de la predicadora musulmana Aicha Fern\u00e1ndez.<\/p><\/div>\n\n\n\n<div class=\"wp-block-uagb-advanced-heading uagb-block-b06659fa\"><p class=\"uagb-heading-text\">L\u2019esdeveniment est\u00e0 organitzat per l\u2019entitat Integra Lleida i compta amb la col\u00b7laboraci\u00f3 de diverses entitats i patrocinadors. Entre ells <strong>hi figura Esclat, la cadena de supermercats del grup Bonpreu, aix\u00ed com l\u2019Ajuntament de Lleida, que tamb\u00e9 hi dona suport institucional<\/strong>. Tot i que l\u2019iftar \u00e9s un ritual religi\u00f3s propi del Ramad\u00e0 destinat als fidels musulmans, en els darrers anys s\u2019ha anat consolidant en algunes ciutats com un acte p\u00fablic obert i presentat com a iniciativa de conviv\u00e8ncia. L&#8217;acte tamb\u00e9 busca donar visibilitat a aquesta celebraci\u00f3 religiosa i a l&#8217;islam en general normalitzant aix\u00ed la seva pres\u00e8ncia a l&#8217;espai p\u00fablic.<br><a href=\"https:\/\/alkompis.se\/sv\/bekraftat-jamal-el-hajj-och-100-personer-vill-starta-nytt-parti?utm_source=chatgpt.com\" target=\"_blank\" rel=\"noreferrer noopener nofollow\"><\/a><\/p><\/div>\n\n\n\n<div class=\"wp-block-uagb-container uagb-block-7de4926b alignfull uagb-is-root-container\"><div class=\"uagb-container-inner-blocks-wrap\"><div class=\"pt-cv-wrapper\"><div class=\"pt-cv-view pt-cv-overlaygrid iscvblock iscvhybrid pt-cv-clickable overlay6 layout1\" id=\"pt-cv-view-dc5cf2akc8\"><div data-id=\"pt-cv-page-1\" class=\"pt-cv-page\" data-cvc=\"2\"><div class=\" pt-cv-content-item pt-cv-1-col cv-main-post\" data-pid=\"4157\"><div class=\"pt-cv-thumb-wrapper  \"><a href=\"https:\/\/percepcions.cat\/es\/el-voto-latino-determinara-las-elecciones-de-barcelona\/\" class=\"_self pt-cv-href-thumbnail pt-cv-thumb-default cvplbd\" target=\"_self\"><img loading=\"lazy\" decoding=\"async\" width=\"1200\" height=\"600\" src=\"https:\/\/percepcions.cat\/wp-content\/uploads\/2025\/02\/vot-llati-decideix-barcelona.jpg\" class=\"pt-cv-thumbnail img-none\" alt=\"llati simbol cor amb barcelona darrera. Vot llat\u00ed.\" srcset=\"https:\/\/percepcions.cat\/wp-content\/uploads\/2025\/02\/vot-llati-decideix-barcelona.jpg 1200w, https:\/\/percepcions.cat\/wp-content\/uploads\/2025\/02\/vot-llati-decideix-barcelona-300x150.jpg 300w, https:\/\/percepcions.cat\/wp-content\/uploads\/2025\/02\/vot-llati-decideix-barcelona-1024x512.jpg 1024w, https:\/\/percepcions.cat\/wp-content\/uploads\/2025\/02\/vot-llati-decideix-barcelona-768x384.jpg 768w, https:\/\/percepcions.cat\/wp-content\/uploads\/2025\/02\/vot-llati-decideix-barcelona-18x9.jpg 18w\" sizes=\"auto, (max-width: 1200px) 100vw, 1200px\" title=\"\"><\/a><\/div>\n<div class=\"pt-cv-overlay-wrapper\"><div class=\"pt-cv-meta-fields\"><span class=\"terms\"> <a href=\"https:\/\/percepcions.cat\/es\/tag\/catalunya\/\" title=\"Catalunya\" class=\"pt-cv-tax-catalunya\">Catalunya<\/a>, <a href=\"https:\/\/percepcions.cat\/es\/tag\/padro\/\" title=\"Padr\u00f3\" class=\"pt-cv-tax-padro\">Padr\u00f3<\/a><\/span><\/div><p class=\"pt-cv-title\"><a href=\"https:\/\/percepcions.cat\/es\/el-voto-latino-determinara-las-elecciones-de-barcelona\/\" class=\"_self cvplbd\" target=\"_self\">El vot llat\u00ed pot decidir l&#8217;alcalde de Barcelona<\/a><\/p><\/div><\/div><\/div><\/div><\/div>\t\t\t\t\t\t<style type=\"text\/css\" id=\"pt-cv-inline-style-2603743ybj\">#pt-cv-view-dc5cf2akc8 .pt-cv-thumb-wrapper::before {background: rgba(0,0,0,.4); opacity: 0.8;}#pt-cv-view-dc5cf2akc8 .pt-cv-overlay-wrapper {justify-content: center;}\n#pt-cv-view-dc5cf2akc8 > .pt-cv-page {grid-auto-rows: 250px;grid-template-rows: calc(250px*1.5);grid-gap: 15px;}\n@media all and (max-width: 1024px) { \n#pt-cv-view-dc5cf2akc8 > .pt-cv-page {}\n} \n@media all and (max-width: 767px) { \n#pt-cv-view-dc5cf2akc8 > .pt-cv-page {}\n} <\/style>\r\n\t\t\t\t\t\t\t\t\t<style type=\"text\/css\" id=\"pt-cv-inline-style-e687d20etj\">#pt-cv-view-dc5cf2akc8 .pt-cv-title a, #pt-cv-view-dc5cf2akc8  .panel-title { font-size: 22px !important; line-height: 1.3 !important; background-color: #0f4181 !important; font-weight: 600 !important; margin: 0px 0px 0px 0px !important; display: block !important; padding: 2px 5px 1px 5px !important; }\n#pt-cv-view-dc5cf2akc8 .pt-cv-content , #pt-cv-view-dc5cf2akc8  .pt-cv-content *:not(.pt-cv-readmore):not(style):not(script) { font-size: 18px !important; line-height: 1.3 !important; }\n#pt-cv-view-dc5cf2akc8 .pt-cv-readmore  { color: #ffffff !important; background-color: #00aeef !important; }\n#pt-cv-view-dc5cf2akc8 .pt-cv-readmore:hover  { color: #ffffff !important; background-color: #00aeef !important; }<\/style>\r\n\t\t\t<\/div><\/div>\n\n\n\n<div class=\"wp-block-uagb-advanced-heading uagb-block-ab9e33b6\"><h2 class=\"uagb-heading-text\">Qui \u00e9s Aicha Fernandez?<\/h2><\/div>\n\n\n\n<div class=\"wp-block-uagb-advanced-heading uagb-block-27738611\"><p class=\"uagb-heading-text\">Aicha Fern\u00e1ndez \u00e9s una divulgadora religiosa que difon continguts sobre islam a trav\u00e9s de les xarxes socials i confer\u00e8ncies. El nom amb qu\u00e8 es presenta p\u00fablicament tampoc \u00e9s casual. Fern\u00e1ndez utilitza el nom d\u2019Aixa en refer\u00e8ncia a Aixa bint Abu Bakr, una de les esposes del profeta Mahoma i una figura central de la tradici\u00f3 isl\u00e0mica. Segons nombrosos relats de la tradici\u00f3 cl\u00e0ssica (hadith), <strong>el matrimoni es va concertar quan Aixa era molt jove i el sexe hauria comen\u00e7at quan ella tenia nou anys i ell 53<\/strong>. La mateixa Fern\u00e1ndez explica en un dels seus v\u00eddeos que \u00abvaig voler adoptar aquest nom com a part de la meva identitat\u00bb i que aquesta figura hist\u00f2rica \u00ab<strong>em va captivar i em va inspirar i avui continua sent tot un referent per a mi<\/strong>\u00bb. <br><a href=\"https:\/\/alkompis.se\/sv\/bekraftat-jamal-el-hajj-och-100-personer-vill-starta-nytt-parti?utm_source=chatgpt.com\" target=\"_blank\" rel=\"noreferrer noopener nofollow\"><\/a><\/p><\/div>\n\n\n\n<div class=\"wp-block-uagb-advanced-heading uagb-block-3a5dd172\"><p class=\"uagb-heading-text\">El discurs que difon Fern\u00e1ndez presenta l\u2019islam no nom\u00e9s com una religi\u00f3, sin\u00f3 com un sistema normatiu que ha d\u2019ordenar la vida privada i les relacions personals dels fidels. En parlar de les relacions sentimentals rebutja expl\u00edcitament <strong>el model habitual a Occident basat en l&#8217;amor entre dues persones<\/strong> per trobar la felicitat. Segons exposa, <strong>qualsevol relaci\u00f3 s\u2019ha de plantejar amb la intervenci\u00f3 de la fam\u00edlia i sota la supervisi\u00f3 dels pares<\/strong>: \u00abquan t\u2019agrada una persona, el millor \u00e9s anar a parlar amb els teus pares\u00bb i organitzar \u00abuna reuni\u00f3 a casa amb la pres\u00e8ncia de la fam\u00edlia\u00bb. Tamb\u00e9 adverteix que \u00absi no es presenta a la fam\u00edlia, no hi ha comprom\u00eds real\u00bb. En aquest esquema, <strong>la relaci\u00f3 sentimental queda integrada en un marc familiar i religi\u00f3s <\/strong>i nom\u00e9s es considera leg\u00edtima quan es formalitza amb el matrimoni isl\u00e0mic: \u00abla manera de fer aquesta relaci\u00f3 halal \u00e9s fent el matrimoni, el nikah\u00bb. I \u00e9s aix\u00ed perqu\u00e8 <strong>defensa que les normes religioses no s\u2019han d\u2019adaptar al context actual<\/strong>: \u00abno podem venir 1.400 anys despr\u00e9s a redefinir l\u2019Alcor\u00e0 i les lleis que hi ha establertes\u00bb.<br><a href=\"https:\/\/alkompis.se\/sv\/bekraftat-jamal-el-hajj-och-100-personer-vill-starta-nytt-parti?utm_source=chatgpt.com\" target=\"_blank\" rel=\"noreferrer noopener nofollow\"><\/a><\/p><\/div>\n\n\n\n<div class=\"wp-block-uagb-image uagb-block-f78a4bb6 wp-block-uagb-image--layout-default wp-block-uagb-image--effect-static wp-block-uagb-image--align-none\"><figure class=\"wp-block-uagb-image__figure\"><img decoding=\"async\" src=\"https:\/\/percepcions.cat\/wp-content\/uploads\/2026\/03\/bonpreu-ramda-iftar-1024x965.jpg\" alt=\"Bonpreu ramada iftar lleida\" class=\"uag-image-12960\" width=\"715\" height=\"673\" title=\"bonpreu ramda iftar\" loading=\"lazy\" role=\"img\" \/><figcaption class=\"uagb-image-caption\">Aicha Fern\u00e1ndez | YouTube<\/figcaption><\/figure><\/div>\n\n\n\n<div class=\"wp-block-uagb-advanced-heading uagb-block-27b10655\"><p class=\"uagb-heading-text\">Fern\u00e1ndez tamb\u00e9<strong> presenta el Ramad\u00e0 no nom\u00e9s com una pr\u00e0ctica espiritual, sin\u00f3 com una mena de m\u00e8tode de salut universal.<\/strong> En un dels seus v\u00eddeos defensa que el dejuni t\u00e9 suposats beneficis m\u00e8dics i arriba a afirmar que \u00ab<strong>fer dejuni gaireb\u00e9 hauria de ser una obligaci\u00f3 per a tothom, sigui musulm\u00e0 o no<\/strong>\u00bb. Segons explica, el dejuni del Ramad\u00e0 ajudaria a \u00abreparar l\u2019ADN\u00bb, \u00abrejovenir les c\u00e8l\u00b7lules\u00bb i prevenir malalties com l\u2019Alzheimer o el Parkinson. Aquest tipus d\u2019arguments, que barregen refer\u00e8ncies cient\u00edfiques amb justificacions religioses, formen part d\u2019un discurs habitual en alguns entorns de predicaci\u00f3 isl\u00e0mica contempor\u00e0nia. La idea \u00e9s presentar <strong>el Ramad\u00e0 en clau <em>healthy wellness<\/em> <\/strong>i convertir una pr\u00e0ctica religiosa en una recomanaci\u00f3 de salut o benestar.<br><a href=\"https:\/\/alkompis.se\/sv\/bekraftat-jamal-el-hajj-och-100-personer-vill-starta-nytt-parti?utm_source=chatgpt.com\" target=\"_blank\" rel=\"noreferrer noopener nofollow\"><\/a><\/p><\/div>\n\n\n<div class=\"pt-cv-wrapper\"><div class=\"pt-cv-view pt-cv-overlaygrid iscvblock iscvhybrid pt-cv-clickable overlay6 layout1\" id=\"pt-cv-view-e33544do8k\"><div data-id=\"pt-cv-page-1\" class=\"pt-cv-page\" data-cvc=\"2\"><div class=\" pt-cv-content-item pt-cv-1-col cv-main-post\" data-pid=\"8049\"><div class=\"pt-cv-thumb-wrapper  \"><a href=\"https:\/\/percepcions.cat\/es\/en-buen-estado-de-salud-un-musulma-que-recibio-un-plato-con-trocitos-jamon\/\" class=\"_self pt-cv-href-thumbnail pt-cv-thumb-default cvplbd\" target=\"_self\"><img loading=\"lazy\" decoding=\"async\" width=\"962\" height=\"641\" src=\"https:\/\/percepcions.cat\/wp-content\/uploads\/2025\/06\/En-bon-estat-de-salut-un-musulma-que-va-rebre-un-plat-amb-trossets-de-pernil.jpg\" class=\"pt-cv-thumbnail img-none\" alt=\"En bon estat de salut un musulm\u00e0 que va rebre un plat amb trossets pernil al Regne Unit\" srcset=\"https:\/\/percepcions.cat\/wp-content\/uploads\/2025\/06\/En-bon-estat-de-salut-un-musulma-que-va-rebre-un-plat-amb-trossets-de-pernil.jpg 962w, https:\/\/percepcions.cat\/wp-content\/uploads\/2025\/06\/En-bon-estat-de-salut-un-musulma-que-va-rebre-un-plat-amb-trossets-de-pernil-300x200.jpg 300w, https:\/\/percepcions.cat\/wp-content\/uploads\/2025\/06\/En-bon-estat-de-salut-un-musulma-que-va-rebre-un-plat-amb-trossets-de-pernil-768x512.jpg 768w, https:\/\/percepcions.cat\/wp-content\/uploads\/2025\/06\/En-bon-estat-de-salut-un-musulma-que-va-rebre-un-plat-amb-trossets-de-pernil-18x12.jpg 18w\" sizes=\"auto, (max-width: 962px) 100vw, 962px\" title=\"\"><\/a><\/div>\n<div class=\"pt-cv-overlay-wrapper\"><div class=\"pt-cv-meta-fields\"><span class=\"terms\"> <a href=\"https:\/\/percepcions.cat\/es\/tag\/halal\/\" title=\"Halal\" class=\"pt-cv-tax-halal\">Halal<\/a>, <a href=\"https:\/\/percepcions.cat\/es\/tag\/reino-unido\/\" title=\"Regne Unit\" class=\"pt-cv-tax-regne-unit\">Regne Unit<\/a><\/span><\/div><p class=\"pt-cv-title\"><a href=\"https:\/\/percepcions.cat\/es\/en-buen-estado-de-salud-un-musulma-que-recibio-un-plato-con-trocitos-jamon\/\" class=\"_self cvplbd\" target=\"_self\">En bon estat de salut un musulm\u00e0 que va rebre un plat amb trossets pernil al Regne Unit<\/a><\/p><\/div><\/div><\/div><\/div><\/div>\t\t\t\t\t\t<style type=\"text\/css\" id=\"pt-cv-inline-style-0757ac91hf\">#pt-cv-view-e33544do8k .pt-cv-thumb-wrapper::before {background: rgba(0,0,0,.4); opacity: 0.8;}#pt-cv-view-e33544do8k .pt-cv-overlay-wrapper {justify-content: center;}\n#pt-cv-view-e33544do8k > .pt-cv-page {grid-auto-rows: 250px;grid-template-rows: calc(250px*1.5);grid-gap: 15px;}\n@media all and (max-width: 1024px) { \n#pt-cv-view-e33544do8k > .pt-cv-page {}\n} \n@media all and (max-width: 767px) { \n#pt-cv-view-e33544do8k > .pt-cv-page {}\n} <\/style>\r\n\t\t\t\t\t\t\t\t\t<style type=\"text\/css\" id=\"pt-cv-inline-style-f49685dw1x\">#pt-cv-view-e33544do8k .pt-cv-title a, #pt-cv-view-e33544do8k  .panel-title { font-size: 22px !important; line-height: 1.3 !important; background-color: #0f4181 !important; font-weight: 600 !important; margin: 0px 0px 0px 0px !important; display: block !important; padding: 2px 5px 1px 5px !important; }\n#pt-cv-view-e33544do8k .pt-cv-content , #pt-cv-view-e33544do8k  .pt-cv-content *:not(.pt-cv-readmore):not(style):not(script) { font-size: 18px !important; line-height: 1.3 !important; }\n#pt-cv-view-e33544do8k .pt-cv-readmore  { color: #ffffff !important; background-color: #00aeef !important; }\n#pt-cv-view-e33544do8k .pt-cv-readmore:hover  { color: #ffffff !important; background-color: #00aeef !important; }<\/style>\r\n\t\t\t\n\n\n<div class=\"wp-block-uagb-advanced-heading uagb-block-dc1d060c\"><p class=\"uagb-heading-text\">Aquest conjunt de posicionaments <strong>dibuixa el perfil d\u2019una predicadora religiosa que defensa la vig\u00e8ncia literal de les normes isl\u00e0miques<\/strong> en \u00e0mbits com les relacions personals, la moral sexual o els h\u00e0bits de vida. En aquest context, la seva participaci\u00f3 en un acte presentat com a iniciativa de conviv\u00e8ncia \u2014amb el suport de l\u2019Ajuntament de Lleida i el patrocini de Bonpreu\u2014 reflecteix una tend\u00e8ncia cada cop m\u00e9s habitual: <strong>la vinculaci\u00f3 d\u2019institucions p\u00fabliques i empreses amb esdeveniments on tamb\u00e9 es difonen aquest tipus de missatges religiosos en l\u2019espai p\u00fablic.<\/strong><br><a href=\"https:\/\/alkompis.se\/sv\/bekraftat-jamal-el-hajj-och-100-personer-vill-starta-nytt-parti?utm_source=chatgpt.com\" target=\"_blank\" rel=\"noreferrer noopener nofollow\"><\/a><\/p><\/div>\n\n\n\n<div class=\"wp-block-uagb-container uagb-block-c3b6b73e\">\n<div class=\"wp-block-uagb-advanced-heading uagb-block-f1682e42\"><p class=\"uagb-heading-text\"><strong>M\u00e9s Percepcions de<\/strong><\/p><\/div>\n\n\n<div class=\"taxonomy-post_tag has-text-align-center wp-block-post-terms has-medium-font-size\"><a href=\"https:\/\/percepcions.cat\/es\/tag\/catalunya\/\" rel=\"tag\">Catalunya<\/a><span class=\"wp-block-post-terms__separator\">, <\/span><a href=\"https:\/\/percepcions.cat\/es\/tag\/ramada\/\" rel=\"tag\">Ramad\u00e0<\/a><\/div><\/div>\n\n\n\n<div class=\"wp-block-uagb-container uagb-block-d7a40ae3\">\n<div class=\"wp-block-uagb-separator uagb-block-62e0be67\"><div class=\"uagb-separator-spacing-wrapper\"><div class=\"wp-block-uagb-separator__inner\" style=\"--my-background-image:\"><\/div><\/div><\/div>\n\n\n\n<div class=\"wp-block-uagb-advanced-heading uagb-block-2845545d\"><p class=\"uagb-heading-text\">M\u00e9s sobre Ramad\u00e0<\/p><\/div>\n\n\n<div class=\"pt-cv-wrapper\"><div class=\"pt-cv-view pt-cv-onebig iscvblock iscvhybrid above-others onebig1 layout1 pt-cv-pgloadmore\" id=\"pt-cv-view-b62b7b0g6u\"><div data-id=\"pt-cv-page-1\" class=\"pt-cv-page\" data-cvc=\"1\"><div class=\" pt-cv-content-item pt-cv-2-col cv-main-post\" data-pid=\"13571\"><div class=\"pt-cv-thumb-wrapper  \"><a href=\"https:\/\/percepcions.cat\/es\/los-musulmanes-ditalia-aprovechan-el-1-de-mayo-para-exigir-dias-festivos-en-el-calendario-laboral\/\" class=\"_self pt-cv-href-thumbnail pt-cv-thumb-default cvplbd cvp-lazy-container\" target=\"_self\"><img loading=\"lazy\" decoding=\"async\" width=\"300\" height=\"169\" src=\"https:\/\/percepcions.cat\/wp-content\/plugins\/pt-content-views-pro\/public\/assets\/images\/lazy_image.png\" class=\"pt-cv-thumbnail img-none skip-lazy  cvplazy\" alt=\"Els musulmans d\u2019It\u00e0lia aprofiten l\u20191 de maig per exigir dies festius al calendari laboral\" data-cvpsrc=\"https:\/\/percepcions.cat\/wp-content\/uploads\/2026\/05\/Els-musulmans-dItalia-aprofiten-l1-de-maig-per-exigir-dies-festius-al-calendari-laboral-300x169.jpg\" data-cvpset=\"https:\/\/percepcions.cat\/wp-content\/uploads\/2026\/05\/Els-musulmans-dItalia-aprofiten-l1-de-maig-per-exigir-dies-festius-al-calendari-laboral-300x169.jpg 300w, https:\/\/percepcions.cat\/wp-content\/uploads\/2026\/05\/Els-musulmans-dItalia-aprofiten-l1-de-maig-per-exigir-dies-festius-al-calendari-laboral-1024x576.jpg 1024w, https:\/\/percepcions.cat\/wp-content\/uploads\/2026\/05\/Els-musulmans-dItalia-aprofiten-l1-de-maig-per-exigir-dies-festius-al-calendari-laboral-768x432.jpg 768w, https:\/\/percepcions.cat\/wp-content\/uploads\/2026\/05\/Els-musulmans-dItalia-aprofiten-l1-de-maig-per-exigir-dies-festius-al-calendari-laboral-18x10.jpg 18w, https:\/\/percepcions.cat\/wp-content\/uploads\/2026\/05\/Els-musulmans-dItalia-aprofiten-l1-de-maig-per-exigir-dies-festius-al-calendari-laboral.jpg 1100w\" title=\"\"><\/a><\/div>\n<p class=\"pt-cv-title\"><a href=\"https:\/\/percepcions.cat\/es\/los-musulmanes-ditalia-aprovechan-el-1-de-mayo-para-exigir-dias-festivos-en-el-calendario-laboral\/\" class=\"_self cvplbd\" target=\"_self\">Els musulmans d\u2019It\u00e0lia aprofiten l\u20191 de maig per exigir dies festius al calendari laboral<\/a><\/p>\n<div class=\"pt-cv-taxoterm below_title\"><a href=\"https:\/\/percepcions.cat\/es\/tag\/italiano\/\" title=\"It\u00e0lia\" class=\"pt-cv-tax-italia\">It\u00e0lia<\/a><a href=\"https:\/\/percepcions.cat\/es\/tag\/ramada\/\" title=\"Ramad\u00e0\" class=\"pt-cv-tax-ramada\">Ramad\u00e0<\/a><\/div>\n<div class=\"pt-cv-meta-fields\"><span class=\"entry-date\"> <time datetime=\"2026-05-05T16:00:24+02:00\">5 de mayo de 2026<\/time><\/span><\/div>\n<div class=\"pt-cv-content\">El president de la Uni\u00f3 de Comunitats Isl\u00e0miques Italianes aprofita el Dia del Treball per reclamar que les dues principals festes musulmanes entrin al calendari laboral i que les empreses concedeixin 40 minuts cada divendres per a la preg\u00e0ria isl\u00e0mica del migdia.<\/div><\/div>\n<div class=\" pt-cv-content-item pt-cv-2-col\" data-pid=\"13029\"><p class=\"pt-cv-title pt-cv-titlesm\"><a href=\"https:\/\/percepcions.cat\/es\/un-estudio-de-can-ruti-y-sant-paz-propone-no-realizar-pruebas-de-glucosa-a-embarazadas-durante-el-ganado\/\" class=\"_self cvplbd\" target=\"_self\">Un estudi de Can Ruti i Sant Pau proposa no fer proves de glucosa a embarassades durant el Ramad\u00e0<\/a><\/p>\n<div class=\"pt-cv-taxoterm below_title\"><a href=\"https:\/\/percepcions.cat\/es\/tag\/catalunya\/\" title=\"Catalunya\" class=\"pt-cv-tax-catalunya\">Catalunya<\/a><a href=\"https:\/\/percepcions.cat\/es\/tag\/ramada\/\" title=\"Ramad\u00e0\" class=\"pt-cv-tax-ramada\">Ramad\u00e0<\/a><\/div>\n<div class=\"pt-cv-meta-fields\"><span class=\"entry-date\"> <time datetime=\"2026-03-09T08:01:52+01:00\">9 de marzo de 2026<\/time><\/span><\/div>\n<div class=\"pt-cv-content\">Les embarassades musulmanes donen positiu en diabetis durant el Ramad\u00e0. La soluci\u00f3 que proposen els cient\u00edfics \u00e9s no mirar.<\/div><\/div>\n<div class=\" pt-cv-content-item pt-cv-2-col\" data-pid=\"12983\"><p class=\"pt-cv-title pt-cv-titlesm\"><a href=\"https:\/\/percepcions.cat\/es\/el-distrito-de-san-andreu-instala-una-sala-doracion-por-los-musulmanes\/\" class=\"_self cvplbd\" target=\"_self\">Sant Andreu fa el Ramad\u00e0 amb una sala d&#8217;oraci\u00f3 a la seu del districte<\/a><\/p>\n<div class=\"pt-cv-taxoterm below_title\"><a href=\"https:\/\/percepcions.cat\/es\/tag\/catalunya\/\" title=\"Catalunya\" class=\"pt-cv-tax-catalunya\">Catalunya<\/a><a href=\"https:\/\/percepcions.cat\/es\/tag\/ramada\/\" title=\"Ramad\u00e0\" class=\"pt-cv-tax-ramada\">Ramad\u00e0<\/a><a href=\"https:\/\/percepcions.cat\/es\/tag\/videos\/\" title=\"V\u00eddeos\" class=\"pt-cv-tax-videos\">V\u00eddeos<\/a><\/div>\n<div class=\"pt-cv-meta-fields\"><span class=\"entry-date\"> <time datetime=\"2026-03-08T10:49:46+01:00\">8 de marzo de 2026<\/time><\/span><\/div>\n<div class=\"pt-cv-content\">El Districte de Sant Andreu es bolca amb el Ramad\u00e0 2026. Crea un programa amb xerrades, tallers de fanalets, \u00e0pats i trobades amb espai per resar en un equipament p\u00fablic.<\/div><\/div>\n<div class=\" pt-cv-content-item pt-cv-2-col\" data-pid=\"12945\"><p class=\"pt-cv-title pt-cv-titlesm\"><a href=\"https:\/\/percepcions.cat\/es\/bonpreu-promociona-un-iftar\/\" class=\"_self cvplbd\" target=\"_self\">Bonpreu patrocina un iftar a Lleida on hi participa una predicadora conservadora de l&#8217;islam<\/a><\/p>\n<div class=\"pt-cv-taxoterm below_title\"><a href=\"https:\/\/percepcions.cat\/es\/tag\/catalunya\/\" title=\"Catalunya\" class=\"pt-cv-tax-catalunya\">Catalunya<\/a><a href=\"https:\/\/percepcions.cat\/es\/tag\/ramada\/\" title=\"Ramad\u00e0\" class=\"pt-cv-tax-ramada\">Ramad\u00e0<\/a><\/div>\n<div class=\"pt-cv-meta-fields\"><span class=\"entry-date\"> <time datetime=\"2026-03-05T08:59:00+01:00\">5 de marzo de 2026<\/time><\/span><\/div>\n<div class=\"pt-cv-content\">La trobada religiosa del Ramad\u00e0 a Lleida es presenta com a \u00abacte de conviv\u00e8ncia\u00bb. Inclou una confer\u00e8ncia titulada \u00abRamad\u00e0 a Espanya: mem\u00f2ria, identitat i pertinen\u00e7a\u00bb, a c\u00e0rrec d&#8217;Aicha Fern\u00e1ndez.<\/div><\/div>\n<div class=\" pt-cv-content-item pt-cv-2-col\" data-pid=\"12916\"><p class=\"pt-cv-title pt-cv-titlesm\"><a href=\"https:\/\/percepcions.cat\/es\/la-policia-de-ny-explica-que-luces-de-ganado-sueno-para-los-no-musulmanes\/\" class=\"_self cvplbd\" target=\"_self\">La policia de Nova York explica que posen llums de Ramad\u00e0 per \u00abeducar\u00bb els no musulmans<\/a><\/p>\n<div class=\"pt-cv-taxoterm below_title\"><a href=\"https:\/\/percepcions.cat\/es\/tag\/estados-unidos\/\" title=\"Estats Units\" class=\"pt-cv-tax-estats-units\">Estats Units<\/a><a href=\"https:\/\/percepcions.cat\/es\/tag\/ramada\/\" title=\"Ramad\u00e0\" class=\"pt-cv-tax-ramada\">Ramad\u00e0<\/a><\/div>\n<div class=\"pt-cv-meta-fields\"><span class=\"entry-date\"> <time datetime=\"2026-03-03T19:10:36+01:00\">3 de marzo de 2026<\/time><\/span><\/div>\n<div class=\"pt-cv-content\">Un comandament diu que els llums de Ramad\u00e0 no son cap tradici\u00f3 per\u00f2 que els posen a l&#8217;entrada de la seu per fer pedagogia.<\/div><\/div>\n<div class=\" pt-cv-content-item pt-cv-2-col\" data-pid=\"12906\"><p class=\"pt-cv-title pt-cv-titlesm\"><a href=\"https:\/\/percepcions.cat\/es\/pep-hucha-regana-a-los-aficionados-que-silban-durante-la-pausa-por-el-ganado\/\" class=\"_self cvplbd\" target=\"_self\">Pep Guardiola renya els aficionats que xiulen durant la pausa pel Ramad\u00e0<\/a><\/p>\n<div class=\"pt-cv-taxoterm below_title\"><a href=\"https:\/\/percepcions.cat\/es\/tag\/catalunya\/\" title=\"Catalunya\" class=\"pt-cv-tax-catalunya\">Catalunya<\/a><a href=\"https:\/\/percepcions.cat\/es\/tag\/ramada\/\" title=\"Ramad\u00e0\" class=\"pt-cv-tax-ramada\">Ramad\u00e0<\/a><a href=\"https:\/\/percepcions.cat\/es\/tag\/reino-unido\/\" title=\"Regne Unit\" class=\"pt-cv-tax-regne-unit\">Regne Unit<\/a><\/div>\n<div class=\"pt-cv-meta-fields\"><span class=\"entry-date\"> <time datetime=\"2026-03-03T11:36:55+01:00\">3 de marzo de 2026<\/time><\/span><\/div>\n<div class=\"pt-cv-content\">Guardiola defensa aturar els partits per la religi\u00f3 i esclata: \u00abMostreu respecte per les religions. Vivim en un m\u00f3n modern.\u201d<\/div><\/div><\/div><\/div>\n<div class=\"text-center pt-cv-pagination-wrapper\"><a href=\"https:\/\/percepcions.cat\/es\/wp-json\/wp\/v2\/posts\/12945\/?_page=2\" onclick=\"event.preventDefault()\" class=\"pt-cv-more btn btn-primary btn-sm\" data-totalpages=\"5\" data-nextpages=\"2\" data-sid=\"b62b7b0g6u\" data-unid=\"\" data-isblock=\"\" data-postid=\"\">M\u00e9s sobre Ramad\u00e0 <span class=\"caret\"><\/span><\/a><img loading=\"lazy\" decoding=\"async\" width=\"15\" height=\"15\" class=\"pt-cv-spinner\" alt=\"Cargando...\" src=\"data:image\/gif;base64,R0lGODlhDwAPALMPAMrKygwMDJOTkz09PZWVla+vr3p6euTk5M7OzuXl5TMzMwAAAJmZmWZmZszMzP\/\/\/yH\/C05FVFNDQVBFMi4wAwEAAAAh+QQFCgAPACwAAAAADwAPAAAEQvDJaZaZOIcV8iQK8VRX4iTYoAwZ4iCYoAjZ4RxejhVNoT+mRGP4cyF4Pp0N98sBGIBMEMOotl6YZ3S61Bmbkm4mAgAh+QQFCgAPACwAAAAADQANAAAENPDJSRSZeA418itN8QiK8BiLITVsFiyBBIoYqnoewAD4xPw9iY4XLGYSjkQR4UAUD45DLwIAIfkEBQoADwAsAAAAAA8ACQAABC\/wyVlamTi3nSdgwFNdhEJgTJoNyoB9ISYoQmdjiZPcj7EYCAeCF1gEDo4Dz2eIAAAh+QQFCgAPACwCAAAADQANAAAEM\/DJBxiYeLKdX3IJZT1FU0iIg2RNKx3OkZVnZ98ToRD4MyiDnkAh6BkNC0MvsAj0kMpHBAAh+QQFCgAPACwGAAAACQAPAAAEMDC59KpFDll73HkAA2wVY5KgiK5b0RRoI6MuzG6EQqCDMlSGheEhUAgqgUUAFRySIgAh+QQFCgAPACwCAAIADQANAAAEM\/DJKZNLND\/kkKaHc3xk+QAMYDKsiaqmZCxGVjSFFCxB1vwy2oOgIDxuucxAMTAJFAJNBAAh+QQFCgAPACwAAAYADwAJAAAEMNAs86q1yaWwwv2Ig0jUZx3OYa4XoRAfwADXoAwfo1+CIjyFRuEho60aSNYlOPxEAAAh+QQFCgAPACwAAAIADQANAAAENPA9s4y8+IUVcqaWJ4qEQozSoAzoIyhCK2NFU2SJk0hNnyEOhKR2AzAAj4Pj4GE4W0bkJQIAOw==\" title=\"\"><div class=\"clear pt-cv-clear-pagination\"><\/div><\/div><\/div>\t\t\t\t\t\t<style type=\"text\/css\" id=\"pt-cv-inline-style-62bdb7cyhd\">\n#pt-cv-view-b62b7b0g6u .pt-cv-thumb-wrapper.miniwrap { width: 40%; }#pt-cv-view-b62b7b0g6u .pt-cv-thumbnailsm {  }#pt-cv-view-b62b7b0g6u > .pt-cv-page {grid-template-columns: repeat(1, 1fr);grid-gap: 15px;}\n@media all and (max-width: 1024px) { \n#pt-cv-view-b62b7b0g6u > .pt-cv-page {grid-template-columns: repeat(1, 1fr);}\n} \n@media all and (max-width: 767px) { \n#pt-cv-view-b62b7b0g6u > .pt-cv-page {grid-template-columns: repeat(1, 1fr);}\n} <\/style>\r\n\t\t\t\t\t\t\t\t\t<style type=\"text\/css\" id=\"pt-cv-inline-style-8b65236320\"> #pt-cv-view-b62b7b0g6u[class*='cveffect'] .pt-cv-thumb-wrapper, #pt-cv-view-b62b7b0g6u:not([class*='cveffect']) .pt-cv-thumbnail, #pt-cv-view-b62b7b0g6u  .cvp-responsive-image[style*=background-image] { border-width: 1px 1px 1px 1px }\n #pt-cv-view-b62b7b0g6u[class*='cveffect'] .pt-cv-thumb-wrapper, #pt-cv-view-b62b7b0g6u:not([class*='cveffect']) .pt-cv-thumbnail, #pt-cv-view-b62b7b0g6u  .cvp-responsive-image[style*=background-image] { border-style: solid }\n #pt-cv-view-b62b7b0g6u[class*='cveffect'] .pt-cv-thumb-wrapper, #pt-cv-view-b62b7b0g6u:not([class*='cveffect']) .pt-cv-thumbnail, #pt-cv-view-b62b7b0g6u  .cvp-responsive-image[style*=background-image] { border-color: #0f4c81 }\n#pt-cv-view-b62b7b0g6u .pt-cv-taxoterm * { font-family: 'Noto Sans', Arial, serif !important; color: #ffffff !important; background-color: #0f4c81 !important; font-weight: 600 !important; margin: 0px 5px 0px 0px !important; padding: 1px 6px 1px 6px !important; border-radius: 3px 3px 3px 3px !important; }\n#pt-cv-view-b62b7b0g6u .pt-cv-title a, #pt-cv-view-b62b7b0g6u  .panel-title { font-family: 'Noto Sans', Arial, serif !important; font-size: 20px !important; line-height: 1.3 !important; color: #000000 !important; font-weight: 600 !important; }\n@media (max-width: 767px) {#pt-cv-view-b62b7b0g6u .pt-cv-title a, #pt-cv-view-b62b7b0g6u  .panel-title { font-size: 22px !important }}\n#pt-cv-view-b62b7b0g6u .pt-cv-content , #pt-cv-view-b62b7b0g6u  .pt-cv-content *:not(.pt-cv-readmore):not(style):not(script) { font-family: 'Noto Sans', Arial, serif !important; font-size: 16px !important; line-height: 1.3 !important; }\n#pt-cv-view-b62b7b0g6u .pt-cv-meta-fields * { color: #000000 !important; }\n#pt-cv-view-b62b7b0g6u .pt-cv-readmore  { color: #ffffff !important; background-color: #00aeef !important; }\n#pt-cv-view-b62b7b0g6u .pt-cv-readmore:hover  { color: #ffffff !important; background-color: #00aeef !important; }\n#pt-cv-view-b62b7b0g6u  + .pt-cv-pagination-wrapper .pt-cv-more , #pt-cv-view-b62b7b0g6u  + .pt-cv-pagination-wrapper .pagination .active a, .pt-cv-pagination[data-sid='b62b7b0g6u'] .active a { font-size: 19px !important; line-height: 1.3 !important; color: #ffffff !important; background-color: #0f4c81 !important; font-weight: 600 !important; padding: 1px 6px 1px 6px !important; border-radius: 3px 3px 3px 3px !important; }<\/style>\r\n\t\t\t<link href='\/\/fonts.googleapis.com\/css?family=Noto+Sans' rel='stylesheet' type='text\/css'><\/div>\n<\/div><\/div>\n\n\n\n<div class=\"wp-block-uagb-separator uagb-block-b4e2299a\"><div class=\"wp-block-uagb-separator__inner\" style=\"--my-background-image:\"><\/div><\/div>\n\n\n\n<div class=\"wp-block-uagb-container uagb-block-5c916982 alignfull uagb-is-root-container\"><div class=\"uagb-container-inner-blocks-wrap\"><div class=\"pt-cv-wrapper\"><div class=\"pt-cv-view pt-cv-blockgrid iscvblock iscvhybrid grid1 layout1 pt-cv-pgloadmore\" id=\"pt-cv-view-a6d38d031z\"><div data-id=\"pt-cv-page-1\" class=\"pt-cv-page\" data-cvc=\"3\"><div class=\" pt-cv-content-item pt-cv-1-col\" data-pid=\"14652\"><div class=\"pt-cv-thumb-wrapper  \"><a href=\"https:\/\/percepcions.cat\/es\/el-independentismo-escoces-saca-banderas-descocia-para-no-incomodar-a-los-inmigrantes\/\" class=\"_self pt-cv-href-thumbnail pt-cv-thumb-default cvplbd\" target=\"_self\"><img loading=\"lazy\" decoding=\"async\" width=\"768\" height=\"576\" src=\"https:\/\/percepcions.cat\/wp-content\/uploads\/2026\/09\/bandera-escocia-1-768x576.jpg\" class=\"pt-cv-thumbnail img-none\" alt=\"L&#039;independentisme escoc\u00e8s treu banderes d&#039;Esc\u00f2cia per no incomodar els immigrants\" srcset=\"https:\/\/percepcions.cat\/wp-content\/uploads\/2026\/09\/bandera-escocia-1-768x576.jpg 768w, https:\/\/percepcions.cat\/wp-content\/uploads\/2026\/09\/bandera-escocia-1-300x225.jpg 300w, https:\/\/percepcions.cat\/wp-content\/uploads\/2026\/09\/bandera-escocia-1-16x12.jpg 16w, https:\/\/percepcions.cat\/wp-content\/uploads\/2026\/09\/bandera-escocia-1.jpg 1000w\" sizes=\"auto, (max-width: 768px) 100vw, 768px\" title=\"\"><\/a><div class=\"pt-cv-taxoterm over_top_left\"><a href=\"https:\/\/percepcions.cat\/es\/tag\/reino-unido\/\" title=\"Regne Unit\" class=\"pt-cv-tax-regne-unit\">Regne Unit<\/a><\/div><\/div>\n<p class=\"pt-cv-title\"><a href=\"https:\/\/percepcions.cat\/es\/el-independentismo-escoces-saca-banderas-descocia-para-no-incomodar-a-los-inmigrantes\/\" class=\"_self cvplbd\" target=\"_self\">L&#8217;independentisme escoc\u00e8s treu banderes d&#8217;Esc\u00f2cia per no incomodar els immigrants<\/a><\/p>\n<div class=\"pt-cv-meta-fields\"><span class=\"entry-date\"> <time datetime=\"2026-09-04T14:25:33+02:00\">4 de septiembre de 2026<\/time><\/span><\/div>\n<div class=\"pt-cv-content\">Ajuntaments de l&#8217;SNP retiren la bandera d&#8217;Esc\u00f2cia dels carrers per evitar tensions amb la immigraci\u00f3 amb l&#8217;excusa de la seguretat.<\/div><\/div>\n<div class=\" pt-cv-content-item pt-cv-1-col\" data-pid=\"14634\"><div class=\"pt-cv-thumb-wrapper  \"><a href=\"https:\/\/percepcions.cat\/es\/feministas-francesas-se-ponen-el-panuelo-musulma-contra-la-posible-prohibicion\/\" class=\"_self pt-cv-href-thumbnail pt-cv-thumb-default cvplbd\" target=\"_self\"><img loading=\"lazy\" decoding=\"async\" width=\"450\" height=\"607\" src=\"https:\/\/percepcions.cat\/wp-content\/uploads\/2026\/09\/Captura-de-pantalla-2026-09-04-133421.png\" class=\"pt-cv-thumbnail img-none\" alt=\"Feministes de Fran\u00e7a es posen el mocador musulm\u00e0 contra la possible prohibici\u00f3\" srcset=\"https:\/\/percepcions.cat\/wp-content\/uploads\/2026\/09\/Captura-de-pantalla-2026-09-04-133421.png 450w, https:\/\/percepcions.cat\/wp-content\/uploads\/2026\/09\/Captura-de-pantalla-2026-09-04-133421-222x300.png 222w, https:\/\/percepcions.cat\/wp-content\/uploads\/2026\/09\/Captura-de-pantalla-2026-09-04-133421-9x12.png 9w\" sizes=\"auto, (max-width: 450px) 100vw, 450px\" title=\"\"><\/a><div class=\"pt-cv-taxoterm over_top_left\"><a href=\"https:\/\/percepcions.cat\/es\/tag\/franca\/\" title=\"Fran\u00e7a\" class=\"pt-cv-tax-franca\">Fran\u00e7a<\/a><a href=\"https:\/\/percepcions.cat\/es\/tag\/velo-burka\/\" title=\"Vel-Burka\" class=\"pt-cv-tax-vel-burka\">Vel-Burka<\/a><a href=\"https:\/\/percepcions.cat\/es\/tag\/videos\/\" title=\"V\u00eddeos\" class=\"pt-cv-tax-videos\">V\u00eddeos<\/a><\/div><\/div>\n<p class=\"pt-cv-title\"><a href=\"https:\/\/percepcions.cat\/es\/feministas-francesas-se-ponen-el-panuelo-musulma-contra-la-posible-prohibicion\/\" class=\"_self cvplbd\" target=\"_self\">Feministes de Fran\u00e7a es posen el mocador musulm\u00e0 contra la possible prohibici\u00f3<\/a><\/p>\n<div class=\"pt-cv-meta-fields\"><span class=\"entry-date\"> <time datetime=\"2026-09-04T12:48:49+02:00\">4 de septiembre de 2026<\/time><\/span><\/div>\n<div class=\"pt-cv-content\">Dones (i homes) d&#8217;esquerres fan v\u00eddeos posant-se el vel contra la proposta de RN de prohibir-lo a l&#8217;espai p\u00fablic.<\/div><\/div>\n<div class=\" pt-cv-content-item pt-cv-1-col\" data-pid=\"14625\"><div class=\"pt-cv-thumb-wrapper  \"><a href=\"https:\/\/percepcions.cat\/es\/defensores-de-los-derechos-humanos-en-franca-quieren-prohibir-el-debate-sobre-el-velo-islamico\/\" class=\"_self pt-cv-href-thumbnail pt-cv-thumb-default cvplbd\" target=\"_self\"><img loading=\"lazy\" decoding=\"async\" width=\"768\" height=\"576\" src=\"https:\/\/percepcions.cat\/wp-content\/uploads\/2026\/09\/Defensors-dels-drets-humans-a-Franca-volen-que-defensar-prohibir-el-vel-islamic-sigui-delicte-768x576.jpg\" class=\"pt-cv-thumbnail img-none\" alt=\"Defensors dels drets humans a Fran\u00e7a volen prohibir el debat sobre el vel isl\u00e0mic\" srcset=\"https:\/\/percepcions.cat\/wp-content\/uploads\/2026\/09\/Defensors-dels-drets-humans-a-Franca-volen-que-defensar-prohibir-el-vel-islamic-sigui-delicte-768x576.jpg 768w, https:\/\/percepcions.cat\/wp-content\/uploads\/2026\/09\/Defensors-dels-drets-humans-a-Franca-volen-que-defensar-prohibir-el-vel-islamic-sigui-delicte-300x225.jpg 300w, https:\/\/percepcions.cat\/wp-content\/uploads\/2026\/09\/Defensors-dels-drets-humans-a-Franca-volen-que-defensar-prohibir-el-vel-islamic-sigui-delicte-16x12.jpg 16w, https:\/\/percepcions.cat\/wp-content\/uploads\/2026\/09\/Defensors-dels-drets-humans-a-Franca-volen-que-defensar-prohibir-el-vel-islamic-sigui-delicte.jpg 1000w\" sizes=\"auto, (max-width: 768px) 100vw, 768px\" title=\"\"><\/a><div class=\"pt-cv-taxoterm over_top_left\"><a href=\"https:\/\/percepcions.cat\/es\/tag\/franca\/\" title=\"Fran\u00e7a\" class=\"pt-cv-tax-franca\">Fran\u00e7a<\/a><a href=\"https:\/\/percepcions.cat\/es\/tag\/velo-burka\/\" title=\"Vel-Burka\" class=\"pt-cv-tax-vel-burka\">Vel-Burka<\/a><\/div><\/div>\n<p class=\"pt-cv-title\"><a href=\"https:\/\/percepcions.cat\/es\/defensores-de-los-derechos-humanos-en-franca-quieren-prohibir-el-debate-sobre-el-velo-islamico\/\" class=\"_self cvplbd\" target=\"_self\">Defensors dels drets humans a Fran\u00e7a volen prohibir el debat sobre el vel isl\u00e0mic<\/a><\/p>\n<div class=\"pt-cv-meta-fields\"><span class=\"entry-date\"> <time datetime=\"2026-09-03T10:01:26+02:00\">3 de septiembre de 2026<\/time><\/span><\/div>\n<div class=\"pt-cv-content\">Un membre de la Lliga dels Drets Humans anuncia den\u00fancies contra els qui proposin prohibir el vel per \u00abincitaci\u00f3 a la discriminaci\u00f3 religiosa\u00bb<\/div><\/div>\n<div class=\" pt-cv-content-item pt-cv-1-col\" data-pid=\"14656\"><div class=\"pt-cv-thumb-wrapper  \"><a href=\"https:\/\/percepcions.cat\/es\/austria-prepara-la-prohibicion-del-islam-politico-de-los-hermanos-musulmanes\/\" class=\"_self pt-cv-href-thumbnail pt-cv-thumb-default cvplbd\" target=\"_self\"><img loading=\"lazy\" decoding=\"async\" width=\"768\" height=\"432\" src=\"https:\/\/percepcions.cat\/wp-content\/uploads\/2026\/09\/Austria-prepara-la-prohibicio-de-lislam-politic-dels-Germans-Musulmans-768x432.jpg\" class=\"pt-cv-thumbnail img-none\" alt=\"\u00c0ustria prepara la prohibici\u00f3 de l&#039;islam pol\u00edtic dels Germans Musulmans\" srcset=\"https:\/\/percepcions.cat\/wp-content\/uploads\/2026\/09\/Austria-prepara-la-prohibicio-de-lislam-politic-dels-Germans-Musulmans-768x432.jpg 768w, https:\/\/percepcions.cat\/wp-content\/uploads\/2026\/09\/Austria-prepara-la-prohibicio-de-lislam-politic-dels-Germans-Musulmans-300x169.jpg 300w, https:\/\/percepcions.cat\/wp-content\/uploads\/2026\/09\/Austria-prepara-la-prohibicio-de-lislam-politic-dels-Germans-Musulmans-18x10.jpg 18w, https:\/\/percepcions.cat\/wp-content\/uploads\/2026\/09\/Austria-prepara-la-prohibicio-de-lislam-politic-dels-Germans-Musulmans.jpg 1000w\" sizes=\"auto, (max-width: 768px) 100vw, 768px\" title=\"\"><\/a><div class=\"pt-cv-taxoterm over_top_left\"><a href=\"https:\/\/percepcions.cat\/es\/tag\/austria\/\" title=\"\u00c0ustria\" class=\"pt-cv-tax-austria\">\u00c0ustria<\/a><a href=\"https:\/\/percepcions.cat\/es\/tag\/hermanos-musulmanes\/\" title=\"Germans Musulmans\" class=\"pt-cv-tax-germans-musulmans\">Germans Musulmans<\/a><\/div><\/div>\n<p class=\"pt-cv-title\"><a href=\"https:\/\/percepcions.cat\/es\/austria-prepara-la-prohibicion-del-islam-politico-de-los-hermanos-musulmanes\/\" class=\"_self cvplbd\" target=\"_self\">\u00c0ustria prepara la prohibici\u00f3 de l&#8217;islam pol\u00edtic dels Germans Musulmans<\/a><\/p>\n<div class=\"pt-cv-meta-fields\"><span class=\"entry-date\"> <time datetime=\"2026-09-02T09:32:42+02:00\">2 de septiembre de 2026<\/time><\/span><\/div>\n<div class=\"pt-cv-content\">El govern austr\u00edac posa els Germans Musulmans en el punt de mira i defensa que la llibertat religiosa s\u2019acaba quan es q\u00fcestionen la igualtat i les institucions.<\/div><\/div>\n<div class=\" pt-cv-content-item pt-cv-1-col\" data-pid=\"14613\"><div class=\"pt-cv-thumb-wrapper  \"><a href=\"https:\/\/percepcions.cat\/es\/una-escuela-que-impone-el-hiyab-pasa-al-sistema-publico-del-reino-unido\/\" class=\"_self pt-cv-href-thumbnail pt-cv-thumb-default cvplbd\" target=\"_self\"><img loading=\"lazy\" decoding=\"async\" width=\"768\" height=\"576\" src=\"https:\/\/percepcions.cat\/wp-content\/uploads\/2026\/09\/Una-escola-musulmana-que-imposa-el-hijab-a-nenes-de-7-anys-passa-al-sistema-public-del-Regne-Unit-768x576.jpg\" class=\"pt-cv-thumbnail img-none\" alt=\"Una escola musulmana que imposa el hijab a nenes de 7 anys passa al sistema p\u00fablic del Regne Unit\" srcset=\"https:\/\/percepcions.cat\/wp-content\/uploads\/2026\/09\/Una-escola-musulmana-que-imposa-el-hijab-a-nenes-de-7-anys-passa-al-sistema-public-del-Regne-Unit-768x576.jpg 768w, https:\/\/percepcions.cat\/wp-content\/uploads\/2026\/09\/Una-escola-musulmana-que-imposa-el-hijab-a-nenes-de-7-anys-passa-al-sistema-public-del-Regne-Unit-300x225.jpg 300w, https:\/\/percepcions.cat\/wp-content\/uploads\/2026\/09\/Una-escola-musulmana-que-imposa-el-hijab-a-nenes-de-7-anys-passa-al-sistema-public-del-Regne-Unit-16x12.jpg 16w, https:\/\/percepcions.cat\/wp-content\/uploads\/2026\/09\/Una-escola-musulmana-que-imposa-el-hijab-a-nenes-de-7-anys-passa-al-sistema-public-del-Regne-Unit.jpg 1000w\" sizes=\"auto, (max-width: 768px) 100vw, 768px\" title=\"\"><\/a><div class=\"pt-cv-taxoterm over_top_left\"><a href=\"https:\/\/percepcions.cat\/es\/tag\/educacion\/\" title=\"Educaci\u00f3\" class=\"pt-cv-tax-educacio\">Educaci\u00f3<\/a><a href=\"https:\/\/percepcions.cat\/es\/tag\/reino-unido\/\" title=\"Regne Unit\" class=\"pt-cv-tax-regne-unit\">Regne Unit<\/a><a href=\"https:\/\/percepcions.cat\/es\/tag\/velo-burka\/\" title=\"Vel-Burka\" class=\"pt-cv-tax-vel-burka\">Vel-Burka<\/a><\/div><\/div>\n<p class=\"pt-cv-title\"><a href=\"https:\/\/percepcions.cat\/es\/una-escuela-que-impone-el-hiyab-pasa-al-sistema-publico-del-reino-unido\/\" class=\"_self cvplbd\" target=\"_self\">Una escola musulmana que imposa el hijab a nenes de 7 anys passa al sistema p\u00fablic del Regne Unit<\/a><\/p>\n<div class=\"pt-cv-meta-fields\"><span class=\"entry-date\"> <time datetime=\"2026-09-01T11:17:37+02:00\">1 de septiembre de 2026<\/time><\/span><\/div>\n<div class=\"pt-cv-content\">Els contribuents brit\u00e0nics pagaran un escola amb imams que verifiquen la pr\u00e0ctica religiosa familiar i obliga les nenes a cobrir-se els cabells.<\/div><\/div>\n<div class=\" pt-cv-content-item pt-cv-1-col\" data-pid=\"14604\"><div class=\"pt-cv-thumb-wrapper  \"><a href=\"https:\/\/percepcions.cat\/es\/el-reino-unido-detecta-presos-a-convertirse-en-el-islam-para-sobrevivir\/\" class=\"_self pt-cv-href-thumbnail pt-cv-thumb-default cvplbd\" target=\"_self\"><img loading=\"lazy\" decoding=\"async\" width=\"750\" height=\"500\" src=\"https:\/\/percepcions.cat\/wp-content\/uploads\/2025\/06\/Lislam-es-refugi-per-a-pederastes-a-les-presons-britaniques.jpg\" class=\"pt-cv-thumbnail img-none\" alt=\"El Regne Unit detecta que bandes musulmanes obliguen presos a convertir-se a l&#039;islam per sobreviure\" srcset=\"https:\/\/percepcions.cat\/wp-content\/uploads\/2025\/06\/Lislam-es-refugi-per-a-pederastes-a-les-presons-britaniques.jpg 750w, https:\/\/percepcions.cat\/wp-content\/uploads\/2025\/06\/Lislam-es-refugi-per-a-pederastes-a-les-presons-britaniques-300x200.jpg 300w, https:\/\/percepcions.cat\/wp-content\/uploads\/2025\/06\/Lislam-es-refugi-per-a-pederastes-a-les-presons-britaniques-18x12.jpg 18w\" sizes=\"auto, (max-width: 750px) 100vw, 750px\" title=\"\"><\/a><div class=\"pt-cv-taxoterm over_top_left\"><a href=\"https:\/\/percepcions.cat\/es\/tag\/reino-unido\/\" title=\"Regne Unit\" class=\"pt-cv-tax-regne-unit\">Regne Unit<\/a><\/div><\/div>\n<p class=\"pt-cv-title\"><a href=\"https:\/\/percepcions.cat\/es\/el-reino-unido-detecta-presos-a-convertirse-en-el-islam-para-sobrevivir\/\" class=\"_self cvplbd\" target=\"_self\">El Regne Unit detecta que bandes musulmanes obliguen presos a convertir-se a l&#8217;islam per sobreviure<\/a><\/p>\n<div class=\"pt-cv-meta-fields\"><span class=\"entry-date\"> <time datetime=\"2026-08-29T10:02:53+02:00\">29 de agosto de 2026<\/time><\/span><\/div>\n<div class=\"pt-cv-content\">Presos vulnerables entren sota el control de bandes musulmanes que els ofereixen \u201cprotecci\u00f3\u201d a canvi de submissi\u00f3 religiosa. La viol\u00e8ncia i la intimidaci\u00f3 fan la resta.<\/div><\/div>\n<div class=\" pt-cv-content-item pt-cv-1-col\" data-pid=\"14590\"><div class=\"pt-cv-thumb-wrapper  \"><a href=\"https:\/\/percepcions.cat\/es\/la-justicia-alemana-impide-laces-a-la-funcion-publica-a-una-persona-por-vinculos-con-los-hermanos-musulmanes\/\" class=\"_self pt-cv-href-thumbnail pt-cv-thumb-default cvplbd\" target=\"_self\"><img loading=\"lazy\" decoding=\"async\" width=\"768\" height=\"576\" src=\"https:\/\/percepcions.cat\/wp-content\/uploads\/2026\/08\/funcionaria-alemanya-1-768x576.jpg\" class=\"pt-cv-thumbnail img-none\" alt=\"Alemanya impedeix ser funcionari per vincles amb els Germans Musulmans\" srcset=\"https:\/\/percepcions.cat\/wp-content\/uploads\/2026\/08\/funcionaria-alemanya-1-768x576.jpg 768w, https:\/\/percepcions.cat\/wp-content\/uploads\/2026\/08\/funcionaria-alemanya-1-300x225.jpg 300w, https:\/\/percepcions.cat\/wp-content\/uploads\/2026\/08\/funcionaria-alemanya-1-16x12.jpg 16w, https:\/\/percepcions.cat\/wp-content\/uploads\/2026\/08\/funcionaria-alemanya-1.jpg 1000w\" sizes=\"auto, (max-width: 768px) 100vw, 768px\" title=\"\"><\/a><div class=\"pt-cv-taxoterm over_top_left\"><a href=\"https:\/\/percepcions.cat\/es\/tag\/alemanya\/\" title=\"Alemanya\" class=\"pt-cv-tax-alemanya\">Alemanya<\/a><a href=\"https:\/\/percepcions.cat\/es\/tag\/hermanos-musulmanes\/\" title=\"Germans Musulmans\" class=\"pt-cv-tax-germans-musulmans\">Germans Musulmans<\/a><\/div><\/div>\n<p class=\"pt-cv-title\"><a href=\"https:\/\/percepcions.cat\/es\/la-justicia-alemana-impide-laces-a-la-funcion-publica-a-una-persona-por-vinculos-con-los-hermanos-musulmanes\/\" class=\"_self cvplbd\" target=\"_self\">Alemanya impedeix ser funcionari per vincles amb els Germans Musulmans<\/a><\/p>\n<div class=\"pt-cv-meta-fields\"><span class=\"entry-date\"> <time datetime=\"2026-08-21T11:41:50+02:00\">21 de agosto de 2026<\/time><\/span><\/div>\n<div class=\"pt-cv-content\">L&#8217;Ajuntament de Karlsruhe va aturar el nomenament d&#8217;una dona pels informes d&#8217;intel\u00b7lig\u00e8ncia que la vinculaven amb estructures islamistes. La just\u00edcia avala la decisi\u00f3.<\/div><\/div>\n<div class=\" pt-cv-content-item pt-cv-1-col\" data-pid=\"14572\"><div class=\"pt-cv-thumb-wrapper  \"><a href=\"https:\/\/percepcions.cat\/es\/mujeres-musulmanas-plantan-cara-a-la-presion-por-el-hiyab-en-ninas-en-una-mezquita-de-vigo\/\" class=\"_self pt-cv-href-thumbnail pt-cv-thumb-default cvplbd\" target=\"_self\"><img loading=\"lazy\" decoding=\"async\" width=\"716\" height=\"72\" src=\"https:\/\/percepcions.cat\/wp-content\/uploads\/2026\/08\/missatge-wgatsap.png\" class=\"pt-cv-thumbnail img-none\" alt=\"Dones musulmanes planten cara a la pressi\u00f3 pel hijab en nenes en una mesquita de Vigo\" srcset=\"https:\/\/percepcions.cat\/wp-content\/uploads\/2026\/08\/missatge-wgatsap.png 716w, https:\/\/percepcions.cat\/wp-content\/uploads\/2026\/08\/missatge-wgatsap-300x30.png 300w, https:\/\/percepcions.cat\/wp-content\/uploads\/2026\/08\/missatge-wgatsap-18x2.png 18w\" sizes=\"auto, (max-width: 716px) 100vw, 716px\" title=\"\"><\/a><div class=\"pt-cv-taxoterm over_top_left\"><a href=\"https:\/\/percepcions.cat\/es\/tag\/espanya\/\" title=\"Espanya\" class=\"pt-cv-tax-espanya\">Espanya<\/a><\/div><\/div>\n<p class=\"pt-cv-title\"><a href=\"https:\/\/percepcions.cat\/es\/mujeres-musulmanas-plantan-cara-a-la-presion-por-el-hiyab-en-ninas-en-una-mezquita-de-vigo\/\" class=\"_self cvplbd\" target=\"_self\">Dones musulmanes planten cara a la pressi\u00f3 pel hijab en nenes en una mesquita de Vigo<\/a><\/p>\n<div class=\"pt-cv-meta-fields\"><span class=\"entry-date\"> <time datetime=\"2026-08-20T20:27:31+02:00\">20 de agosto de 2026<\/time><\/span><\/div>\n<div class=\"pt-cv-content\">La den\u00fancia acusa responsables vinculats a la mesquita de Vigo d\u2019haver expulsat dones d&#8217;un grup de WhatsApp per q\u00fcestionar la imposici\u00f3 del mocador a nenes.<\/div><\/div>\n<div class=\" pt-cv-content-item pt-cv-1-col\" data-pid=\"14563\"><div class=\"pt-cv-thumb-wrapper  \"><a href=\"https:\/\/percepcions.cat\/es\/minneapolis-adapta-los-prestamos-municipales-a-la-sharia-islamica\/\" class=\"_self pt-cv-href-thumbnail pt-cv-thumb-default cvplbd\" target=\"_self\"><img loading=\"lazy\" decoding=\"async\" width=\"768\" height=\"467\" src=\"https:\/\/percepcions.cat\/wp-content\/uploads\/2026\/08\/minneapolis-llei-silamica-2-768x467.jpg\" class=\"pt-cv-thumbnail img-none\" alt=\"Minneapolis adapta els pr\u00e9stecs municipals a la llei isl\u00e0mica\" srcset=\"https:\/\/percepcions.cat\/wp-content\/uploads\/2026\/08\/minneapolis-llei-silamica-2-768x467.jpg 768w, https:\/\/percepcions.cat\/wp-content\/uploads\/2026\/08\/minneapolis-llei-silamica-2-300x182.jpg 300w, https:\/\/percepcions.cat\/wp-content\/uploads\/2026\/08\/minneapolis-llei-silamica-2-18x12.jpg 18w, https:\/\/percepcions.cat\/wp-content\/uploads\/2026\/08\/minneapolis-llei-silamica-2.jpg 1025w\" sizes=\"auto, (max-width: 768px) 100vw, 768px\" title=\"\"><\/a><div class=\"pt-cv-taxoterm over_top_left\"><a href=\"https:\/\/percepcions.cat\/es\/tag\/estados-unidos\/\" title=\"Estats Units\" class=\"pt-cv-tax-estats-units\">Estats Units<\/a><\/div><\/div>\n<p class=\"pt-cv-title\"><a href=\"https:\/\/percepcions.cat\/es\/minneapolis-adapta-los-prestamos-municipales-a-la-sharia-islamica\/\" class=\"_self cvplbd\" target=\"_self\">Minneapolis adapta els pr\u00e9stecs municipals a la llei isl\u00e0mica<\/a><\/p>\n<div class=\"pt-cv-meta-fields\"><span class=\"entry-date\"> <time datetime=\"2026-08-19T17:02:05+02:00\">19 de agosto de 2026<\/time><\/span><\/div>\n<div class=\"pt-cv-content\">La ciutat modifica el seu sistema de finan\u00e7ament perqu\u00e8 la prohibici\u00f3 isl\u00e0mica de pagar interessos no sigui cap obstacle.<\/div><\/div>\n<div class=\" pt-cv-content-item pt-cv-1-col\" data-pid=\"14550\"><div class=\"pt-cv-thumb-wrapper  \"><a href=\"https:\/\/percepcions.cat\/es\/condenado-al-reino-unido-por-una-broma-sobre-el-islam-en-las-redes-sociales\/\" class=\"_self pt-cv-href-thumbnail pt-cv-thumb-default cvplbd\" target=\"_self\"><img loading=\"lazy\" decoding=\"async\" width=\"768\" height=\"576\" src=\"https:\/\/percepcions.cat\/wp-content\/uploads\/2026\/08\/condemna-regne-unit-1-1-768x576.jpg\" class=\"pt-cv-thumbnail img-none\" alt=\"Condemnat al Regne Unit per una broma sobre l\u2019islam a les xarxes socials\" srcset=\"https:\/\/percepcions.cat\/wp-content\/uploads\/2026\/08\/condemna-regne-unit-1-1-768x576.jpg 768w, https:\/\/percepcions.cat\/wp-content\/uploads\/2026\/08\/condemna-regne-unit-1-1-300x225.jpg 300w, https:\/\/percepcions.cat\/wp-content\/uploads\/2026\/08\/condemna-regne-unit-1-1-16x12.jpg 16w, https:\/\/percepcions.cat\/wp-content\/uploads\/2026\/08\/condemna-regne-unit-1-1.jpg 1000w\" sizes=\"auto, (max-width: 768px) 100vw, 768px\" title=\"\"><\/a><div class=\"pt-cv-taxoterm over_top_left\"><a href=\"https:\/\/percepcions.cat\/es\/tag\/reino-unido\/\" title=\"Regne Unit\" class=\"pt-cv-tax-regne-unit\">Regne Unit<\/a><\/div><\/div>\n<p class=\"pt-cv-title\"><a href=\"https:\/\/percepcions.cat\/es\/condenado-al-reino-unido-por-una-broma-sobre-el-islam-en-las-redes-sociales\/\" class=\"_self cvplbd\" target=\"_self\">Condemnat al Regne Unit per una broma sobre l\u2019islam a les xarxes socials<\/a><\/p>\n<div class=\"pt-cv-meta-fields\"><span class=\"entry-date\"> <time datetime=\"2026-08-18T08:28:58+02:00\">18 de agosto de 2026<\/time><\/span><\/div>\n<div class=\"pt-cv-content\">L&#8217;home va compartir a Facebook un mem que deia: \u00abCuriositats sobre el bac\u00f3! Les persones que mengen bac\u00f3 tenen menys probabilitats de casar-se amb una nena de 9 anys!\u00bb<\/div><\/div>\n<div class=\" pt-cv-content-item pt-cv-1-col\" data-pid=\"14535\"><div class=\"pt-cv-thumb-wrapper  \"><a href=\"https:\/\/percepcions.cat\/es\/la-sharia-llega-a-las-piscinas-de-roma-con-franjas-para-mujeres\/\" class=\"_self pt-cv-href-thumbnail pt-cv-thumb-default cvplbd\" target=\"_self\"><img loading=\"lazy\" decoding=\"async\" width=\"768\" height=\"687\" src=\"https:\/\/percepcions.cat\/wp-content\/uploads\/2026\/08\/piscina-xaria-768x687.jpg\" class=\"pt-cv-thumbnail img-none\" alt=\"La xaria arriba a les piscines de Roma amb franges nom\u00e9s per a dones\" srcset=\"https:\/\/percepcions.cat\/wp-content\/uploads\/2026\/08\/piscina-xaria-768x687.jpg 768w, https:\/\/percepcions.cat\/wp-content\/uploads\/2026\/08\/piscina-xaria-300x268.jpg 300w, https:\/\/percepcions.cat\/wp-content\/uploads\/2026\/08\/piscina-xaria-13x12.jpg 13w, https:\/\/percepcions.cat\/wp-content\/uploads\/2026\/08\/piscina-xaria.jpg 805w\" sizes=\"auto, (max-width: 768px) 100vw, 768px\" title=\"\"><\/a><div class=\"pt-cv-taxoterm over_top_left\"><a href=\"https:\/\/percepcions.cat\/es\/tag\/italiano\/\" title=\"It\u00e0lia\" class=\"pt-cv-tax-italia\">It\u00e0lia<\/a><a href=\"https:\/\/percepcions.cat\/es\/tag\/velo-burka\/\" title=\"Vel-Burka\" class=\"pt-cv-tax-vel-burka\">Vel-Burka<\/a><\/div><\/div>\n<p class=\"pt-cv-title\"><a href=\"https:\/\/percepcions.cat\/es\/la-sharia-llega-a-las-piscinas-de-roma-con-franjas-para-mujeres\/\" class=\"_self cvplbd\" target=\"_self\">La xaria arriba a les piscines de Roma amb franges nom\u00e9s per a dones<\/a><\/p>\n<div class=\"pt-cv-meta-fields\"><span class=\"entry-date\"> <time datetime=\"2026-08-16T11:48:44+02:00\">16 de agosto de 2026<\/time><\/span><\/div>\n<div class=\"pt-cv-content\">La comunitat isl\u00e0mica reserva hores sense homes en una piscina de Roma i defensa la mesura com a \u201cinclusiva\u201d. L&#8217;esquerra diu que \u00e9s \u00abuna forma de delicadesa\u00bb.<\/div><\/div>\n<div class=\" pt-cv-content-item pt-cv-1-col\" data-pid=\"14523\"><div class=\"pt-cv-thumb-wrapper  \"><a href=\"https:\/\/percepcions.cat\/es\/el-gobernador-de-texas-frena-a-los-lavapies-musulmanes-en-el-aeropuerto-de-dallas\/\" class=\"_self pt-cv-href-thumbnail pt-cv-thumb-default cvplbd\" target=\"_self\"><img loading=\"lazy\" decoding=\"async\" width=\"768\" height=\"432\" src=\"https:\/\/percepcions.cat\/wp-content\/uploads\/2026\/08\/rentapeus-768x432.jpg\" class=\"pt-cv-thumbnail img-none\" alt=\"El governador de Texas frena els rentapeus musulmans a l\u2019aeroport de Dallas\" srcset=\"https:\/\/percepcions.cat\/wp-content\/uploads\/2026\/08\/rentapeus-768x432.jpg 768w, https:\/\/percepcions.cat\/wp-content\/uploads\/2026\/08\/rentapeus-300x169.jpg 300w, https:\/\/percepcions.cat\/wp-content\/uploads\/2026\/08\/rentapeus-1024x576.jpg 1024w, https:\/\/percepcions.cat\/wp-content\/uploads\/2026\/08\/rentapeus-1536x864.jpg 1536w, https:\/\/percepcions.cat\/wp-content\/uploads\/2026\/08\/rentapeus-18x10.jpg 18w, https:\/\/percepcions.cat\/wp-content\/uploads\/2026\/08\/rentapeus.jpg 1600w\" sizes=\"auto, (max-width: 768px) 100vw, 768px\" title=\"\"><\/a><div class=\"pt-cv-taxoterm over_top_left\"><a href=\"https:\/\/percepcions.cat\/es\/tag\/estados-unidos\/\" title=\"Estats Units\" class=\"pt-cv-tax-estats-units\">Estats Units<\/a><\/div><\/div>\n<p class=\"pt-cv-title\"><a href=\"https:\/\/percepcions.cat\/es\/el-gobernador-de-texas-frena-a-los-lavapies-musulmanes-en-el-aeropuerto-de-dallas\/\" class=\"_self cvplbd\" target=\"_self\">El governador de Texas frena els rentapeus musulmans a l\u2019aeroport de Dallas<\/a><\/p>\n<div class=\"pt-cv-meta-fields\"><span class=\"entry-date\"> <time datetime=\"2026-08-15T12:34:13+02:00\">15 de agosto de 2026<\/time><\/span><\/div>\n<div class=\"pt-cv-content\">L\u2019aeroport de Dallas-Fort Worth cancel\u00b7la l\u2019adaptaci\u00f3 isl\u00e0mica dels lavabos despr\u00e9s que Greg Abbott q\u00fcestioni l\u2019\u00fas de fons p\u00fablics per a instal\u00b7lacions religioses.<\/div><\/div>\n<div class=\" pt-cv-content-item pt-cv-1-col\" data-pid=\"14508\"><div class=\"pt-cv-thumb-wrapper  \"><a href=\"https:\/\/percepcions.cat\/es\/massachusetts-prepara-una-comision-para-que-los-musulmanes-propongan-leyes-y-funcionarios-de-su-gusto\/\" class=\"_self pt-cv-href-thumbnail pt-cv-thumb-default cvplbd\" target=\"_self\"><img loading=\"lazy\" decoding=\"async\" width=\"768\" height=\"481\" src=\"https:\/\/percepcions.cat\/wp-content\/uploads\/2026\/08\/senat-massachusets-768x481.jpg\" class=\"pt-cv-thumbnail img-none\" alt=\"Massachusetts impulsa una comissi\u00f3 perqu\u00e8 els musulmans proposin lleis i funcionaris del seu gust\" srcset=\"https:\/\/percepcions.cat\/wp-content\/uploads\/2026\/08\/senat-massachusets-768x481.jpg 768w, https:\/\/percepcions.cat\/wp-content\/uploads\/2026\/08\/senat-massachusets-300x188.jpg 300w, https:\/\/percepcions.cat\/wp-content\/uploads\/2026\/08\/senat-massachusets-18x12.jpg 18w, https:\/\/percepcions.cat\/wp-content\/uploads\/2026\/08\/senat-massachusets.jpg 975w\" sizes=\"auto, (max-width: 768px) 100vw, 768px\" title=\"\"><\/a><div class=\"pt-cv-taxoterm over_top_left\"><a href=\"https:\/\/percepcions.cat\/es\/tag\/estados-unidos\/\" title=\"Estats Units\" class=\"pt-cv-tax-estats-units\">Estats Units<\/a><\/div><\/div>\n<p class=\"pt-cv-title\"><a href=\"https:\/\/percepcions.cat\/es\/massachusetts-prepara-una-comision-para-que-los-musulmanes-propongan-leyes-y-funcionarios-de-su-gusto\/\" class=\"_self cvplbd\" target=\"_self\">Massachusetts impulsa una comissi\u00f3 perqu\u00e8 els musulmans proposin lleis i funcionaris del seu gust<\/a><\/p>\n<div class=\"pt-cv-meta-fields\"><span class=\"entry-date\"> <time datetime=\"2026-08-08T07:36:31+02:00\">8 de agosto de 2026<\/time><\/span><\/div>\n<div class=\"pt-cv-content\">El projecte preveu que 11 musulmans representin els seus interessos religiosos en les pol\u00edtiques p\u00fabliques.<\/div><\/div>\n<div class=\" pt-cv-content-item pt-cv-1-col\" data-pid=\"14398\"><div class=\"pt-cv-thumb-wrapper  \"><a href=\"https:\/\/percepcions.cat\/es\/barcelona-destina-7-000-euros-para-conocer-las-practicas-musulmanas-que-llevamos-dentro\/\" class=\"_self pt-cv-href-thumbnail pt-cv-thumb-default cvplbd\" target=\"_self\"><img loading=\"lazy\" decoding=\"async\" width=\"768\" height=\"421\" src=\"https:\/\/percepcions.cat\/wp-content\/uploads\/2026\/08\/jornades-gatzara-768x421.jpg\" class=\"pt-cv-thumbnail img-none\" alt=\"L\u2019Ajuntament de Barcelona gasta 44.000 euros per \u00abcon\u00e8ixer les pr\u00e0ctiques musulmanes que portem dins\u00bb\" srcset=\"https:\/\/percepcions.cat\/wp-content\/uploads\/2026\/08\/jornades-gatzara-768x421.jpg 768w, https:\/\/percepcions.cat\/wp-content\/uploads\/2026\/08\/jornades-gatzara-300x165.jpg 300w, https:\/\/percepcions.cat\/wp-content\/uploads\/2026\/08\/jornades-gatzara-1024x562.jpg 1024w, https:\/\/percepcions.cat\/wp-content\/uploads\/2026\/08\/jornades-gatzara-1536x843.jpg 1536w, https:\/\/percepcions.cat\/wp-content\/uploads\/2026\/08\/jornades-gatzara-18x10.jpg 18w, https:\/\/percepcions.cat\/wp-content\/uploads\/2026\/08\/jornades-gatzara.jpg 1907w\" sizes=\"auto, (max-width: 768px) 100vw, 768px\" title=\"\"><\/a><div class=\"pt-cv-taxoterm over_top_left\"><a href=\"https:\/\/percepcions.cat\/es\/tag\/catalunya\/\" title=\"Catalunya\" class=\"pt-cv-tax-catalunya\">Catalunya<\/a><\/div><\/div>\n<p class=\"pt-cv-title\"><a href=\"https:\/\/percepcions.cat\/es\/barcelona-destina-7-000-euros-para-conocer-las-practicas-musulmanas-que-llevamos-dentro\/\" class=\"_self cvplbd\" target=\"_self\">L\u2019Ajuntament de Barcelona gasta 44.000 euros per \u00abcon\u00e8ixer les pr\u00e0ctiques musulmanes que portem dins\u00bb<\/a><\/p>\n<div class=\"pt-cv-meta-fields\"><span class=\"entry-date\"> <time datetime=\"2026-08-01T14:20:50+02:00\">1 de agosto de 2026<\/time><\/span><\/div>\n<div class=\"pt-cv-content\">Les jornades Gatzara de la Fundaci\u00f3 musulmana Bayt al-Thaqafa difon un relat que converteix qualsevol influ\u00e8ncia hist\u00f2rica musulmana en una arrel essencial de la identitat catalana.<\/div><\/div>\n<div class=\" pt-cv-content-item pt-cv-1-col\" data-pid=\"14381\"><div class=\"pt-cv-thumb-wrapper  \"><a href=\"https:\/\/percepcions.cat\/es\/el-40-de-los-estudiantes-musulmanes-de-berlin-quieren-los-preceptos-de-la-alcora-en-clase\/\" class=\"_self pt-cv-href-thumbnail pt-cv-thumb-default cvplbd\" target=\"_self\"><img loading=\"lazy\" decoding=\"async\" width=\"768\" height=\"432\" src=\"https:\/\/percepcions.cat\/wp-content\/uploads\/2026\/07\/El-40-dels-estudiants-musulmans-de-Berlin-volen-els-preceptes-de-lAlcora-a-classe-768x432.jpg\" class=\"pt-cv-thumbnail img-none\" alt=\"El 40% dels estudiants musulmans de Berlin volen els preceptes de l&#039;Alcor\u00e0 a classe\" srcset=\"https:\/\/percepcions.cat\/wp-content\/uploads\/2026\/07\/El-40-dels-estudiants-musulmans-de-Berlin-volen-els-preceptes-de-lAlcora-a-classe-768x432.jpg 768w, https:\/\/percepcions.cat\/wp-content\/uploads\/2026\/07\/El-40-dels-estudiants-musulmans-de-Berlin-volen-els-preceptes-de-lAlcora-a-classe-300x169.jpg 300w, https:\/\/percepcions.cat\/wp-content\/uploads\/2026\/07\/El-40-dels-estudiants-musulmans-de-Berlin-volen-els-preceptes-de-lAlcora-a-classe-18x10.jpg 18w, https:\/\/percepcions.cat\/wp-content\/uploads\/2026\/07\/El-40-dels-estudiants-musulmans-de-Berlin-volen-els-preceptes-de-lAlcora-a-classe.jpg 1000w\" sizes=\"auto, (max-width: 768px) 100vw, 768px\" title=\"\"><\/a><div class=\"pt-cv-taxoterm over_top_left\"><a href=\"https:\/\/percepcions.cat\/es\/tag\/alemanya\/\" title=\"Alemanya\" class=\"pt-cv-tax-alemanya\">Alemanya<\/a><a href=\"https:\/\/percepcions.cat\/es\/tag\/educacion\/\" title=\"Educaci\u00f3\" class=\"pt-cv-tax-educacio\">Educaci\u00f3<\/a><a href=\"https:\/\/percepcions.cat\/es\/tag\/enquestes\/\" title=\"Enquestes\" class=\"pt-cv-tax-enquestes\">Enquestes<\/a><\/div><\/div>\n<p class=\"pt-cv-title\"><a href=\"https:\/\/percepcions.cat\/es\/el-40-de-los-estudiantes-musulmanes-de-berlin-quieren-los-preceptos-de-la-alcora-en-clase\/\" class=\"_self cvplbd\" target=\"_self\">El 40% dels estudiants musulmans de Berlin volen els preceptes de l&#8217;Alcor\u00e0 a classe<\/a><\/p>\n<div class=\"pt-cv-meta-fields\"><span class=\"entry-date\"> <time datetime=\"2026-07-16T07:51:03+02:00\">16 de julio de 2026<\/time><\/span><\/div>\n<div class=\"pt-cv-content\">Musulmans de 14 o 15 anys creuen que les normes religioses han de passar per damunt de les normes de l\u2019escola p\u00fablica.<\/div><\/div><\/div><\/div>\n<div class=\"text-center pt-cv-pagination-wrapper\"><a href=\"https:\/\/percepcions.cat\/es\/wp-json\/wp\/v2\/posts\/12945\/?_page=2\" onclick=\"event.preventDefault()\" class=\"pt-cv-more btn btn-primary btn-sm\" data-totalpages=\"44\" data-nextpages=\"2\" data-sid=\"a6d38d031z\" data-unid=\"\" data-isblock=\"\" data-postid=\"\">M\u00e9s Percepcions <span class=\"caret\"><\/span><\/a><img loading=\"lazy\" decoding=\"async\" width=\"15\" height=\"15\" class=\"pt-cv-spinner\" alt=\"Cargando...\" src=\"data:image\/gif;base64,R0lGODlhDwAPALMPAMrKygwMDJOTkz09PZWVla+vr3p6euTk5M7OzuXl5TMzMwAAAJmZmWZmZszMzP\/\/\/yH\/C05FVFNDQVBFMi4wAwEAAAAh+QQFCgAPACwAAAAADwAPAAAEQvDJaZaZOIcV8iQK8VRX4iTYoAwZ4iCYoAjZ4RxejhVNoT+mRGP4cyF4Pp0N98sBGIBMEMOotl6YZ3S61Bmbkm4mAgAh+QQFCgAPACwAAAAADQANAAAENPDJSRSZeA418itN8QiK8BiLITVsFiyBBIoYqnoewAD4xPw9iY4XLGYSjkQR4UAUD45DLwIAIfkEBQoADwAsAAAAAA8ACQAABC\/wyVlamTi3nSdgwFNdhEJgTJoNyoB9ISYoQmdjiZPcj7EYCAeCF1gEDo4Dz2eIAAAh+QQFCgAPACwCAAAADQANAAAEM\/DJBxiYeLKdX3IJZT1FU0iIg2RNKx3OkZVnZ98ToRD4MyiDnkAh6BkNC0MvsAj0kMpHBAAh+QQFCgAPACwGAAAACQAPAAAEMDC59KpFDll73HkAA2wVY5KgiK5b0RRoI6MuzG6EQqCDMlSGheEhUAgqgUUAFRySIgAh+QQFCgAPACwCAAIADQANAAAEM\/DJKZNLND\/kkKaHc3xk+QAMYDKsiaqmZCxGVjSFFCxB1vwy2oOgIDxuucxAMTAJFAJNBAAh+QQFCgAPACwAAAYADwAJAAAEMNAs86q1yaWwwv2Ig0jUZx3OYa4XoRAfwADXoAwfo1+CIjyFRuEho60aSNYlOPxEAAAh+QQFCgAPACwAAAIADQANAAAENPA9s4y8+IUVcqaWJ4qEQozSoAzoIyhCK2NFU2SJk0hNnyEOhKR2AzAAj4Pj4GE4W0bkJQIAOw==\" title=\"\"><div class=\"clear pt-cv-clear-pagination\"><\/div><\/div><\/div>\t\t\t\t\t\t<style type=\"text\/css\" id=\"pt-cv-inline-style-0af01fe4qo\">\n#pt-cv-view-a6d38d031z .pt-cv-thumb-wrapper:not(.miniwrap) {  }#pt-cv-view-a6d38d031z .pt-cv-thumbnail:not(.pt-cv-thumbnailsm) { height: 250px; }#pt-cv-view-a6d38d031z > .pt-cv-page {grid-template-columns: repeat(3, 1fr);grid-gap: 15px;}\n@media all and (max-width: 1024px) { \n#pt-cv-view-a6d38d031z > .pt-cv-page {grid-template-columns: repeat(1, 1fr);}\n} \n@media all and (max-width: 767px) { \n#pt-cv-view-a6d38d031z > .pt-cv-page {grid-template-columns: repeat(1, 1fr);}\n} <\/style>\r\n\t\t\t\t\t\t\t\t\t<style type=\"text\/css\" id=\"pt-cv-inline-style-e1dd3f8qc1\"> #pt-cv-view-a6d38d031z[class*='cveffect'] .pt-cv-thumb-wrapper, #pt-cv-view-a6d38d031z:not([class*='cveffect']) .pt-cv-thumbnail, #pt-cv-view-a6d38d031z  .cvp-responsive-image[style*=background-image] { border-width: 1px 1px 1px 1px }\n #pt-cv-view-a6d38d031z[class*='cveffect'] .pt-cv-thumb-wrapper, #pt-cv-view-a6d38d031z:not([class*='cveffect']) .pt-cv-thumbnail, #pt-cv-view-a6d38d031z  .cvp-responsive-image[style*=background-image] { border-style: solid }\n #pt-cv-view-a6d38d031z[class*='cveffect'] .pt-cv-thumb-wrapper, #pt-cv-view-a6d38d031z:not([class*='cveffect']) .pt-cv-thumbnail, #pt-cv-view-a6d38d031z  .cvp-responsive-image[style*=background-image] { border-color: #0f4c81 }\n#pt-cv-view-a6d38d031z .pt-cv-taxoterm * { font-family: 'Noto Sans', Arial, serif !important; color: #ffffff !important; background-color: #0f4c81 !important; font-weight: 600 !important; margin: 0px 10px 0px 0px !important; padding: 1px 6px 1px 6px !important; border-radius: 3px 3px 3px 3px !important; }\n#pt-cv-view-a6d38d031z .pt-cv-title a, #pt-cv-view-a6d38d031z  .panel-title { font-family: 'Noto Sans', Arial, serif !important; font-size: 24px !important; line-height: 1.3 !important; color: #000000 !important; font-weight: 600 !important; }\n#pt-cv-view-a6d38d031z .pt-cv-content , #pt-cv-view-a6d38d031z  .pt-cv-content *:not(.pt-cv-readmore):not(style):not(script) { font-family: 'Noto Sans', Arial, serif !important; font-size: 16px !important; line-height: 1.3 !important; color: #000000 !important; font-weight: 600 !important; }\n#pt-cv-view-a6d38d031z .pt-cv-meta-fields * { font-size: 15px !important; line-height: 1.3 !important; color: #000000 !important; }\n#pt-cv-view-a6d38d031z .pt-cv-readmore  { color: #ffffff !important; background-color: #00aeef !important; }\n#pt-cv-view-a6d38d031z .pt-cv-readmore:hover  { color: #ffffff !important; background-color: #00aeef !important; }\n#pt-cv-view-a6d38d031z  + .pt-cv-pagination-wrapper .pt-cv-more , #pt-cv-view-a6d38d031z  + .pt-cv-pagination-wrapper .pagination .active a, .pt-cv-pagination[data-sid='a6d38d031z'] .active a { font-size: 19px !important; line-height: 1.3 !important; color: #ffffff !important; background-color: #0f4c81 !important; font-weight: 600 !important; padding: 1px 6px 1px 6px !important; border-radius: 3px 3px 3px 3px !important; }<\/style>\r\n\t\t\t<link href='\/\/fonts.googleapis.com\/css?family=Noto+Sans' rel='stylesheet' type='text\/css'><\/div><\/div>\n\n\n\n<div class=\"wp-block-uagb-separator uagb-block-5d3a5089\"><div class=\"wp-block-uagb-separator__inner\" style=\"--my-background-image:\"><\/div><\/div>\n\n\n\n<div class=\"wp-block-uagb-container uagb-block-a8bd19dc alignfull uagb-is-root-container\"><div class=\"uagb-container-inner-blocks-wrap\">\n<div class=\"wp-block-uagb-container uagb-block-cb082e82\">\n<div class=\"wp-block-uagb-advanced-heading uagb-block-b36f9a1a\"><h2 class=\"uagb-heading-text\">Frase de la Setmana<\/h2><\/div>\n\n\n<div class=\"pt-cv-wrapper\"><div class=\"pt-cv-view pt-cv-overlaygrid iscvblock iscvhybrid pt-cv-nooverlay pt-cv-clickable overlay1 layout1\" id=\"pt-cv-view-ffce338abp\"><div data-id=\"pt-cv-page-1\" class=\"pt-cv-page\" data-cvc=\"1\"><div class=\" pt-cv-content-item pt-cv-1-col\" data-pid=\"5467\"><div class=\"pt-cv-thumb-wrapper  \"><a href=\"https:\/\/percepcions.cat\/wp-content\/uploads\/2025\/03\/Que-hi-ha-de-dolent-en-incitar-a-una-intensa-aversio-a-una-religio-si-les-activitats-o-els-ensenyaments.jpg\" class=\"pt-cv-lightbox-image pt-cv-href-thumbnail pt-cv-thumb-default cvp-lazy-container\" target=\"pt-cv-lightbox-image\"><img loading=\"lazy\" decoding=\"async\" width=\"768\" height=\"432\" src=\"https:\/\/percepcions.cat\/wp-content\/plugins\/pt-content-views-pro\/public\/assets\/images\/lazy_image.png\" class=\"pt-cv-thumbnail img-none skip-lazy  cvplazy\" alt=\"Qu\u00e8 hi ha de dolent en incitar a una intensa aversi\u00f3 a una religi\u00f3 si les activitats o els ensenyaments d&#039;aquesta religi\u00f3 s\u00f3n tan escandalosos, irracionals o abusius dels drets humans que mereixen ser intensament detestats? .-Rowan Atkinson\" data-cvpsrc=\"https:\/\/percepcions.cat\/wp-content\/uploads\/2025\/03\/Que-hi-ha-de-dolent-en-incitar-a-una-intensa-aversio-a-una-religio-si-les-activitats-o-els-ensenyaments-768x432.jpg\" data-cvpset=\"https:\/\/percepcions.cat\/wp-content\/uploads\/2025\/03\/Que-hi-ha-de-dolent-en-incitar-a-una-intensa-aversio-a-una-religio-si-les-activitats-o-els-ensenyaments-768x432.jpg 768w, https:\/\/percepcions.cat\/wp-content\/uploads\/2025\/03\/Que-hi-ha-de-dolent-en-incitar-a-una-intensa-aversio-a-una-religio-si-les-activitats-o-els-ensenyaments-300x169.jpg 300w, https:\/\/percepcions.cat\/wp-content\/uploads\/2025\/03\/Que-hi-ha-de-dolent-en-incitar-a-una-intensa-aversio-a-una-religio-si-les-activitats-o-els-ensenyaments-1024x576.jpg 1024w, https:\/\/percepcions.cat\/wp-content\/uploads\/2025\/03\/Que-hi-ha-de-dolent-en-incitar-a-una-intensa-aversio-a-una-religio-si-les-activitats-o-els-ensenyaments-1536x864.jpg 1536w, https:\/\/percepcions.cat\/wp-content\/uploads\/2025\/03\/Que-hi-ha-de-dolent-en-incitar-a-una-intensa-aversio-a-una-religio-si-les-activitats-o-els-ensenyaments-18x10.jpg 18w, https:\/\/percepcions.cat\/wp-content\/uploads\/2025\/03\/Que-hi-ha-de-dolent-en-incitar-a-una-intensa-aversio-a-una-religio-si-les-activitats-o-els-ensenyaments.jpg 1600w\" title=\"\"><\/a><\/div>\n<div class=\"pt-cv-overlay-wrapper\"><div class=\"pt-cv-content\">Qu\u00e8 hi ha de dolent en incitar a una intensa aversi\u00f3 a una religi\u00f3 si les activitats o els ensenyaments d&#8217;aquesta religi\u00f3 s\u00f3n tan escandalosos, irracionals o abusius dels drets humans que mereixen ser intensament detestats? .-Rowan Atkinson<\/div><\/div><\/div><\/div><\/div><\/div>\t\t\t\t\t\t<style type=\"text\/css\" id=\"pt-cv-inline-style-0f928450ke\">#pt-cv-view-ffce338abp .pt-cv-overlay-wrapper {justify-content: flex-end;}\n#pt-cv-view-ffce338abp > .pt-cv-page {grid-template-columns: repeat(1, 1fr);grid-gap: 15px;}\n@media all and (max-width: 1024px) { \n#pt-cv-view-ffce338abp > .pt-cv-page {grid-template-columns: repeat(1, 1fr);}\n} \n@media all and (max-width: 767px) { \n#pt-cv-view-ffce338abp > .pt-cv-page {grid-template-columns: repeat(1, 1fr);}\n} <\/style>\r\n\t\t\t\t\t\t\t\t\t<style type=\"text\/css\" id=\"pt-cv-inline-style-5ed512050w\">#pt-cv-view-ffce338abp  .pt-cv-content-item   { border-width: 1px 1px 1px 1px !important; border-style: solid !important; }\n#pt-cv-view-ffce338abp .pt-cv-taxoterm * { font-family: 'Noto Sans', Arial, serif !important; color: #ffffff !important; margin: 0px 0px 0px 0px !important; padding: 1px 6px 1px 6px !important; border-radius: 3px 3px 3px 3px !important; }\n#pt-cv-view-ffce338abp .pt-cv-title a, #pt-cv-view-ffce338abp  .panel-title { font-family: 'Noto Sans', Arial, serif !important; font-size: 20px !important; line-height: 1.3 !important; color: #000000 !important; font-weight: 600 !important; }\n@media (max-width: 767px) {#pt-cv-view-ffce338abp .pt-cv-title a, #pt-cv-view-ffce338abp  .panel-title { font-size: 22px !important }}\n#pt-cv-view-ffce338abp .pt-cv-content , #pt-cv-view-ffce338abp  .pt-cv-content *:not(.pt-cv-readmore):not(style):not(script) { font-family: 'Noto Sans', Arial, serif !important; font-size: 19px !important; line-height: 1.3 !important; color: #000000 !important; font-weight: 600 !important; }\n#pt-cv-view-ffce338abp .pt-cv-meta-fields * { color: #000000 !important; }\n#pt-cv-view-ffce338abp .pt-cv-readmore  { color: #ffffff !important; background-color: #00aeef !important; }\n#pt-cv-view-ffce338abp .pt-cv-readmore:hover  { color: #ffffff !important; background-color: #00aeef !important; }<\/style>\r\n\t\t\t<link href='\/\/fonts.googleapis.com\/css?family=Noto+Sans' rel='stylesheet' type='text\/css'>\n\n\n<div class=\"wp-block-uagb-buttons uagb-buttons__outer-wrap uagb-btn__default-btn uagb-btn-tablet__default-btn uagb-btn-mobile__default-btn uagb-block-cda63ad2\"><div class=\"uagb-buttons__wrap uagb-buttons-layout-wrap \">\n<div class=\"wp-block-uagb-buttons-child uagb-buttons__outer-wrap uagb-block-8b104509 wp-block-button\"><div class=\"uagb-button__wrapper\"><a class=\"uagb-buttons-repeater wp-block-button__link\" aria-label=\"\" href=\"https:\/\/percepcions.cat\/percepcions-de-frases\/\" rel=\"follow noopener\" target=\"_self\" role=\"button\"><div class=\"uagb-button__link\">M\u00e9s Frases<\/div><span class=\"uagb-button__icon uagb-button__icon-position-after\"><svg xmlns=\"https:\/\/www.w3.org\/2000\/svg\" viewBox=\"0 0 448 512\" aria-hidden=\"true\" focussable=\"false\"><path d=\"M438.6 278.6l-160 160C272.4 444.9 264.2 448 256 448s-16.38-3.125-22.62-9.375c-12.5-12.5-12.5-32.75 0-45.25L338.8 288H32C14.33 288 .0016 273.7 .0016 256S14.33 224 32 224h306.8l-105.4-105.4c-12.5-12.5-12.5-32.75 0-45.25s32.75-12.5 45.25 0l160 160C451.1 245.9 451.1 266.1 438.6 278.6z\"><\/path><\/svg><\/span><\/a><\/div><\/div>\n<\/div><\/div>\n<\/div>\n\n\n\n<div class=\"wp-block-uagb-container uagb-block-4277df2b\">\n<div class=\"wp-block-uagb-advanced-heading uagb-block-a0ea22c1\"><p class=\"uagb-heading-text\">Imatge de la Setmana<\/p><\/div>\n\n\n<div class=\"pt-cv-wrapper\"><div class=\"pt-cv-view pt-cv-blockgrid iscvblock iscvhybrid grid1 layout1\" id=\"pt-cv-view-8b1a556yo0\"><div data-id=\"pt-cv-page-1\" class=\"pt-cv-page\" data-cvc=\"1\"><div class=\" pt-cv-content-item pt-cv-1-col\" data-pid=\"11349\"><div class=\"pt-cv-thumb-wrapper  \"><a href=\"https:\/\/percepcions.cat\/wp-content\/uploads\/2025\/11\/Tens-21-anys-i-no-estas-casada.jpg\" class=\"pt-cv-lightbox-image pt-cv-href-thumbnail pt-cv-thumb-default cvplbd cvp-lazy-container\" target=\"pt-cv-lightbox-image\"><img loading=\"lazy\" decoding=\"async\" width=\"300\" height=\"169\" src=\"https:\/\/percepcions.cat\/wp-content\/plugins\/pt-content-views-pro\/public\/assets\/images\/lazy_image.png\" class=\"pt-cv-thumbnail img-none skip-lazy  cvplazy\" alt=\"21 anys i no est\u00e0s casada? No tens cosins?\" data-cvpsrc=\"https:\/\/percepcions.cat\/wp-content\/uploads\/2025\/11\/Tens-21-anys-i-no-estas-casada-300x169.jpg\" data-cvpset=\"https:\/\/percepcions.cat\/wp-content\/uploads\/2025\/11\/Tens-21-anys-i-no-estas-casada-300x169.jpg 300w, https:\/\/percepcions.cat\/wp-content\/uploads\/2025\/11\/Tens-21-anys-i-no-estas-casada-1024x576.jpg 1024w, https:\/\/percepcions.cat\/wp-content\/uploads\/2025\/11\/Tens-21-anys-i-no-estas-casada-768x432.jpg 768w, https:\/\/percepcions.cat\/wp-content\/uploads\/2025\/11\/Tens-21-anys-i-no-estas-casada-18x10.jpg 18w, https:\/\/percepcions.cat\/wp-content\/uploads\/2025\/11\/Tens-21-anys-i-no-estas-casada.jpg 1068w\" title=\"\"><\/a><\/div>\n<div class=\"pt-cv-content\">-21 anys i no est\u00e0s casada? <br \/> -No tens cosins?<\/div><\/div><\/div><\/div><\/div>\t\t\t\t\t\t<style type=\"text\/css\" id=\"pt-cv-inline-style-45d7395odv\">\n#pt-cv-view-8b1a556yo0 > .pt-cv-page {grid-template-columns: repeat(1, 1fr);grid-gap: 15px;}\n@media all and (max-width: 1024px) { \n#pt-cv-view-8b1a556yo0 > .pt-cv-page {grid-template-columns: repeat(1, 1fr);}\n} \n@media all and (max-width: 767px) { \n#pt-cv-view-8b1a556yo0 > .pt-cv-page {grid-template-columns: repeat(1, 1fr);}\n} <\/style>\r\n\t\t\t\t\t\t\t\t\t<style type=\"text\/css\" id=\"pt-cv-inline-style-6f7dffdpbs\">#pt-cv-view-8b1a556yo0  .pt-cv-content-item   { border-width: 1px 1px 1px 1px !important; border-style: solid !important; }\n #pt-cv-view-8b1a556yo0[class*='cveffect'] .pt-cv-thumb-wrapper, #pt-cv-view-8b1a556yo0:not([class*='cveffect']) .pt-cv-thumbnail, #pt-cv-view-8b1a556yo0  .cvp-responsive-image[style*=background-image] { border-width: 2px 2px 2px 2px }\n #pt-cv-view-8b1a556yo0[class*='cveffect'] .pt-cv-thumb-wrapper, #pt-cv-view-8b1a556yo0:not([class*='cveffect']) .pt-cv-thumbnail, #pt-cv-view-8b1a556yo0  .cvp-responsive-image[style*=background-image] { border-style: solid }\n #pt-cv-view-8b1a556yo0[class*='cveffect'] .pt-cv-thumb-wrapper, #pt-cv-view-8b1a556yo0:not([class*='cveffect']) .pt-cv-thumbnail, #pt-cv-view-8b1a556yo0  .cvp-responsive-image[style*=background-image] { border-color: #0f4c81 }\n#pt-cv-view-8b1a556yo0 .pt-cv-taxoterm * { font-family: 'Noto Sans', Arial, serif !important; color: #ffffff !important; margin: 0px 0px 0px 0px !important; padding: 1px 6px 1px 6px !important; border-radius: 3px 3px 3px 3px !important; }\n#pt-cv-view-8b1a556yo0 .pt-cv-title a, #pt-cv-view-8b1a556yo0  .panel-title { font-family: 'Noto Sans', Arial, serif !important; font-size: 20px !important; line-height: 1.3 !important; color: #000000 !important; font-weight: 600 !important; }\n@media (max-width: 767px) {#pt-cv-view-8b1a556yo0 .pt-cv-title a, #pt-cv-view-8b1a556yo0  .panel-title { font-size: 22px !important }}\n#pt-cv-view-8b1a556yo0 .pt-cv-content , #pt-cv-view-8b1a556yo0  .pt-cv-content *:not(.pt-cv-readmore):not(style):not(script) { font-family: 'Noto Sans', Arial, serif !important; font-size: 19px !important; line-height: 1.3 !important; color: #000000 !important; font-weight: 600 !important; }\n#pt-cv-view-8b1a556yo0 .pt-cv-meta-fields * { color: #000000 !important; }\n#pt-cv-view-8b1a556yo0 .pt-cv-readmore  { color: #ffffff !important; background-color: #00aeef !important; }\n#pt-cv-view-8b1a556yo0 .pt-cv-readmore:hover  { color: #ffffff !important; background-color: #00aeef !important; }<\/style>\r\n\t\t\t<link href='\/\/fonts.googleapis.com\/css?family=Noto+Sans' rel='stylesheet' type='text\/css'>\n\n\n<div class=\"wp-block-uagb-buttons uagb-buttons__outer-wrap uagb-btn__default-btn uagb-btn-tablet__default-btn uagb-btn-mobile__default-btn uagb-block-cac61cc6\"><div class=\"uagb-buttons__wrap uagb-buttons-layout-wrap \">\n<div class=\"wp-block-uagb-buttons-child uagb-buttons__outer-wrap uagb-block-3f77c959 wp-block-button\"><div class=\"uagb-button__wrapper\"><a class=\"uagb-buttons-repeater wp-block-button__link\" aria-label=\"\" href=\"https:\/\/percepcions.cat\/humor\/\" rel=\"follow noopener\" target=\"_self\" role=\"button\"><div class=\"uagb-button__link\">M\u00e9s imatges<\/div><span class=\"uagb-button__icon uagb-button__icon-position-after\"><svg xmlns=\"https:\/\/www.w3.org\/2000\/svg\" viewBox=\"0 0 448 512\" aria-hidden=\"true\" focussable=\"false\"><path d=\"M438.6 278.6l-160 160C272.4 444.9 264.2 448 256 448s-16.38-3.125-22.62-9.375c-12.5-12.5-12.5-32.75 0-45.25L338.8 288H32C14.33 288 .0016 273.7 .0016 256S14.33 224 32 224h306.8l-105.4-105.4c-12.5-12.5-12.5-32.75 0-45.25s32.75-12.5 45.25 0l160 160C451.1 245.9 451.1 266.1 438.6 278.6z\"><\/path><\/svg><\/span><\/a><\/div><\/div>\n<\/div><\/div>\n<\/div>\n<\/div><\/div>\n","protected":false},"excerpt":{"rendered":"<p>El encuentro religioso del Ramad\u00e1n en L\u00e9rida se presenta como \u00abacto de convivencia\u00bb. Incluye una conferencia titulada &quot;Ramad\u00e1 en Espa\u00f1a: memoria, identidad y pertenencia&quot;, a cargo de Aicha Fern\u00e1ndez.<\/p>","protected":false},"author":2,"featured_media":12966,"comment_status":"closed","ping_status":"closed","sticky":false,"template":"","format":"standard","meta":{"_uag_custom_page_level_css":"","site-sidebar-layout":"no-sidebar","site-content-layout":"","ast-site-content-layout":"normal-width-container","site-content-style":"unboxed","site-sidebar-style":"default","ast-global-header-display":"","ast-banner-title-visibility":"","ast-main-header-display":"","ast-hfb-above-header-display":"","ast-hfb-below-header-display":"","ast-hfb-mobile-header-display":"","site-post-title":"disabled","ast-breadcrumbs-content":"","ast-featured-img":"","footer-sml-layout":"","ast-disable-related-posts":"","theme-transparent-header-meta":"","adv-header-id-meta":"","stick-header-meta":"","header-above-stick-meta":"","header-main-stick-meta":"","header-below-stick-meta":"","astra-migrate-meta-layouts":"default","ast-page-background-enabled":"default","ast-page-background-meta":{"desktop":{"background-color":"var(--ast-global-color-5)","background-image":"","background-repeat":"repeat","background-position":"center center","background-size":"auto","background-attachment":"scroll","background-type":"","background-media":"","overlay-type":"","overlay-color":"","overlay-opacity":"","overlay-gradient":""},"tablet":{"background-color":"","background-image":"","background-repeat":"repeat","background-position":"center center","background-size":"auto","background-attachment":"scroll","background-type":"","background-media":"","overlay-type":"","overlay-color":"","overlay-opacity":"","overlay-gradient":""},"mobile":{"background-color":"","background-image":"","background-repeat":"repeat","background-position":"center center","background-size":"auto","background-attachment":"scroll","background-type":"","background-media":"","overlay-type":"","overlay-color":"","overlay-opacity":"","overlay-gradient":""}},"ast-content-background-meta":{"desktop":{"background-color":"var(--ast-global-color-4)","background-image":"","background-repeat":"repeat","background-position":"center center","background-size":"auto","background-attachment":"scroll","background-type":"","background-media":"","overlay-type":"","overlay-color":"","overlay-opacity":"","overlay-gradient":""},"tablet":{"background-color":"var(--ast-global-color-4)","background-image":"","background-repeat":"repeat","background-position":"center center","background-size":"auto","background-attachment":"scroll","background-type":"","background-media":"","overlay-type":"","overlay-color":"","overlay-opacity":"","overlay-gradient":""},"mobile":{"background-color":"var(--ast-global-color-4)","background-image":"","background-repeat":"repeat","background-position":"center center","background-size":"auto","background-attachment":"scroll","background-type":"","background-media":"","overlay-type":"","overlay-color":"","overlay-opacity":"","overlay-gradient":""}},"footnotes":""},"categories":[3],"tags":[56,40],"class_list":["post-12945","post","type-post","status-publish","format-standard","has-post-thumbnail","hentry","category-islam","tag-catalunya","tag-ramada"],"uagb_featured_image_src":{"full":["https:\/\/percepcions.cat\/wp-content\/uploads\/2026\/03\/iftar-ramda-bonpreu.jpg",686,447,false],"thumbnail":["https:\/\/percepcions.cat\/wp-content\/uploads\/2026\/03\/iftar-ramda-bonpreu-150x150.jpg",150,150,true],"medium":["https:\/\/percepcions.cat\/wp-content\/uploads\/2026\/03\/iftar-ramda-bonpreu-300x195.jpg",300,195,true],"medium_large":["https:\/\/percepcions.cat\/wp-content\/uploads\/2026\/03\/iftar-ramda-bonpreu.jpg",686,447,false],"large":["https:\/\/percepcions.cat\/wp-content\/uploads\/2026\/03\/iftar-ramda-bonpreu.jpg",686,447,false],"1536x1536":["https:\/\/percepcions.cat\/wp-content\/uploads\/2026\/03\/iftar-ramda-bonpreu.jpg",686,447,false],"2048x2048":["https:\/\/percepcions.cat\/wp-content\/uploads\/2026\/03\/iftar-ramda-bonpreu.jpg",686,447,false],"trp-custom-language-flag":["https:\/\/percepcions.cat\/wp-content\/uploads\/2026\/03\/iftar-ramda-bonpreu-18x12.jpg",18,12,true]},"uagb_author_info":{"display_name":"Percepcions","author_link":"https:\/\/percepcions.cat\/es\/author\/percepcions\/"},"uagb_comment_info":0,"uagb_excerpt":"La trobada religiosa del Ramad\u00e0 a Lleida es presenta com a \"acte de conviv\u00e8ncia\". Inclou una confer\u00e8ncia titulada \u00abRamad\u00e0 a Espanya: mem\u00f2ria, identitat i pertinen\u00e7a\u00bb, a c\u00e0rrec d'Aicha Fern\u00e1ndez.","_links":{"self":[{"href":"https:\/\/percepcions.cat\/es\/wp-json\/wp\/v2\/posts\/12945","targetHints":{"allow":["GET"]}}],"collection":[{"href":"https:\/\/percepcions.cat\/es\/wp-json\/wp\/v2\/posts"}],"about":[{"href":"https:\/\/percepcions.cat\/es\/wp-json\/wp\/v2\/types\/post"}],"author":[{"embeddable":true,"href":"https:\/\/percepcions.cat\/es\/wp-json\/wp\/v2\/users\/2"}],"replies":[{"embeddable":true,"href":"https:\/\/percepcions.cat\/es\/wp-json\/wp\/v2\/comments?post=12945"}],"version-history":[{"count":10,"href":"https:\/\/percepcions.cat\/es\/wp-json\/wp\/v2\/posts\/12945\/revisions"}],"predecessor-version":[{"id":12965,"href":"https:\/\/percepcions.cat\/es\/wp-json\/wp\/v2\/posts\/12945\/revisions\/12965"}],"wp:featuredmedia":[{"embeddable":true,"href":"https:\/\/percepcions.cat\/es\/wp-json\/wp\/v2\/media\/12966"}],"wp:attachment":[{"href":"https:\/\/percepcions.cat\/es\/wp-json\/wp\/v2\/media?parent=12945"}],"wp:term":[{"taxonomy":"category","embeddable":true,"href":"https:\/\/percepcions.cat\/es\/wp-json\/wp\/v2\/categories?post=12945"},{"taxonomy":"post_tag","embeddable":true,"href":"https:\/\/percepcions.cat\/es\/wp-json\/wp\/v2\/tags?post=12945"}],"curies":[{"name":"wp","href":"https:\/\/api.w.org\/{rel}","templated":true}]}}