{"id":11208,"date":"2025-11-07T15:02:04","date_gmt":"2025-11-07T14:02:04","guid":{"rendered":"https:\/\/percepcions.cat\/?p=11208"},"modified":"2025-11-07T15:18:58","modified_gmt":"2025-11-07T14:18:58","slug":"indignacion-en-franca-por-la-presencia-de-panuelos-islamicos-en-el-parlamento","status":"publish","type":"post","link":"https:\/\/percepcions.cat\/es\/indignacion-en-franca-por-la-presencia-de-panuelos-islamicos-en-el-parlamento\/","title":{"rendered":"Indignaci\u00f3n en Francia por la presencia de pa\u00f1uelos isl\u00e1micos en el Parlamento"},"content":{"rendered":"\n<div class=\"wp-block-uagb-container uagb-block-9cb50b66 alignfull uagb-is-root-container\"><div class=\"uagb-container-inner-blocks-wrap\">\n<div class=\"wp-block-uagb-advanced-heading uagb-block-fa03ca8d\"><h1 class=\"uagb-heading-text\">Indignaci\u00f3 a Fran\u00e7a per la pres\u00e8ncia de mocadors isl\u00e0mics al Parlament<\/h1><\/div>\n<\/div><\/div>\n\n\n\n<div class=\"wp-block-uagb-container uagb-block-57950bc9 alignfull uagb-is-root-container\"><div class=\"uagb-container-inner-blocks-wrap\">\n<div class=\"wp-block-uagb-advanced-heading uagb-block-e7f221fc\"><p class=\"uagb-heading-text\">La presidenta de l\u2019Assemblea, del partit de Macron, parla de \u201cs\u00edmbols religiosos ostentatoris\u201d i reclama que no es torni a repetir.<\/p><\/div>\n<\/div><\/div>\n\n\n\n<div class=\"wp-block-uagb-container uagb-block-2791000d alignfull uagb-is-root-container\"><div class=\"uagb-container-inner-blocks-wrap\"><div style=\"font-size:12px;padding-right:0;padding-left:0\" class=\"wp-block-post-date\"><time datetime=\"2025-11-07T15:02:04+01:00\">7 de noviembre de 2025<\/time><\/div><\/div><\/div>\n\n\n\n<div class=\"wp-block-uagb-container uagb-layout-flex uagb-block-3668bbc1 default uagb-is-root-container\"><\/div>\n\n\n\n<div class=\"wp-block-uagb-container uagb-block-c2d10651 alignfull uagb-is-root-container\"><div class=\"uagb-container-inner-blocks-wrap\">\n<div class=\"wp-block-uagb-container uagb-block-09c39753\">\n<div class=\"wp-block-uagb-container uagb-block-8640ecc5\">\n<div class=\"wp-block-uagb-advanced-heading uagb-block-1088a23c\"><p class=\"uagb-heading-text\">Imatge de les noies amb <em>hijab<\/em><\/p><\/div>\n\n\n\n<div class=\"wp-block-uagb-advanced-heading uagb-block-6b74a682\"><p class=\"uagb-heading-text\">Fronti\u00e8re<\/p><\/div>\n<\/div>\n<\/div>\n\n\n\n<div class=\"wp-block-uagb-container uagb-block-470585bf\"><style type=\"text\/css\">.essb_links.essb_size_m .essb_link_svg_icon svg{height:18px;width:auto}.essb_links.essb_size_m .essb_icon{width:36px !important;height:36px !important}.essb_links.essb_size_m .essb_icon:before{font-size:18px !important;top:9px !important;left:9px !important}.essb_links.essb_size_m li a .essb_network_name{font-size:13px !important;font-weight:400 !important;line-height:12px !important}<\/style><div class=\"essb_links essb_displayed_shortcode essb_share essb_template_default4-retina essb_template_glow-retina essb_1571511780 essb_size_m essb_links_right essb_mobile_hidden print-no\" id=\"essb_displayed_shortcode_1571511780\" data-essb-postid=\"11208\" data-essb-position=\"shortcode\" data-essb-button-style=\"button\" data-essb-template=\"default4-retina essb_template_glow-retina\" data-essb-counter-pos=\"hidden\" data-essb-url=\"https:\/\/percepcions.cat\/es\/indignacion-en-franca-por-la-presencia-de-panuelos-islamicos-en-el-parlamento\/\" data-essb-fullurl=\"https:\/\/percepcions.cat\/es\/indignacion-en-franca-por-la-presencia-de-panuelos-islamicos-en-el-parlamento\/\" data-essb-instance=\"1571511780\"><ul class=\"essb_links_list\"><li class=\"essb_item essb_link_twitter nolightbox essb_link_twitter_x essb_link_svg_icon\"> <a href=\"https:\/\/x.com\/intent\/post?text=Indignaci\u00f3%20a%20Fran\u00e7a%20per%20la%20pres\u00e8ncia%20de%20mocadors%20isl\u00e0mics%20al%20Parlament&amp;url=https%3A%2F%2Fpercepcions.cat%2Fes%2Findignacion-en-franca-por-la-presencia-de-panuelos-islamicos-en-el-parlamento%2F&amp;hashtags=#Percepcions\" title=\"Share on Twitter\" onclick=\"essb.window(&#39;https:\/\/x.com\/intent\/post?text=Indignaci\u00f3%20a%20Fran\u00e7a%20per%20la%20pres\u00e8ncia%20de%20mocadors%20isl\u00e0mics%20al%20Parlament&amp;url=https%3A%2F%2Fpercepcions.cat%2Fes%2Findignacion-en-franca-por-la-presencia-de-panuelos-islamicos-en-el-parlamento%2F&amp;hashtags=#Percepcions&#39;,&#39;twitter&#39;,&#39;1571511780&#39;); return false;\" target=\"_blank\" rel=\"noreferrer noopener nofollow\" class=\"nolightbox essb-s-bg-twitter essb-s-c-light essb-s-ch-light essb-s-bgh-dark essb-s-bg-network\" ><span class=\"essb_icon essb_icon_twitter_x\"><svg class=\"essb-svg-icon essb-svg-icon-twitter_x\" aria-hidden=\"true\" role=\"img\" focusable=\"false\" viewbox=\"0 0 24 24\"><path d=\"M18.244 2.25h3.308l-7.227 8.26 8.502 11.24H16.17l-5.214-6.817L4.99 21.75H1.68l7.73-8.835L1.254 2.25H8.08l4.713 6.231zm-1.161 17.52h1.833L7.084 4.126H5.117z\"><\/path><\/svg><\/span><span class=\"essb_network_name\">Twitter<\/span><\/a><\/li><li class=\"essb_item essb_link_whatsapp nolightbox essb_link_svg_icon\"> <a href=\"whatsapp:\/\/send?text=Indignaci\u00f3%20a%20Fran\u00e7a%20per%20la%20pres\u00e8ncia%20de%20mocadors%20isl\u00e0mics%20al%20Parlament%20https%3A%2F%2Fpercepcions.cat%2Fes%2Findignacion-en-franca-por-la-presencia-de-panuelos-islamicos-en-el-parlamento%2F\" title=\"Share on WhatsApp\" onclick=\"essb.whatsapp('Indignaci\u00f3%20a%20Fran\u00e7a%20per%20la%20pres\u00e8ncia%20de%20mocadors%20isl\u00e0mics%20al%20Parlament%20https%3A%2F%2Fpercepcions.cat%2Fes%2Findignacion-en-franca-por-la-presencia-de-panuelos-islamicos-en-el-parlamento%2F', '1571511780'); return false;\" target=\"_blank\" rel=\"noreferrer noopener nofollow\" class=\"nolightbox essb-s-bg-whatsapp essb-s-c-light essb-s-ch-light essb-s-bgh-dark essb-s-bg-network\" ><span class=\"essb_icon essb_icon_whatsapp\"><svg class=\"essb-svg-icon essb-svg-icon-whatsapp\" aria-hidden=\"true\" role=\"img\" focusable=\"false\" width=\"32\" height=\"32\" viewbox=\"0 0 32 32\" xmlns=\"http:\/\/www.w3.org\/2000\/svg\"><path d=\"M27.313 4.625c-3-3-7-4.625-11.25-4.625-8.75 0-15.875 7.125-15.875 15.875 0 2.75 0.75 5.5 2.125 7.938l-2.25 8.188 8.438-2.188c2.313 1.25 4.875 1.938 7.563 1.938v0c0 0 0 0 0 0 8.75 0 15.875-7.125 15.875-15.875 0-4.25-1.625-8.25-4.625-11.25zM16.063 29.063v0c-2.375 0-4.688-0.625-6.688-1.875l-0.5-0.25-5 1.313 1.313-4.875-0.313-0.5c-1.313-2.125-2-4.5-2-7 0-7.313 5.938-13.188 13.188-13.188 3.5 0 6.813 1.375 9.313 3.875s3.875 5.813 3.875 9.313c0 7.25-5.938 13.188-13.188 13.188zM23.313 19.188c-0.438-0.188-2.375-1.188-2.75-1.313-0.313-0.125-0.625-0.188-0.875 0.188-0.25 0.438-1 1.313-1.25 1.563s-0.438 0.313-0.875 0.125c-0.375-0.188-1.625-0.625-3.188-2-1.125-1-1.938-2.313-2.188-2.75-0.25-0.375 0-0.563 0.188-0.813 0.188-0.125 0.375-0.438 0.563-0.688 0.25-0.188 0.313-0.375 0.438-0.625s0.063-0.5-0.063-0.688c-0.063-0.188-0.875-2.188-1.188-2.938-0.375-0.813-0.688-0.688-0.938-0.688-0.188 0-0.5 0-0.75 0s-0.688 0.063-1.063 0.438c-0.375 0.438-1.375 1.375-1.375 3.313 0 2 1.438 3.875 1.625 4.125s2.813 4.25 6.75 6c0.938 0.375 1.688 0.625 2.25 0.813 1 0.313 1.813 0.25 2.5 0.188 0.813-0.125 2.375-1 2.688-1.938 0.375-0.875 0.375-1.688 0.25-1.875-0.125-0.125-0.375-0.25-0.75-0.438z\"><\/path><\/svg><\/span><span class=\"essb_network_name\">WhatsApp<\/span><\/a><\/li><li class=\"essb_item essb_link_meneame nolightbox essb_link_svg_icon\"> <a href=\"http:\/\/www.meneame.net\/submit.php?url=https%3A%2F%2Fpercepcions.cat%2Fes%2Findignacion-en-franca-por-la-presencia-de-panuelos-islamicos-en-el-parlamento%2F\" title=\"Share on Meneame\" onclick=\"essb.window(&#39;http:\/\/www.meneame.net\/submit.php?url=https%3A%2F%2Fpercepcions.cat%2Fes%2Findignacion-en-franca-por-la-presencia-de-panuelos-islamicos-en-el-parlamento%2F&#39;,&#39;meneame&#39;,&#39;1571511780&#39;); return false;\" target=\"_blank\" rel=\"noreferrer noopener nofollow\" class=\"nolightbox essb-s-bg-meneame essb-s-c-light essb-s-ch-light essb-s-bgh-dark essb-s-bg-network\" ><span class=\"essb_icon essb_icon_meneame\"><svg class=\"essb-svg-icon essb-svg-icon-meneame\" aria-hidden=\"true\" role=\"img\" focusable=\"false\" xmlns=\"http:\/\/www.w3.org\/2000\/svg\" width=\"32\" height=\"32\" viewbox=\"0 0 97.75 97.75\"><path d=\"M48.875,0C21.882,0,0,21.883,0,48.875S21.882,97.75,48.875,97.75S97.75,75.867,97.75,48.875S75.868,0,48.875,0z M33.509,22.451C36.467,20,39.98,18.812,43.711,18.15c5.854-1.037,11.391,0.1,16.748,2.418c2.752,1.189,5.409,2.598,8.252,3.58c0.626,0.219,1.26,0.414,1.921,0.508c1.19,0.166,2.166-0.236,2.949-1.123c1.024-1.156,1.386-2.549,1.384-4.064c0.287-0.018,0.348,0.209,0.439,0.379c0.873,1.605,0.625,4.217-0.562,5.578c-1.24,1.424-2.892,1.678-4.646,1.475c-1.991-0.23-3.887-0.813-5.703-1.678c-3.415-1.629-6.879-3.131-10.59-3.971c-4.645-1.051-9.253-0.867-13.762,0.631c-6.564,2.18-10.016,8.703-8.229,15.398c1.031,3.863,3.204,6.906,6.598,9.057c1.469,0.932,3.088,1.223,4.795,1.201c1.729-0.025,3.413-0.361,5.101-0.682c0.291-0.055,0.576-0.127,1.029,0.008c-1.473,0.914-2.945,1.432-4.498,1.758c-2.274,0.479-4.557,0.479-6.829,0.041c-1.963-0.375-3.574-1.436-4.874-2.912c-2.574-2.928-4.43-6.234-4.979-10.156C27.502,30.221,29.386,25.867,33.509,22.451z M51.924,79.834c-3.04,0.246-6.084,0.385-9.135,0.43c-4.29,0.064-8.596,0.094-12.827-0.619c-6.876-1.158-12.204-4.58-14.791-11.334c-1.387-3.625-1.212-7.399-0.096-11.08c1.675-5.521,4.209-10.587,8.335-14.733c1.068-1.074,2.271-1.998,3.45-2.947c0.115-0.092,0.223-0.236,0.457-0.16c-0.054,0.35-0.252,0.617-0.442,0.889c-3.206,4.574-5.952,9.396-8.023,14.598c-1.442,3.623-1.788,7.324-0.836,11.109c1.18,4.686,4.299,7.578,8.695,9.279c3.188,1.231,6.512,1.823,9.883,2.223c4.687,0.553,9.39,0.924,14.085,1.379c0.451,0.043,0.898,0.168,1.34,0.287c0.213,0.057,0.485,0.145,0.457,0.432C52.441,79.916,52.132,79.816,51.924,79.834z M54.23,79.592c-0.146,0.199-0.308,0.451-0.604,0.348c-0.265-0.092-0.229-0.371-0.239-0.594c-0.07-1.59,0.188-3.154,0.334-4.729c0.211-2.256,0.59-4.5,0.381-6.785c-0.065-0.723-0.396-1.162-1.039-1.469c-1.896-0.91-3.929-1.205-5.984-1.406c-2.513-0.244-5.038-0.221-7.555-0.373c-0.159-0.008-0.314-0.041-0.472-0.062c4.862-0.799,9.715-1.236,14.604-0.65c2.328,0.279,2.771,0.756,2.826,3.105c0.088,3.719-0.434,7.362-1.486,10.93C54.816,78.5,54.6,79.084,54.23,79.592z M79.469,33.182c-1.754,1.672-3.908,2.707-6.031,3.787c-1.92,0.975-3.898,1.838-5.707,3.023c-1.969,1.289-3.603,2.861-4.146,5.262c-0.44,1.953-0.083,3.885,0.312,5.795c0.863,4.203,2.564,8.117,4.246,12.033c0.869,2.021,1.795,4.02,2.486,6.109c1.115,3.369,0.186,5.967-2.814,7.858c-2.156,1.359-4.572,1.955-7.053,2.351c-1.451,0.229-2.918,0.301-4.421,0.397c-0.313-0.104-0.901,0.246-0.997-0.192c-0.092-0.431,0.522-0.57,0.881-0.722c2.176-0.905,4.371-1.771,6.551-2.674c1.354-0.563,2.678-1.199,3.896-2.028c0.418-0.285,0.804-0.611,1.142-0.988c0.539-0.601,0.668-1.234,0.354-2.021c-1.655-4.148-3.506-8.223-4.957-12.451c-1.17-3.412-2.101-6.869-2.347-10.498c-0.29-4.279,1.191-7.606,4.885-9.897c1.74-1.08,3.611-1.887,5.482-2.695c2.313-1,4.604-2.025,6.633-3.576c3.037-2.316,4.035-5.424,3.775-9.09c-0.117-1.65-0.393-3.27-0.77-4.877c-0.044-0.184-0.292-0.451,0.035-0.594c0.297-0.127,0.453,0.102,0.582,0.336c0.988,1.799,1.762,3.662,2.005,5.729C83.957,27.529,82.217,30.559,79.469,33.182z\" \/><\/svg><\/span><span class=\"essb_network_name\">Meneame<\/span><\/a><\/li><li class=\"essb_item essb_link_telegram nolightbox essb_link_svg_icon\"> <a href=\"tg:\/\/msg?text=Indignaci\u00f3%20a%20Fran\u00e7a%20per%20la%20pres\u00e8ncia%20de%20mocadors%20isl\u00e0mics%20al%20Parlament%20https%3A%2F%2Fpercepcions.cat%2Fes%2Findignacion-en-franca-por-la-presencia-de-panuelos-islamicos-en-el-parlamento%2F\" title=\"Share on Telegram\" onclick=\"essb.tracking_only('', 'telegram', '1571511780', true);\" target=\"_blank\" rel=\"noreferrer noopener nofollow\" class=\"nolightbox essb-s-bg-telegram essb-s-c-light essb-s-ch-light essb-s-bgh-dark essb-s-bg-network\" ><span class=\"essb_icon essb_icon_telegram\"><svg class=\"essb-svg-icon essb-svg-icon-telegram\" aria-hidden=\"true\" role=\"img\" focusable=\"false\" width=\"28\" height=\"32\" viewbox=\"0 0 28 32\" xmlns=\"http:\/\/www.w3.org\/2000\/svg\"><path d=\"M27.919 6.162l-4.225 19.925c-0.319 1.406-1.15 1.756-2.331 1.094l-6.438-4.744-3.106 2.988c-0.344 0.344-0.631 0.631-1.294 0.631l0.463-6.556 11.931-10.781c0.519-0.463-0.113-0.719-0.806-0.256l-14.75 9.287-6.35-1.988c-1.381-0.431-1.406-1.381 0.288-2.044l24.837-9.569c1.15-0.431 2.156 0.256 1.781 2.013z\"><\/path><\/svg><\/span><span class=\"essb_network_name\">Telegram<\/span><\/a><\/li><\/ul><\/div>\n\n\n<style type=\"text\/css\"><\/style><div class=\"essb_links essb_displayed_shortcode essb_share essb_template_default4-retina essb_template_glow-retina essb_270864046 essb_size_m essb_links_center essb_tablet_hidden essb_desktop_hidden print-no\" id=\"essb_displayed_shortcode_270864046\" data-essb-postid=\"11208\" data-essb-position=\"shortcode\" data-essb-button-style=\"icon\" data-essb-template=\"default4-retina essb_template_glow-retina\" data-essb-counter-pos=\"hidden\" data-essb-url=\"https:\/\/percepcions.cat\/es\/indignacion-en-franca-por-la-presencia-de-panuelos-islamicos-en-el-parlamento\/\" data-essb-fullurl=\"https:\/\/percepcions.cat\/es\/indignacion-en-franca-por-la-presencia-de-panuelos-islamicos-en-el-parlamento\/\" data-essb-instance=\"270864046\"><ul class=\"essb_links_list essb_force_hide_name essb_force_hide\"><li class=\"essb_item essb_link_twitter nolightbox essb_link_twitter_x essb_link_svg_icon\"> <a href=\"https:\/\/x.com\/intent\/post?text=Indignaci\u00f3%20a%20Fran\u00e7a%20per%20la%20pres\u00e8ncia%20de%20mocadors%20isl\u00e0mics%20al%20Parlament&amp;url=https%3A%2F%2Fpercepcions.cat%2Fes%2Findignacion-en-franca-por-la-presencia-de-panuelos-islamicos-en-el-parlamento%2F&amp;hashtags=#Percepcions\" title=\"Share on Twitter\" onclick=\"essb.window(&#39;https:\/\/x.com\/intent\/post?text=Indignaci\u00f3%20a%20Fran\u00e7a%20per%20la%20pres\u00e8ncia%20de%20mocadors%20isl\u00e0mics%20al%20Parlament&amp;url=https%3A%2F%2Fpercepcions.cat%2Fes%2Findignacion-en-franca-por-la-presencia-de-panuelos-islamicos-en-el-parlamento%2F&amp;hashtags=#Percepcions&#39;,&#39;twitter&#39;,&#39;270864046&#39;); return false;\" target=\"_blank\" rel=\"noreferrer noopener nofollow\" class=\"nolightbox essb-s-bg-twitter essb-s-c-light essb-s-ch-light essb-s-bgh-dark essb-s-bg-network\" ><span class=\"essb_icon essb_icon_twitter_x\"><svg class=\"essb-svg-icon essb-svg-icon-twitter_x\" aria-hidden=\"true\" role=\"img\" focusable=\"false\" viewbox=\"0 0 24 24\"><path d=\"M18.244 2.25h3.308l-7.227 8.26 8.502 11.24H16.17l-5.214-6.817L4.99 21.75H1.68l7.73-8.835L1.254 2.25H8.08l4.713 6.231zm-1.161 17.52h1.833L7.084 4.126H5.117z\"><\/path><\/svg><\/span><span class=\"essb_network_name essb_noname\"><\/span><\/a><\/li><li class=\"essb_item essb_link_whatsapp nolightbox essb_link_svg_icon\"> <a href=\"whatsapp:\/\/send?text=Indignaci\u00f3%20a%20Fran\u00e7a%20per%20la%20pres\u00e8ncia%20de%20mocadors%20isl\u00e0mics%20al%20Parlament%20https%3A%2F%2Fpercepcions.cat%2Fes%2Findignacion-en-franca-por-la-presencia-de-panuelos-islamicos-en-el-parlamento%2F\" title=\"Share on WhatsApp\" onclick=\"essb.whatsapp('Indignaci\u00f3%20a%20Fran\u00e7a%20per%20la%20pres\u00e8ncia%20de%20mocadors%20isl\u00e0mics%20al%20Parlament%20https%3A%2F%2Fpercepcions.cat%2Fes%2Findignacion-en-franca-por-la-presencia-de-panuelos-islamicos-en-el-parlamento%2F', '270864046'); return false;\" target=\"_blank\" rel=\"noreferrer noopener nofollow\" class=\"nolightbox essb-s-bg-whatsapp essb-s-c-light essb-s-ch-light essb-s-bgh-dark essb-s-bg-network\" ><span class=\"essb_icon essb_icon_whatsapp\"><svg class=\"essb-svg-icon essb-svg-icon-whatsapp\" aria-hidden=\"true\" role=\"img\" focusable=\"false\" width=\"32\" height=\"32\" viewbox=\"0 0 32 32\" xmlns=\"http:\/\/www.w3.org\/2000\/svg\"><path d=\"M27.313 4.625c-3-3-7-4.625-11.25-4.625-8.75 0-15.875 7.125-15.875 15.875 0 2.75 0.75 5.5 2.125 7.938l-2.25 8.188 8.438-2.188c2.313 1.25 4.875 1.938 7.563 1.938v0c0 0 0 0 0 0 8.75 0 15.875-7.125 15.875-15.875 0-4.25-1.625-8.25-4.625-11.25zM16.063 29.063v0c-2.375 0-4.688-0.625-6.688-1.875l-0.5-0.25-5 1.313 1.313-4.875-0.313-0.5c-1.313-2.125-2-4.5-2-7 0-7.313 5.938-13.188 13.188-13.188 3.5 0 6.813 1.375 9.313 3.875s3.875 5.813 3.875 9.313c0 7.25-5.938 13.188-13.188 13.188zM23.313 19.188c-0.438-0.188-2.375-1.188-2.75-1.313-0.313-0.125-0.625-0.188-0.875 0.188-0.25 0.438-1 1.313-1.25 1.563s-0.438 0.313-0.875 0.125c-0.375-0.188-1.625-0.625-3.188-2-1.125-1-1.938-2.313-2.188-2.75-0.25-0.375 0-0.563 0.188-0.813 0.188-0.125 0.375-0.438 0.563-0.688 0.25-0.188 0.313-0.375 0.438-0.625s0.063-0.5-0.063-0.688c-0.063-0.188-0.875-2.188-1.188-2.938-0.375-0.813-0.688-0.688-0.938-0.688-0.188 0-0.5 0-0.75 0s-0.688 0.063-1.063 0.438c-0.375 0.438-1.375 1.375-1.375 3.313 0 2 1.438 3.875 1.625 4.125s2.813 4.25 6.75 6c0.938 0.375 1.688 0.625 2.25 0.813 1 0.313 1.813 0.25 2.5 0.188 0.813-0.125 2.375-1 2.688-1.938 0.375-0.875 0.375-1.688 0.25-1.875-0.125-0.125-0.375-0.25-0.75-0.438z\"><\/path><\/svg><\/span><span class=\"essb_network_name essb_noname\"><\/span><\/a><\/li><li class=\"essb_item essb_link_meneame nolightbox essb_link_svg_icon\"> <a href=\"http:\/\/www.meneame.net\/submit.php?url=https%3A%2F%2Fpercepcions.cat%2Fes%2Findignacion-en-franca-por-la-presencia-de-panuelos-islamicos-en-el-parlamento%2F\" title=\"Share on Meneame\" onclick=\"essb.window(&#39;http:\/\/www.meneame.net\/submit.php?url=https%3A%2F%2Fpercepcions.cat%2Fes%2Findignacion-en-franca-por-la-presencia-de-panuelos-islamicos-en-el-parlamento%2F&#39;,&#39;meneame&#39;,&#39;270864046&#39;); return false;\" target=\"_blank\" rel=\"noreferrer noopener nofollow\" class=\"nolightbox essb-s-bg-meneame essb-s-c-light essb-s-ch-light essb-s-bgh-dark essb-s-bg-network\" ><span class=\"essb_icon essb_icon_meneame\"><svg class=\"essb-svg-icon essb-svg-icon-meneame\" aria-hidden=\"true\" role=\"img\" focusable=\"false\" xmlns=\"http:\/\/www.w3.org\/2000\/svg\" width=\"32\" height=\"32\" viewbox=\"0 0 97.75 97.75\"><path d=\"M48.875,0C21.882,0,0,21.883,0,48.875S21.882,97.75,48.875,97.75S97.75,75.867,97.75,48.875S75.868,0,48.875,0z M33.509,22.451C36.467,20,39.98,18.812,43.711,18.15c5.854-1.037,11.391,0.1,16.748,2.418c2.752,1.189,5.409,2.598,8.252,3.58c0.626,0.219,1.26,0.414,1.921,0.508c1.19,0.166,2.166-0.236,2.949-1.123c1.024-1.156,1.386-2.549,1.384-4.064c0.287-0.018,0.348,0.209,0.439,0.379c0.873,1.605,0.625,4.217-0.562,5.578c-1.24,1.424-2.892,1.678-4.646,1.475c-1.991-0.23-3.887-0.813-5.703-1.678c-3.415-1.629-6.879-3.131-10.59-3.971c-4.645-1.051-9.253-0.867-13.762,0.631c-6.564,2.18-10.016,8.703-8.229,15.398c1.031,3.863,3.204,6.906,6.598,9.057c1.469,0.932,3.088,1.223,4.795,1.201c1.729-0.025,3.413-0.361,5.101-0.682c0.291-0.055,0.576-0.127,1.029,0.008c-1.473,0.914-2.945,1.432-4.498,1.758c-2.274,0.479-4.557,0.479-6.829,0.041c-1.963-0.375-3.574-1.436-4.874-2.912c-2.574-2.928-4.43-6.234-4.979-10.156C27.502,30.221,29.386,25.867,33.509,22.451z M51.924,79.834c-3.04,0.246-6.084,0.385-9.135,0.43c-4.29,0.064-8.596,0.094-12.827-0.619c-6.876-1.158-12.204-4.58-14.791-11.334c-1.387-3.625-1.212-7.399-0.096-11.08c1.675-5.521,4.209-10.587,8.335-14.733c1.068-1.074,2.271-1.998,3.45-2.947c0.115-0.092,0.223-0.236,0.457-0.16c-0.054,0.35-0.252,0.617-0.442,0.889c-3.206,4.574-5.952,9.396-8.023,14.598c-1.442,3.623-1.788,7.324-0.836,11.109c1.18,4.686,4.299,7.578,8.695,9.279c3.188,1.231,6.512,1.823,9.883,2.223c4.687,0.553,9.39,0.924,14.085,1.379c0.451,0.043,0.898,0.168,1.34,0.287c0.213,0.057,0.485,0.145,0.457,0.432C52.441,79.916,52.132,79.816,51.924,79.834z M54.23,79.592c-0.146,0.199-0.308,0.451-0.604,0.348c-0.265-0.092-0.229-0.371-0.239-0.594c-0.07-1.59,0.188-3.154,0.334-4.729c0.211-2.256,0.59-4.5,0.381-6.785c-0.065-0.723-0.396-1.162-1.039-1.469c-1.896-0.91-3.929-1.205-5.984-1.406c-2.513-0.244-5.038-0.221-7.555-0.373c-0.159-0.008-0.314-0.041-0.472-0.062c4.862-0.799,9.715-1.236,14.604-0.65c2.328,0.279,2.771,0.756,2.826,3.105c0.088,3.719-0.434,7.362-1.486,10.93C54.816,78.5,54.6,79.084,54.23,79.592z M79.469,33.182c-1.754,1.672-3.908,2.707-6.031,3.787c-1.92,0.975-3.898,1.838-5.707,3.023c-1.969,1.289-3.603,2.861-4.146,5.262c-0.44,1.953-0.083,3.885,0.312,5.795c0.863,4.203,2.564,8.117,4.246,12.033c0.869,2.021,1.795,4.02,2.486,6.109c1.115,3.369,0.186,5.967-2.814,7.858c-2.156,1.359-4.572,1.955-7.053,2.351c-1.451,0.229-2.918,0.301-4.421,0.397c-0.313-0.104-0.901,0.246-0.997-0.192c-0.092-0.431,0.522-0.57,0.881-0.722c2.176-0.905,4.371-1.771,6.551-2.674c1.354-0.563,2.678-1.199,3.896-2.028c0.418-0.285,0.804-0.611,1.142-0.988c0.539-0.601,0.668-1.234,0.354-2.021c-1.655-4.148-3.506-8.223-4.957-12.451c-1.17-3.412-2.101-6.869-2.347-10.498c-0.29-4.279,1.191-7.606,4.885-9.897c1.74-1.08,3.611-1.887,5.482-2.695c2.313-1,4.604-2.025,6.633-3.576c3.037-2.316,4.035-5.424,3.775-9.09c-0.117-1.65-0.393-3.27-0.77-4.877c-0.044-0.184-0.292-0.451,0.035-0.594c0.297-0.127,0.453,0.102,0.582,0.336c0.988,1.799,1.762,3.662,2.005,5.729C83.957,27.529,82.217,30.559,79.469,33.182z\" \/><\/svg><\/span><span class=\"essb_network_name essb_noname\"><\/span><\/a><\/li><li class=\"essb_item essb_link_telegram nolightbox essb_link_svg_icon\"> <a href=\"tg:\/\/msg?text=Indignaci\u00f3%20a%20Fran\u00e7a%20per%20la%20pres\u00e8ncia%20de%20mocadors%20isl\u00e0mics%20al%20Parlament%20https%3A%2F%2Fpercepcions.cat%2Fes%2Findignacion-en-franca-por-la-presencia-de-panuelos-islamicos-en-el-parlamento%2F\" title=\"Share on Telegram\" onclick=\"essb.tracking_only('', 'telegram', '270864046', true);\" target=\"_blank\" rel=\"noreferrer noopener nofollow\" class=\"nolightbox essb-s-bg-telegram essb-s-c-light essb-s-ch-light essb-s-bgh-dark essb-s-bg-network\" ><span class=\"essb_icon essb_icon_telegram\"><svg class=\"essb-svg-icon essb-svg-icon-telegram\" aria-hidden=\"true\" role=\"img\" focusable=\"false\" width=\"28\" height=\"32\" viewbox=\"0 0 28 32\" xmlns=\"http:\/\/www.w3.org\/2000\/svg\"><path d=\"M27.919 6.162l-4.225 19.925c-0.319 1.406-1.15 1.756-2.331 1.094l-6.438-4.744-3.106 2.988c-0.344 0.344-0.631 0.631-1.294 0.631l0.463-6.556 11.931-10.781c0.519-0.463-0.113-0.719-0.806-0.256l-14.75 9.287-6.35-1.988c-1.381-0.431-1.406-1.381 0.288-2.044l24.837-9.569c1.15-0.431 2.156 0.256 1.781 2.013z\"><\/path><\/svg><\/span><span class=\"essb_network_name essb_noname\"><\/span><\/a><\/li><\/ul><\/div>\n<\/div>\n<\/div><\/div>\n\n\n\n<div class=\"wp-block-uagb-container uagb-block-09d8541d alignfull uagb-is-root-container\"><div class=\"uagb-container-inner-blocks-wrap\">\n<div class=\"wp-block-uagb-advanced-heading uagb-block-7b978078\"><p class=\"uagb-heading-text\">La pres\u00e8ncia de diverses dones i noies portant hijab al balc\u00f3 de convidats de l\u2019Assemblea Nacional francesa ha generat una forta indignaci\u00f3 pol\u00edtica. Les imatges, captades durant una visita organitzada, es van difondre r\u00e0pidament a les xarxes i van convertir-se en focus de pol\u00e8mica immediata. Segons explica el mitj\u00e0 <a href=\"https:\/\/brusselssignal.eu\/2025\/11\/females-wearing-hijabs-at-french-parliament-spark-controversy\/\" rel=\"nofollow noopener\" target=\"_blank\">Brussels Signal<\/a>, la discussi\u00f3 es va estendre r\u00e0pidament per tot l\u2019espectre pol\u00edtic franc\u00e8s:<br><a href=\"https:\/\/alkompis.se\/sv\/bekraftat-jamal-el-hajj-och-100-personer-vill-starta-nytt-parti?utm_source=chatgpt.com\" target=\"_blank\" rel=\"noreferrer noopener nofollow\"><\/a><\/p><\/div>\n\n\n\n<div class=\"wp-block-uagb-advanced-heading uagb-block-64b4df55\"><p class=\"uagb-heading-text\">La presidenta de l\u2019Assemblea, Ya\u00ebl Braun-Pivet, membre de l\u2019espai pol\u00edtic d\u2019Emmanuel Macron, ha intentat gestionar la tempesta amb un discurs de fermesa institucional. Ha insistit que la pres\u00e8ncia de s\u00edmbols religiosos visibles en un espai com el Parlament vulnera la neutralitat que exigeix la la\u00efcitat francesa i ha remarcat: \u201c<strong>Al mateix cor de l\u2019hemicicle, on es va votar la llei de 2004 sobre la la\u00efcitat a les escoles, em sembla inacceptable que infants petits puguin portar s\u00edmbols religiosos ostentosos a les galeries<\/strong>\u201d. Ha demanat al personal de la cambra que extremi la vigil\u00e0ncia <strong>perqu\u00e8 no torni a passar<\/strong>. <br><a href=\"https:\/\/alkompis.se\/sv\/bekraftat-jamal-el-hajj-och-100-personer-vill-starta-nytt-parti?utm_source=chatgpt.com\" target=\"_blank\" rel=\"noreferrer noopener nofollow\"><\/a><\/p><\/div>\n\n\n\n<div class=\"wp-block-uagb-advanced-heading uagb-block-0a96a2fa\"><p class=\"uagb-heading-text\">Tot i aix\u00f2, la seva posici\u00f3 ha quedat atrapada entre dues pressions: <strong>la d\u2019una part de la dreta que demana mesures molt m\u00e9s dures i la d\u2019un sector de l\u2019esquerra que la critica<\/strong> per considerar que exagera i dona massa pes a les imatges.<br><a href=\"https:\/\/alkompis.se\/sv\/bekraftat-jamal-el-hajj-och-100-personer-vill-starta-nytt-parti?utm_source=chatgpt.com\" target=\"_blank\" rel=\"noreferrer noopener nofollow\"><\/a><\/p><\/div>\n\n\n\n<div class=\"wp-block-uagb-advanced-heading uagb-block-f1c15b09\"><h2 class=\"uagb-heading-text\">El Rassemblement National anuncia que prohibiria el vel a tot el pa\u00eds<\/h2><\/div>\n\n\n\n<div class=\"wp-block-uagb-advanced-heading uagb-block-d3f784bc\"><p class=\"uagb-heading-text\">La reacci\u00f3 del Rassemblement National (RN) no s\u2019ha fet esperar. El seu president, Jordan Bardella, <strong>va declarar que, si el partit arriba al poder, prohibir\u00e0 aquest tipus de vestimenta a tot el pa\u00eds<\/strong>. Bardella va qualificar la situaci\u00f3 de \u201c<strong>provocaci\u00f3<\/strong>\u201d i va assegurar que <strong>nom\u00e9s una regulaci\u00f3 clara posaria fi al que veu com una expressi\u00f3 de submissi\u00f3 femenina tolerada<\/strong> en espais institucionals. Ho va dir sense matisos, presentant el vel isl\u00e0mic com un s\u00edmbol incompatible amb el que considera valors republicans. <br><a href=\"https:\/\/alkompis.se\/sv\/bekraftat-jamal-el-hajj-och-100-personer-vill-starta-nytt-parti?utm_source=chatgpt.com\" target=\"_blank\" rel=\"noreferrer noopener nofollow\"><\/a><\/p><\/div>\n\n\n\n<div class=\"wp-block-uagb-advanced-heading uagb-block-04201b65\"><p class=\"uagb-heading-text\">Les declaracions, recollides per Brussels Signal, han intensificat el debat i <strong>han obligat totes les formacions pol\u00edtiques a posicionar-se<\/strong> sobre el que no \u00e9s nom\u00e9s un tema de vestimenta, sin\u00f3 un q\u00fcestionament obert del paper de la dona en l\u2019espai p\u00fablic.<br><a href=\"https:\/\/alkompis.se\/sv\/bekraftat-jamal-el-hajj-och-100-personer-vill-starta-nytt-parti?utm_source=chatgpt.com\" target=\"_blank\" rel=\"noreferrer noopener nofollow\"><\/a><\/p><\/div>\n\n\n\n<div class=\"wp-block-uagb-advanced-heading uagb-block-8cc54383\"><h2 class=\"uagb-heading-text\">Els defensors del vel diuen islamof\u00f2bia <\/h2><\/div>\n\n\n\n<div class=\"wp-block-uagb-advanced-heading uagb-block-3b8b315d\"><p class=\"uagb-heading-text\">Els partits d\u2019esquerra i alguns col\u00b7lectius activistes <strong>han sortit r\u00e0pidament en defensa de les joves que portaven <em>hijab<\/em> al Parlament<\/strong>. Argumenten que la seva pres\u00e8ncia no vulnera cap llei i consideren que la pol\u00e8mica respon m\u00e9s a prejudicis que no pas a un problema real de conviv\u00e8ncia. La l\u00edder dels Verds, Marine Tondelier, <strong>va acusar les autoritats d\u2019\u201cislamof\u00f2bia\u201d<\/strong> i va defensar que la normativa actual \u00e9s clara: \u201c<strong>Hi ha coses que estan permeses i coses que no estan permeses; aix\u00f2 no est\u00e0 prohibit. Els ujers de l\u2019Assemblea s\u00f3n molt escrupolosos, aix\u00ed que si hagu\u00e9s estat prohibit, no haurien arribat tan lluny<\/strong>\u201d, va declarar. <br><a href=\"https:\/\/alkompis.se\/sv\/bekraftat-jamal-el-hajj-och-100-personer-vill-starta-nytt-parti?utm_source=chatgpt.com\" target=\"_blank\" rel=\"noreferrer noopener nofollow\"><\/a><\/p><\/div>\n\n\n\n<div class=\"wp-block-uagb-advanced-heading uagb-block-0f6c95b5\"><p class=\"uagb-heading-text\">Per la seva banda, la cap del grup de l\u2019esquerra a l\u2019Assemblea Nacional, Mathilde Panot, va criticar Braun-Pivet per, segons ella, \u201cl<strong>lan\u00e7ar aquests joves que venen a visitar la nostra Assemblea als llops de l\u2019extrema dreta i de la premsa<\/strong>\u201d. Panot va afegir que el seu partit est\u00e0 \u201c<strong>alarmat pel creixent servilisme envers les tesis racistes de l\u2019extrema dreta<\/strong>\u201d dins del debat p\u00fablic.<br><a href=\"https:\/\/alkompis.se\/sv\/bekraftat-jamal-el-hajj-och-100-personer-vill-starta-nytt-parti?utm_source=chatgpt.com\" target=\"_blank\" rel=\"noreferrer noopener nofollow\"><\/a><\/p><\/div>\n\n\n\n<div class=\"wp-block-uagb-advanced-heading uagb-block-3dbe4d09\"><h2 class=\"uagb-heading-text\">Els defensors del vel diuen islamof\u00f2bia <\/h2><\/div>\n\n\n\n<div class=\"wp-block-uagb-advanced-heading uagb-block-8f7b6fda\"><p class=\"uagb-heading-text\">El cas ha acabat posant el focus en la pr\u00f2pia normativa de l\u2019Assemblea Nacional, que estableix unes regles de comportament per\u00f2 no especifica com aplicar-les en situacions com aquesta. Segons l\u2019article 8 de les Instruccions Generals de la Mesa, <strong>els visitants han de \u201cvestir adequadament\u201d, romandre \u201casseguts, amb el cap descobert i en silenci\u201d i respectar l\u2019ordre de la sala<\/strong>. Tot i aix\u00f2, el reglament no prohibeix de manera expl\u00edcita l\u2019\u00fas de peces de vestimenta de car\u00e0cter religi\u00f3s, fet que ha perm\u00e8s que cada actor pol\u00edtic interpreti l\u2019incident segons la seva pr\u00f2pia lectura de la la\u00efcitat.<br><a href=\"https:\/\/alkompis.se\/sv\/bekraftat-jamal-el-hajj-och-100-personer-vill-starta-nytt-parti?utm_source=chatgpt.com\" target=\"_blank\" rel=\"noreferrer noopener nofollow\"><\/a><\/p><\/div>\n\n\n\n<div class=\"wp-block-uagb-container uagb-block-d7a40ae3\">\n<div class=\"wp-block-uagb-separator uagb-block-62e0be67\"><div class=\"uagb-separator-spacing-wrapper\"><div class=\"wp-block-uagb-separator__inner\" style=\"--my-background-image:\"><\/div><\/div><\/div>\n\n\n\n<div class=\"wp-block-uagb-advanced-heading uagb-block-2845545d\"><p class=\"uagb-heading-text\">M\u00e9s sobre el Mocador<\/p><\/div>\n\n\n<div class=\"pt-cv-wrapper\"><div class=\"pt-cv-view pt-cv-onebig iscvblock iscvhybrid above-others onebig1 layout1 pt-cv-pgloadmore\" id=\"pt-cv-view-ebe7a25cs9\"><div data-id=\"pt-cv-page-1\" class=\"pt-cv-page\" data-cvc=\"1\"><div class=\" pt-cv-content-item pt-cv-2-col cv-main-post\" data-pid=\"14634\"><div class=\"pt-cv-thumb-wrapper  \"><a href=\"https:\/\/percepcions.cat\/es\/feministas-francesas-se-ponen-el-panuelo-musulma-contra-la-posible-prohibicion\/\" class=\"_self pt-cv-href-thumbnail pt-cv-thumb-default cvplbd cvp-lazy-container\" target=\"_self\"><img loading=\"lazy\" decoding=\"async\" width=\"222\" height=\"300\" src=\"https:\/\/percepcions.cat\/wp-content\/plugins\/pt-content-views-pro\/public\/assets\/images\/lazy_image.png\" class=\"pt-cv-thumbnail img-none skip-lazy  cvplazy\" alt=\"Feministes de Fran\u00e7a es posen el mocador musulm\u00e0 contra la possible prohibici\u00f3\" data-cvpsrc=\"https:\/\/percepcions.cat\/wp-content\/uploads\/2026\/09\/Captura-de-pantalla-2026-09-04-133421-222x300.png\" data-cvpset=\"https:\/\/percepcions.cat\/wp-content\/uploads\/2026\/09\/Captura-de-pantalla-2026-09-04-133421-222x300.png 222w, https:\/\/percepcions.cat\/wp-content\/uploads\/2026\/09\/Captura-de-pantalla-2026-09-04-133421-9x12.png 9w, https:\/\/percepcions.cat\/wp-content\/uploads\/2026\/09\/Captura-de-pantalla-2026-09-04-133421.png 450w\" title=\"\"><\/a><\/div>\n<h2 class=\"pt-cv-title\"><a href=\"https:\/\/percepcions.cat\/es\/feministas-francesas-se-ponen-el-panuelo-musulma-contra-la-posible-prohibicion\/\" class=\"_self cvplbd\" target=\"_self\">Feministes de Fran\u00e7a es posen el mocador musulm\u00e0 contra la possible prohibici\u00f3<\/a><\/h2>\n<div class=\"pt-cv-taxoterm below_title\"><a href=\"https:\/\/percepcions.cat\/es\/tag\/franca\/\" title=\"Fran\u00e7a\" class=\"pt-cv-tax-franca\">Fran\u00e7a<\/a><a href=\"https:\/\/percepcions.cat\/es\/tag\/velo-burka\/\" title=\"Vel-Burka\" class=\"pt-cv-tax-vel-burka\">Vel-Burka<\/a><a href=\"https:\/\/percepcions.cat\/es\/tag\/videos\/\" title=\"V\u00eddeos\" class=\"pt-cv-tax-videos\">V\u00eddeos<\/a><\/div>\n<div class=\"pt-cv-meta-fields\"><span class=\"entry-date\"> <time datetime=\"2026-09-04T12:48:49+02:00\">4 de septiembre de 2026<\/time><\/span><\/div>\n<div class=\"pt-cv-content\">Dones (i homes) d&#8217;esquerres fan v\u00eddeos posant-se el vel contra la proposta de RN de prohibir-lo a l&#8217;espai p\u00fablic.<\/div><\/div>\n<div class=\" pt-cv-content-item pt-cv-2-col\" data-pid=\"14625\"><h2 class=\"pt-cv-title pt-cv-titlesm\"><a href=\"https:\/\/percepcions.cat\/es\/defensores-de-los-derechos-humanos-en-franca-quieren-prohibir-el-debate-sobre-el-velo-islamico\/\" class=\"_self cvplbd\" target=\"_self\">Defensors dels drets humans a Fran\u00e7a volen prohibir el debat sobre el vel isl\u00e0mic<\/a><\/h2>\n<div class=\"pt-cv-taxoterm below_title\"><a href=\"https:\/\/percepcions.cat\/es\/tag\/franca\/\" title=\"Fran\u00e7a\" class=\"pt-cv-tax-franca\">Fran\u00e7a<\/a><a href=\"https:\/\/percepcions.cat\/es\/tag\/velo-burka\/\" title=\"Vel-Burka\" class=\"pt-cv-tax-vel-burka\">Vel-Burka<\/a><\/div>\n<div class=\"pt-cv-meta-fields\"><span class=\"entry-date\"> <time datetime=\"2026-09-03T10:01:26+02:00\">3 de septiembre de 2026<\/time><\/span><\/div>\n<div class=\"pt-cv-content\">Un membre de la Lliga dels Drets Humans anuncia den\u00fancies contra els qui proposin prohibir el vel per \u00abincitaci\u00f3 a la discriminaci\u00f3 religiosa\u00bb<\/div><\/div>\n<div class=\" pt-cv-content-item pt-cv-2-col\" data-pid=\"14613\"><h2 class=\"pt-cv-title pt-cv-titlesm\"><a href=\"https:\/\/percepcions.cat\/es\/una-escuela-que-impone-el-hiyab-pasa-al-sistema-publico-del-reino-unido\/\" class=\"_self cvplbd\" target=\"_self\">Una escola musulmana que imposa el hijab a nenes de 7 anys passa al sistema p\u00fablic del Regne Unit<\/a><\/h2>\n<div class=\"pt-cv-taxoterm below_title\"><a href=\"https:\/\/percepcions.cat\/es\/tag\/educacion\/\" title=\"Educaci\u00f3\" class=\"pt-cv-tax-educacio\">Educaci\u00f3<\/a><a href=\"https:\/\/percepcions.cat\/es\/tag\/reino-unido\/\" title=\"Regne Unit\" class=\"pt-cv-tax-regne-unit\">Regne Unit<\/a><a href=\"https:\/\/percepcions.cat\/es\/tag\/velo-burka\/\" title=\"Vel-Burka\" class=\"pt-cv-tax-vel-burka\">Vel-Burka<\/a><\/div>\n<div class=\"pt-cv-meta-fields\"><span class=\"entry-date\"> <time datetime=\"2026-09-01T11:17:37+02:00\">1 de septiembre de 2026<\/time><\/span><\/div>\n<div class=\"pt-cv-content\">Els contribuents brit\u00e0nics pagaran un escola amb imams que verifiquen la pr\u00e0ctica religiosa familiar i obliga les nenes a cobrir-se els cabells.<\/div><\/div>\n<div class=\" pt-cv-content-item pt-cv-2-col\" data-pid=\"14535\"><h2 class=\"pt-cv-title pt-cv-titlesm\"><a href=\"https:\/\/percepcions.cat\/es\/la-sharia-llega-a-las-piscinas-de-roma-con-franjas-para-mujeres\/\" class=\"_self cvplbd\" target=\"_self\">La xaria arriba a les piscines de Roma amb franges nom\u00e9s per a dones<\/a><\/h2>\n<div class=\"pt-cv-taxoterm below_title\"><a href=\"https:\/\/percepcions.cat\/es\/tag\/italiano\/\" title=\"It\u00e0lia\" class=\"pt-cv-tax-italia\">It\u00e0lia<\/a><a href=\"https:\/\/percepcions.cat\/es\/tag\/velo-burka\/\" title=\"Vel-Burka\" class=\"pt-cv-tax-vel-burka\">Vel-Burka<\/a><\/div>\n<div class=\"pt-cv-meta-fields\"><span class=\"entry-date\"> <time datetime=\"2026-08-16T11:48:44+02:00\">16 de agosto de 2026<\/time><\/span><\/div>\n<div class=\"pt-cv-content\">La comunitat isl\u00e0mica reserva hores sense homes en una piscina de Roma i defensa la mesura com a \u201cinclusiva\u201d. L&#8217;esquerra diu que \u00e9s \u00abuna forma de delicadesa\u00bb.<\/div><\/div>\n<div class=\" pt-cv-content-item pt-cv-2-col\" data-pid=\"14082\"><h2 class=\"pt-cv-title pt-cv-titlesm\"><a href=\"https:\/\/percepcions.cat\/es\/kazajistan-ya-ha-multado-a-mas-de-1-600-mujeres-por-llevar-burka-o-niqab\/\" class=\"_self cvplbd\" target=\"_self\">Kazakhstan ja ha multat m\u00e9s de 1.600 dones per portar burca o niqab<\/a><\/h2>\n<div class=\"pt-cv-taxoterm below_title\"><a href=\"https:\/\/percepcions.cat\/es\/tag\/asia-central\/\" title=\"\u00c0sia Central\" class=\"pt-cv-tax-asia-central\">\u00c0sia Central<\/a><a href=\"https:\/\/percepcions.cat\/es\/tag\/velo-burka\/\" title=\"Vel-Burka\" class=\"pt-cv-tax-vel-burka\">Vel-Burka<\/a><\/div>\n<div class=\"pt-cv-meta-fields\"><span class=\"entry-date\"> <time datetime=\"2026-07-02T13:06:11+02:00\">2 de julio de 2026<\/time><\/span><\/div>\n<div class=\"pt-cv-content\">Des de gener de 2026, la policia pot multar les dones que reincideixen despr\u00e9s d\u2019un primer av\u00eds. Les multes son de 80 euros, l\u2019equivalent a la meitat del salari m\u00ednim mensual.<\/div><\/div>\n<div class=\" pt-cv-content-item pt-cv-2-col\" data-pid=\"14197\"><h2 class=\"pt-cv-title pt-cv-titlesm\"><a href=\"https:\/\/percepcions.cat\/es\/los-musulmanes-llevan-una-eurodiputada-italiana-a-los-tribunales-para-grabar-a-una-mujer-con-burka-en-la-calle\/\" class=\"_self cvplbd\" target=\"_self\">Els musulmans porten una eurodiputada italiana als tribunals per gravar una dona amb burca al carrer<\/a><\/h2>\n<div class=\"pt-cv-taxoterm below_title\"><a href=\"https:\/\/percepcions.cat\/es\/tag\/italiano\/\" title=\"It\u00e0lia\" class=\"pt-cv-tax-italia\">It\u00e0lia<\/a><a href=\"https:\/\/percepcions.cat\/es\/tag\/velo-burka\/\" title=\"Vel-Burka\" class=\"pt-cv-tax-vel-burka\">Vel-Burka<\/a><\/div>\n<div class=\"pt-cv-meta-fields\"><span class=\"entry-date\"> <time datetime=\"2026-07-01T16:52:58+02:00\">1 de julio de 2026<\/time><\/span><\/div>\n<div class=\"pt-cv-content\">Entitats isl\u00e0miques presenten un escrit a la fiscalia contra Silvia Sardone per mol\u00e8sties, discriminaci\u00f3 i vulnerar la privacitat.<\/div><\/div>\n<div class=\" pt-cv-content-item pt-cv-2-col\" data-pid=\"14154\"><h2 class=\"pt-cv-title pt-cv-titlesm\"><a href=\"https:\/\/percepcions.cat\/es\/franca-prohibe-definitivamente-el-burkini-en-las-piscinas-municipales\/\" class=\"_self cvplbd\" target=\"_self\">Fran\u00e7a prohibeix definitivament el burkini a les piscines municipals<\/a><\/h2>\n<div class=\"pt-cv-taxoterm below_title\"><a href=\"https:\/\/percepcions.cat\/es\/tag\/franca\/\" title=\"Fran\u00e7a\" class=\"pt-cv-tax-franca\">Fran\u00e7a<\/a><a href=\"https:\/\/percepcions.cat\/es\/tag\/velo-burka\/\" title=\"Vel-Burka\" class=\"pt-cv-tax-vel-burka\">Vel-Burka<\/a><\/div>\n<div class=\"pt-cv-meta-fields\"><span class=\"entry-date\"> <time datetime=\"2026-06-28T14:14:00+02:00\">28 de junio de 2026<\/time><\/span><\/div>\n<div class=\"pt-cv-content\">L\u2019Ajuntament ecologista de Grenoble va voler obrir una excepci\u00f3 per permetre el burkini. Ara, la just\u00edcia confirma que les piscines municipals no poden adaptar-se a una reivindicaci\u00f3 religiosa<\/div><\/div>\n<div class=\" pt-cv-content-item pt-cv-2-col\" data-pid=\"14055\"><h2 class=\"pt-cv-title pt-cv-titlesm\"><a href=\"https:\/\/percepcions.cat\/es\/un-grupo-de-mujeres-difunde-imagenes-de-sus-maridos-con-burka-y-los-musulmanes\/\" class=\"_self cvplbd\" target=\"_self\">Un grup de dones difon imatges dels seus marits amb burka i la broma enfada els musulmans<\/a><\/h2>\n<div class=\"pt-cv-taxoterm below_title\"><a href=\"https:\/\/percepcions.cat\/es\/tag\/velo-burka\/\" title=\"Vel-Burka\" class=\"pt-cv-tax-vel-burka\">Vel-Burka<\/a><\/div>\n<div class=\"pt-cv-meta-fields\"><span class=\"entry-date\"> <time datetime=\"2026-06-25T17:41:41+02:00\">25 de junio de 2026<\/time><\/span><\/div>\n<div class=\"pt-cv-content\">Tot va comen\u00e7ar quan una dona va celebrar haver trobat finalment un home modest: un marit amb burca que no provocaria cap dona.<\/div><\/div>\n<div class=\" pt-cv-content-item pt-cv-2-col\" data-pid=\"13997\"><h2 class=\"pt-cv-title pt-cv-titlesm\"><a href=\"https:\/\/percepcions.cat\/es\/el-segundo-partido-de-suecia-propone-prohibir-el-hiyab\/\" class=\"_self cvplbd\" target=\"_self\">El segon partit de Su\u00e8cia proposa prohibir el hijab<\/a><\/h2>\n<div class=\"pt-cv-taxoterm below_title\"><a href=\"https:\/\/percepcions.cat\/es\/tag\/suecia\/\" title=\"Su\u00e8cia\" class=\"pt-cv-tax-suecia\">Su\u00e8cia<\/a><a href=\"https:\/\/percepcions.cat\/es\/tag\/velo-burka\/\" title=\"Vel-Burka\" class=\"pt-cv-tax-vel-burka\">Vel-Burka<\/a><\/div>\n<div class=\"pt-cv-meta-fields\"><span class=\"entry-date\"> <time datetime=\"2026-06-14T13:47:24+02:00\">14 de junio de 2026<\/time><\/span><\/div>\n<div class=\"pt-cv-content\">La campanya electoral s&#8217;escalfa a Su\u00e8cia amb la proposta dels Dem\u00f2crates de prohibir el hijab a l&#8217;espai p\u00fablic. La portaveu d\u2019igualtat defensa que \u201chi ha altres pa\u00efsos\u201d on les dones poden portar aquestes peces.<\/div><\/div><\/div><\/div>\n<div class=\"text-center pt-cv-pagination-wrapper\"><a href=\"https:\/\/percepcions.cat\/es\/wp-json\/wp\/v2\/posts\/11208\/?_page=2\" onclick=\"event.preventDefault()\" class=\"pt-cv-more btn btn-primary btn-sm\" data-totalpages=\"11\" data-nextpages=\"2\" data-sid=\"ebe7a25cs9\" data-unid=\"\" data-isblock=\"\" data-postid=\"\">M\u00e9s sobre el Vel i el Burka <span class=\"caret\"><\/span><\/a><img loading=\"lazy\" decoding=\"async\" width=\"15\" height=\"15\" class=\"pt-cv-spinner\" alt=\"Cargando...\" src=\"data:image\/gif;base64,R0lGODlhDwAPALMPAMrKygwMDJOTkz09PZWVla+vr3p6euTk5M7OzuXl5TMzMwAAAJmZmWZmZszMzP\/\/\/yH\/C05FVFNDQVBFMi4wAwEAAAAh+QQFCgAPACwAAAAADwAPAAAEQvDJaZaZOIcV8iQK8VRX4iTYoAwZ4iCYoAjZ4RxejhVNoT+mRGP4cyF4Pp0N98sBGIBMEMOotl6YZ3S61Bmbkm4mAgAh+QQFCgAPACwAAAAADQANAAAENPDJSRSZeA418itN8QiK8BiLITVsFiyBBIoYqnoewAD4xPw9iY4XLGYSjkQR4UAUD45DLwIAIfkEBQoADwAsAAAAAA8ACQAABC\/wyVlamTi3nSdgwFNdhEJgTJoNyoB9ISYoQmdjiZPcj7EYCAeCF1gEDo4Dz2eIAAAh+QQFCgAPACwCAAAADQANAAAEM\/DJBxiYeLKdX3IJZT1FU0iIg2RNKx3OkZVnZ98ToRD4MyiDnkAh6BkNC0MvsAj0kMpHBAAh+QQFCgAPACwGAAAACQAPAAAEMDC59KpFDll73HkAA2wVY5KgiK5b0RRoI6MuzG6EQqCDMlSGheEhUAgqgUUAFRySIgAh+QQFCgAPACwCAAIADQANAAAEM\/DJKZNLND\/kkKaHc3xk+QAMYDKsiaqmZCxGVjSFFCxB1vwy2oOgIDxuucxAMTAJFAJNBAAh+QQFCgAPACwAAAYADwAJAAAEMNAs86q1yaWwwv2Ig0jUZx3OYa4XoRAfwADXoAwfo1+CIjyFRuEho60aSNYlOPxEAAAh+QQFCgAPACwAAAIADQANAAAENPA9s4y8+IUVcqaWJ4qEQozSoAzoIyhCK2NFU2SJk0hNnyEOhKR2AzAAj4Pj4GE4W0bkJQIAOw==\" title=\"\"><div class=\"clear pt-cv-clear-pagination\"><\/div><\/div><\/div>\t\t\t\t\t\t<style type=\"text\/css\" id=\"pt-cv-inline-style-fef0066aqe\">\n#pt-cv-view-ebe7a25cs9 .pt-cv-thumb-wrapper.miniwrap { width: 40%; }#pt-cv-view-ebe7a25cs9 .pt-cv-thumbnailsm {  }#pt-cv-view-ebe7a25cs9 > .pt-cv-page {grid-template-columns: repeat(1, 1fr);grid-gap: 15px;}\n@media all and (max-width: 1024px) { \n#pt-cv-view-ebe7a25cs9 > .pt-cv-page {grid-template-columns: repeat(1, 1fr);}\n} \n@media all and (max-width: 767px) { \n#pt-cv-view-ebe7a25cs9 > .pt-cv-page {grid-template-columns: repeat(1, 1fr);}\n} <\/style>\r\n\t\t\t\t\t\t\t\t\t<style type=\"text\/css\" id=\"pt-cv-inline-style-7a11008h2m\"> #pt-cv-view-ebe7a25cs9[class*='cveffect'] .pt-cv-thumb-wrapper, #pt-cv-view-ebe7a25cs9:not([class*='cveffect']) .pt-cv-thumbnail, #pt-cv-view-ebe7a25cs9  .cvp-responsive-image[style*=background-image] { border-width: 1px 1px 1px 1px }\n #pt-cv-view-ebe7a25cs9[class*='cveffect'] .pt-cv-thumb-wrapper, #pt-cv-view-ebe7a25cs9:not([class*='cveffect']) .pt-cv-thumbnail, #pt-cv-view-ebe7a25cs9  .cvp-responsive-image[style*=background-image] { border-style: solid }\n #pt-cv-view-ebe7a25cs9[class*='cveffect'] .pt-cv-thumb-wrapper, #pt-cv-view-ebe7a25cs9:not([class*='cveffect']) .pt-cv-thumbnail, #pt-cv-view-ebe7a25cs9  .cvp-responsive-image[style*=background-image] { border-color: #0f4c81 }\n#pt-cv-view-ebe7a25cs9 .pt-cv-taxoterm * { font-family: 'Noto Sans', Arial, serif !important; color: #ffffff !important; background-color: #0f4c81 !important; font-weight: 600 !important; margin: 0px 5px 0px 0px !important; padding: 1px 6px 1px 6px !important; border-radius: 3px 3px 3px 3px !important; }\n#pt-cv-view-ebe7a25cs9 .pt-cv-title a, #pt-cv-view-ebe7a25cs9  .panel-title { font-family: 'Noto Sans', Arial, serif !important; font-size: 20px !important; line-height: 1.3 !important; color: #000000 !important; font-weight: 600 !important; }\n@media (max-width: 767px) {#pt-cv-view-ebe7a25cs9 .pt-cv-title a, #pt-cv-view-ebe7a25cs9  .panel-title { font-size: 22px !important }}\n#pt-cv-view-ebe7a25cs9 .pt-cv-content , #pt-cv-view-ebe7a25cs9  .pt-cv-content *:not(.pt-cv-readmore):not(style):not(script) { font-family: 'Noto Sans', Arial, serif !important; font-size: 16px !important; line-height: 1.3 !important; }\n#pt-cv-view-ebe7a25cs9 .pt-cv-meta-fields * { color: #000000 !important; }\n#pt-cv-view-ebe7a25cs9 .pt-cv-readmore  { color: #ffffff !important; background-color: #00aeef !important; }\n#pt-cv-view-ebe7a25cs9 .pt-cv-readmore:hover  { color: #ffffff !important; background-color: #00aeef !important; }\n#pt-cv-view-ebe7a25cs9  + .pt-cv-pagination-wrapper .pt-cv-more , #pt-cv-view-ebe7a25cs9  + .pt-cv-pagination-wrapper .pagination .active a, .pt-cv-pagination[data-sid='ebe7a25cs9'] .active a { font-size: 19px !important; line-height: 1.3 !important; color: #ffffff !important; background-color: #0f4c81 !important; font-weight: 600 !important; padding: 1px 6px 1px 6px !important; border-radius: 3px 3px 3px 3px !important; }<\/style>\r\n\t\t\t<link href='\/\/fonts.googleapis.com\/css?family=Noto+Sans' rel='stylesheet' type='text\/css'><\/div>\n\n\n\n<div class=\"wp-block-uagb-container uagb-block-c3b6b73e\">\n<div class=\"wp-block-uagb-advanced-heading uagb-block-f1682e42\"><p class=\"uagb-heading-text\"><strong>M\u00e9s Percepcions de<\/strong><\/p><\/div>\n\n\n<div class=\"taxonomy-post_tag has-text-align-center wp-block-post-terms has-medium-font-size\"><a href=\"https:\/\/percepcions.cat\/es\/tag\/franca\/\" rel=\"tag\">Fran\u00e7a<\/a><span class=\"wp-block-post-terms__separator\">, <\/span><a href=\"https:\/\/percepcions.cat\/es\/tag\/velo-burka\/\" rel=\"tag\">Vel-Burka<\/a><\/div><\/div>\n<\/div><\/div>\n\n\n\n<div class=\"wp-block-uagb-separator uagb-block-b4e2299a\"><div class=\"wp-block-uagb-separator__inner\" style=\"--my-background-image:\"><\/div><\/div>\n\n\n\n<div class=\"wp-block-uagb-container uagb-block-5c916982 alignfull uagb-is-root-container\"><div class=\"uagb-container-inner-blocks-wrap\"><div class=\"pt-cv-wrapper\"><div class=\"pt-cv-view pt-cv-blockgrid iscvblock iscvhybrid grid1 layout1 pt-cv-pgloadmore\" id=\"pt-cv-view-a6d38d031z\"><div data-id=\"pt-cv-page-1\" class=\"pt-cv-page\" data-cvc=\"3\"><div class=\" pt-cv-content-item pt-cv-1-col\" data-pid=\"14667\"><div class=\"pt-cv-thumb-wrapper  \"><a href=\"https:\/\/percepcions.cat\/es\/imam-en-alemana-todo-musulma-conoce-a-otro-que-vota-por-afd\/\" class=\"_self pt-cv-href-thumbnail pt-cv-thumb-default cvplbd\" target=\"_self\"><img loading=\"lazy\" decoding=\"async\" width=\"693\" height=\"416\" src=\"https:\/\/percepcions.cat\/wp-content\/uploads\/2026\/04\/Una-enquesta-de-la-policia-Alemanya-detecta-que-quasi-la-meitat-dels-joves-musulmans-te-idees-islamistes.jpg\" class=\"pt-cv-thumbnail img-none\" alt=\"Imam a Alemanya: &quot;Tot musulm\u00e0 coneix un altre que vota per l&#039;AfD\u201d\" srcset=\"https:\/\/percepcions.cat\/wp-content\/uploads\/2026\/04\/Una-enquesta-de-la-policia-Alemanya-detecta-que-quasi-la-meitat-dels-joves-musulmans-te-idees-islamistes.jpg 693w, https:\/\/percepcions.cat\/wp-content\/uploads\/2026\/04\/Una-enquesta-de-la-policia-Alemanya-detecta-que-quasi-la-meitat-dels-joves-musulmans-te-idees-islamistes-300x180.jpg 300w, https:\/\/percepcions.cat\/wp-content\/uploads\/2026\/04\/Una-enquesta-de-la-policia-Alemanya-detecta-que-quasi-la-meitat-dels-joves-musulmans-te-idees-islamistes-18x12.jpg 18w\" sizes=\"auto, (max-width: 693px) 100vw, 693px\" title=\"\"><\/a><div class=\"pt-cv-taxoterm over_top_left\"><a href=\"https:\/\/percepcions.cat\/es\/tag\/alemanya\/\" title=\"Alemanya\" class=\"pt-cv-tax-alemanya\">Alemanya<\/a><a href=\"https:\/\/percepcions.cat\/es\/tag\/enquestes\/\" title=\"Enquestes\" class=\"pt-cv-tax-enquestes\">Enquestes<\/a><\/div><\/div>\n<p class=\"pt-cv-title\"><a href=\"https:\/\/percepcions.cat\/es\/imam-en-alemana-todo-musulma-conoce-a-otro-que-vota-por-afd\/\" class=\"_self cvplbd\" target=\"_self\">Imam a Alemanya: \u00abTot musulm\u00e0 coneix un altre que vota per l&#8217;AfD\u201d<\/a><\/p>\n<div class=\"pt-cv-meta-fields\"><span class=\"entry-date\"> <time datetime=\"2026-09-05T11:45:43+02:00\">5 de septiembre de 2026<\/time><\/span><\/div>\n<div class=\"pt-cv-content\">L\u2019imam Scharjil Khalid admet que el partit guanya terreny entre els musulmans integrats. Una enquesta situa l\u2019AfD en l\u201911% entre els electors musulmans.<\/div><\/div>\n<div class=\" pt-cv-content-item pt-cv-1-col\" data-pid=\"14652\"><div class=\"pt-cv-thumb-wrapper  \"><a href=\"https:\/\/percepcions.cat\/es\/el-independentismo-escoces-saca-banderas-descocia-para-no-incomodar-a-los-inmigrantes\/\" class=\"_self pt-cv-href-thumbnail pt-cv-thumb-default cvplbd\" target=\"_self\"><img loading=\"lazy\" decoding=\"async\" width=\"768\" height=\"576\" src=\"https:\/\/percepcions.cat\/wp-content\/uploads\/2026\/09\/bandera-escocia-1-768x576.jpg\" class=\"pt-cv-thumbnail img-none\" alt=\"L&#039;independentisme escoc\u00e8s treu banderes d&#039;Esc\u00f2cia per no incomodar els immigrants\" srcset=\"https:\/\/percepcions.cat\/wp-content\/uploads\/2026\/09\/bandera-escocia-1-768x576.jpg 768w, https:\/\/percepcions.cat\/wp-content\/uploads\/2026\/09\/bandera-escocia-1-300x225.jpg 300w, https:\/\/percepcions.cat\/wp-content\/uploads\/2026\/09\/bandera-escocia-1-16x12.jpg 16w, https:\/\/percepcions.cat\/wp-content\/uploads\/2026\/09\/bandera-escocia-1.jpg 1000w\" sizes=\"auto, (max-width: 768px) 100vw, 768px\" title=\"\"><\/a><div class=\"pt-cv-taxoterm over_top_left\"><a href=\"https:\/\/percepcions.cat\/es\/tag\/reino-unido\/\" title=\"Regne Unit\" class=\"pt-cv-tax-regne-unit\">Regne Unit<\/a><\/div><\/div>\n<p class=\"pt-cv-title\"><a href=\"https:\/\/percepcions.cat\/es\/el-independentismo-escoces-saca-banderas-descocia-para-no-incomodar-a-los-inmigrantes\/\" class=\"_self cvplbd\" target=\"_self\">L&#8217;independentisme escoc\u00e8s treu banderes d&#8217;Esc\u00f2cia per no incomodar els immigrants<\/a><\/p>\n<div class=\"pt-cv-meta-fields\"><span class=\"entry-date\"> <time datetime=\"2026-09-04T14:25:33+02:00\">4 de septiembre de 2026<\/time><\/span><\/div>\n<div class=\"pt-cv-content\">Ajuntaments de l&#8217;SNP retiren la bandera d&#8217;Esc\u00f2cia dels carrers per evitar tensions amb la immigraci\u00f3 amb l&#8217;excusa de la seguretat.<\/div><\/div>\n<div class=\" pt-cv-content-item pt-cv-1-col\" data-pid=\"14634\"><div class=\"pt-cv-thumb-wrapper  \"><a href=\"https:\/\/percepcions.cat\/es\/feministas-francesas-se-ponen-el-panuelo-musulma-contra-la-posible-prohibicion\/\" class=\"_self pt-cv-href-thumbnail pt-cv-thumb-default cvplbd\" target=\"_self\"><img loading=\"lazy\" decoding=\"async\" width=\"450\" height=\"607\" src=\"https:\/\/percepcions.cat\/wp-content\/uploads\/2026\/09\/Captura-de-pantalla-2026-09-04-133421.png\" class=\"pt-cv-thumbnail img-none\" alt=\"Feministes de Fran\u00e7a es posen el mocador musulm\u00e0 contra la possible prohibici\u00f3\" srcset=\"https:\/\/percepcions.cat\/wp-content\/uploads\/2026\/09\/Captura-de-pantalla-2026-09-04-133421.png 450w, https:\/\/percepcions.cat\/wp-content\/uploads\/2026\/09\/Captura-de-pantalla-2026-09-04-133421-222x300.png 222w, https:\/\/percepcions.cat\/wp-content\/uploads\/2026\/09\/Captura-de-pantalla-2026-09-04-133421-9x12.png 9w\" sizes=\"auto, (max-width: 450px) 100vw, 450px\" title=\"\"><\/a><div class=\"pt-cv-taxoterm over_top_left\"><a href=\"https:\/\/percepcions.cat\/es\/tag\/franca\/\" title=\"Fran\u00e7a\" class=\"pt-cv-tax-franca\">Fran\u00e7a<\/a><a href=\"https:\/\/percepcions.cat\/es\/tag\/velo-burka\/\" title=\"Vel-Burka\" class=\"pt-cv-tax-vel-burka\">Vel-Burka<\/a><a href=\"https:\/\/percepcions.cat\/es\/tag\/videos\/\" title=\"V\u00eddeos\" class=\"pt-cv-tax-videos\">V\u00eddeos<\/a><\/div><\/div>\n<p class=\"pt-cv-title\"><a href=\"https:\/\/percepcions.cat\/es\/feministas-francesas-se-ponen-el-panuelo-musulma-contra-la-posible-prohibicion\/\" class=\"_self cvplbd\" target=\"_self\">Feministes de Fran\u00e7a es posen el mocador musulm\u00e0 contra la possible prohibici\u00f3<\/a><\/p>\n<div class=\"pt-cv-meta-fields\"><span class=\"entry-date\"> <time datetime=\"2026-09-04T12:48:49+02:00\">4 de septiembre de 2026<\/time><\/span><\/div>\n<div class=\"pt-cv-content\">Dones (i homes) d&#8217;esquerres fan v\u00eddeos posant-se el vel contra la proposta de RN de prohibir-lo a l&#8217;espai p\u00fablic.<\/div><\/div>\n<div class=\" pt-cv-content-item pt-cv-1-col\" data-pid=\"14625\"><div class=\"pt-cv-thumb-wrapper  \"><a href=\"https:\/\/percepcions.cat\/es\/defensores-de-los-derechos-humanos-en-franca-quieren-prohibir-el-debate-sobre-el-velo-islamico\/\" class=\"_self pt-cv-href-thumbnail pt-cv-thumb-default cvplbd\" target=\"_self\"><img loading=\"lazy\" decoding=\"async\" width=\"768\" height=\"576\" src=\"https:\/\/percepcions.cat\/wp-content\/uploads\/2026\/09\/Defensors-dels-drets-humans-a-Franca-volen-que-defensar-prohibir-el-vel-islamic-sigui-delicte-768x576.jpg\" class=\"pt-cv-thumbnail img-none\" alt=\"Defensors dels drets humans a Fran\u00e7a volen prohibir el debat sobre el vel isl\u00e0mic\" srcset=\"https:\/\/percepcions.cat\/wp-content\/uploads\/2026\/09\/Defensors-dels-drets-humans-a-Franca-volen-que-defensar-prohibir-el-vel-islamic-sigui-delicte-768x576.jpg 768w, https:\/\/percepcions.cat\/wp-content\/uploads\/2026\/09\/Defensors-dels-drets-humans-a-Franca-volen-que-defensar-prohibir-el-vel-islamic-sigui-delicte-300x225.jpg 300w, https:\/\/percepcions.cat\/wp-content\/uploads\/2026\/09\/Defensors-dels-drets-humans-a-Franca-volen-que-defensar-prohibir-el-vel-islamic-sigui-delicte-16x12.jpg 16w, https:\/\/percepcions.cat\/wp-content\/uploads\/2026\/09\/Defensors-dels-drets-humans-a-Franca-volen-que-defensar-prohibir-el-vel-islamic-sigui-delicte.jpg 1000w\" sizes=\"auto, (max-width: 768px) 100vw, 768px\" title=\"\"><\/a><div class=\"pt-cv-taxoterm over_top_left\"><a href=\"https:\/\/percepcions.cat\/es\/tag\/franca\/\" title=\"Fran\u00e7a\" class=\"pt-cv-tax-franca\">Fran\u00e7a<\/a><a href=\"https:\/\/percepcions.cat\/es\/tag\/velo-burka\/\" title=\"Vel-Burka\" class=\"pt-cv-tax-vel-burka\">Vel-Burka<\/a><\/div><\/div>\n<p class=\"pt-cv-title\"><a href=\"https:\/\/percepcions.cat\/es\/defensores-de-los-derechos-humanos-en-franca-quieren-prohibir-el-debate-sobre-el-velo-islamico\/\" class=\"_self cvplbd\" target=\"_self\">Defensors dels drets humans a Fran\u00e7a volen prohibir el debat sobre el vel isl\u00e0mic<\/a><\/p>\n<div class=\"pt-cv-meta-fields\"><span class=\"entry-date\"> <time datetime=\"2026-09-03T10:01:26+02:00\">3 de septiembre de 2026<\/time><\/span><\/div>\n<div class=\"pt-cv-content\">Un membre de la Lliga dels Drets Humans anuncia den\u00fancies contra els qui proposin prohibir el vel per \u00abincitaci\u00f3 a la discriminaci\u00f3 religiosa\u00bb<\/div><\/div>\n<div class=\" pt-cv-content-item pt-cv-1-col\" data-pid=\"14656\"><div class=\"pt-cv-thumb-wrapper  \"><a href=\"https:\/\/percepcions.cat\/es\/austria-prepara-la-prohibicion-del-islam-politico-de-los-hermanos-musulmanes\/\" class=\"_self pt-cv-href-thumbnail pt-cv-thumb-default cvplbd\" target=\"_self\"><img loading=\"lazy\" decoding=\"async\" width=\"768\" height=\"432\" src=\"https:\/\/percepcions.cat\/wp-content\/uploads\/2026\/09\/Austria-prepara-la-prohibicio-de-lislam-politic-dels-Germans-Musulmans-768x432.jpg\" class=\"pt-cv-thumbnail img-none\" alt=\"\u00c0ustria prepara la prohibici\u00f3 de l&#039;islam pol\u00edtic dels Germans Musulmans\" srcset=\"https:\/\/percepcions.cat\/wp-content\/uploads\/2026\/09\/Austria-prepara-la-prohibicio-de-lislam-politic-dels-Germans-Musulmans-768x432.jpg 768w, https:\/\/percepcions.cat\/wp-content\/uploads\/2026\/09\/Austria-prepara-la-prohibicio-de-lislam-politic-dels-Germans-Musulmans-300x169.jpg 300w, https:\/\/percepcions.cat\/wp-content\/uploads\/2026\/09\/Austria-prepara-la-prohibicio-de-lislam-politic-dels-Germans-Musulmans-18x10.jpg 18w, https:\/\/percepcions.cat\/wp-content\/uploads\/2026\/09\/Austria-prepara-la-prohibicio-de-lislam-politic-dels-Germans-Musulmans.jpg 1000w\" sizes=\"auto, (max-width: 768px) 100vw, 768px\" title=\"\"><\/a><div class=\"pt-cv-taxoterm over_top_left\"><a href=\"https:\/\/percepcions.cat\/es\/tag\/austria\/\" title=\"\u00c0ustria\" class=\"pt-cv-tax-austria\">\u00c0ustria<\/a><a href=\"https:\/\/percepcions.cat\/es\/tag\/hermanos-musulmanes\/\" title=\"Germans Musulmans\" class=\"pt-cv-tax-germans-musulmans\">Germans Musulmans<\/a><\/div><\/div>\n<p class=\"pt-cv-title\"><a href=\"https:\/\/percepcions.cat\/es\/austria-prepara-la-prohibicion-del-islam-politico-de-los-hermanos-musulmanes\/\" class=\"_self cvplbd\" target=\"_self\">\u00c0ustria prepara la prohibici\u00f3 de l&#8217;islam pol\u00edtic dels Germans Musulmans<\/a><\/p>\n<div class=\"pt-cv-meta-fields\"><span class=\"entry-date\"> <time datetime=\"2026-09-02T09:32:42+02:00\">2 de septiembre de 2026<\/time><\/span><\/div>\n<div class=\"pt-cv-content\">El govern austr\u00edac posa els Germans Musulmans en el punt de mira i defensa que la llibertat religiosa s\u2019acaba quan es q\u00fcestionen la igualtat i les institucions.<\/div><\/div>\n<div class=\" pt-cv-content-item pt-cv-1-col\" data-pid=\"14613\"><div class=\"pt-cv-thumb-wrapper  \"><a href=\"https:\/\/percepcions.cat\/es\/una-escuela-que-impone-el-hiyab-pasa-al-sistema-publico-del-reino-unido\/\" class=\"_self pt-cv-href-thumbnail pt-cv-thumb-default cvplbd\" target=\"_self\"><img loading=\"lazy\" decoding=\"async\" width=\"768\" height=\"576\" src=\"https:\/\/percepcions.cat\/wp-content\/uploads\/2026\/09\/Una-escola-musulmana-que-imposa-el-hijab-a-nenes-de-7-anys-passa-al-sistema-public-del-Regne-Unit-768x576.jpg\" class=\"pt-cv-thumbnail img-none\" alt=\"Una escola musulmana que imposa el hijab a nenes de 7 anys passa al sistema p\u00fablic del Regne Unit\" srcset=\"https:\/\/percepcions.cat\/wp-content\/uploads\/2026\/09\/Una-escola-musulmana-que-imposa-el-hijab-a-nenes-de-7-anys-passa-al-sistema-public-del-Regne-Unit-768x576.jpg 768w, https:\/\/percepcions.cat\/wp-content\/uploads\/2026\/09\/Una-escola-musulmana-que-imposa-el-hijab-a-nenes-de-7-anys-passa-al-sistema-public-del-Regne-Unit-300x225.jpg 300w, https:\/\/percepcions.cat\/wp-content\/uploads\/2026\/09\/Una-escola-musulmana-que-imposa-el-hijab-a-nenes-de-7-anys-passa-al-sistema-public-del-Regne-Unit-16x12.jpg 16w, https:\/\/percepcions.cat\/wp-content\/uploads\/2026\/09\/Una-escola-musulmana-que-imposa-el-hijab-a-nenes-de-7-anys-passa-al-sistema-public-del-Regne-Unit.jpg 1000w\" sizes=\"auto, (max-width: 768px) 100vw, 768px\" title=\"\"><\/a><div class=\"pt-cv-taxoterm over_top_left\"><a href=\"https:\/\/percepcions.cat\/es\/tag\/educacion\/\" title=\"Educaci\u00f3\" class=\"pt-cv-tax-educacio\">Educaci\u00f3<\/a><a href=\"https:\/\/percepcions.cat\/es\/tag\/reino-unido\/\" title=\"Regne Unit\" class=\"pt-cv-tax-regne-unit\">Regne Unit<\/a><a href=\"https:\/\/percepcions.cat\/es\/tag\/velo-burka\/\" title=\"Vel-Burka\" class=\"pt-cv-tax-vel-burka\">Vel-Burka<\/a><\/div><\/div>\n<p class=\"pt-cv-title\"><a href=\"https:\/\/percepcions.cat\/es\/una-escuela-que-impone-el-hiyab-pasa-al-sistema-publico-del-reino-unido\/\" class=\"_self cvplbd\" target=\"_self\">Una escola musulmana que imposa el hijab a nenes de 7 anys passa al sistema p\u00fablic del Regne Unit<\/a><\/p>\n<div class=\"pt-cv-meta-fields\"><span class=\"entry-date\"> <time datetime=\"2026-09-01T11:17:37+02:00\">1 de septiembre de 2026<\/time><\/span><\/div>\n<div class=\"pt-cv-content\">Els contribuents brit\u00e0nics pagaran un escola amb imams que verifiquen la pr\u00e0ctica religiosa familiar i obliga les nenes a cobrir-se els cabells.<\/div><\/div>\n<div class=\" pt-cv-content-item pt-cv-1-col\" data-pid=\"14604\"><div class=\"pt-cv-thumb-wrapper  \"><a href=\"https:\/\/percepcions.cat\/es\/el-reino-unido-detecta-presos-a-convertirse-en-el-islam-para-sobrevivir\/\" class=\"_self pt-cv-href-thumbnail pt-cv-thumb-default cvplbd\" target=\"_self\"><img loading=\"lazy\" decoding=\"async\" width=\"750\" height=\"500\" src=\"https:\/\/percepcions.cat\/wp-content\/uploads\/2025\/06\/Lislam-es-refugi-per-a-pederastes-a-les-presons-britaniques.jpg\" class=\"pt-cv-thumbnail img-none\" alt=\"El Regne Unit detecta que bandes musulmanes obliguen presos a convertir-se a l&#039;islam per sobreviure\" srcset=\"https:\/\/percepcions.cat\/wp-content\/uploads\/2025\/06\/Lislam-es-refugi-per-a-pederastes-a-les-presons-britaniques.jpg 750w, https:\/\/percepcions.cat\/wp-content\/uploads\/2025\/06\/Lislam-es-refugi-per-a-pederastes-a-les-presons-britaniques-300x200.jpg 300w, https:\/\/percepcions.cat\/wp-content\/uploads\/2025\/06\/Lislam-es-refugi-per-a-pederastes-a-les-presons-britaniques-18x12.jpg 18w\" sizes=\"auto, (max-width: 750px) 100vw, 750px\" title=\"\"><\/a><div class=\"pt-cv-taxoterm over_top_left\"><a href=\"https:\/\/percepcions.cat\/es\/tag\/reino-unido\/\" title=\"Regne Unit\" class=\"pt-cv-tax-regne-unit\">Regne Unit<\/a><\/div><\/div>\n<p class=\"pt-cv-title\"><a href=\"https:\/\/percepcions.cat\/es\/el-reino-unido-detecta-presos-a-convertirse-en-el-islam-para-sobrevivir\/\" class=\"_self cvplbd\" target=\"_self\">El Regne Unit detecta que bandes musulmanes obliguen presos a convertir-se a l&#8217;islam per sobreviure<\/a><\/p>\n<div class=\"pt-cv-meta-fields\"><span class=\"entry-date\"> <time datetime=\"2026-08-29T10:02:53+02:00\">29 de agosto de 2026<\/time><\/span><\/div>\n<div class=\"pt-cv-content\">Presos vulnerables entren sota el control de bandes musulmanes que els ofereixen \u201cprotecci\u00f3\u201d a canvi de submissi\u00f3 religiosa. La viol\u00e8ncia i la intimidaci\u00f3 fan la resta.<\/div><\/div>\n<div class=\" pt-cv-content-item pt-cv-1-col\" data-pid=\"14590\"><div class=\"pt-cv-thumb-wrapper  \"><a href=\"https:\/\/percepcions.cat\/es\/la-justicia-alemana-impide-laces-a-la-funcion-publica-a-una-persona-por-vinculos-con-los-hermanos-musulmanes\/\" class=\"_self pt-cv-href-thumbnail pt-cv-thumb-default cvplbd\" target=\"_self\"><img loading=\"lazy\" decoding=\"async\" width=\"768\" height=\"576\" src=\"https:\/\/percepcions.cat\/wp-content\/uploads\/2026\/08\/funcionaria-alemanya-1-768x576.jpg\" class=\"pt-cv-thumbnail img-none\" alt=\"Alemanya impedeix ser funcionari per vincles amb els Germans Musulmans\" srcset=\"https:\/\/percepcions.cat\/wp-content\/uploads\/2026\/08\/funcionaria-alemanya-1-768x576.jpg 768w, https:\/\/percepcions.cat\/wp-content\/uploads\/2026\/08\/funcionaria-alemanya-1-300x225.jpg 300w, https:\/\/percepcions.cat\/wp-content\/uploads\/2026\/08\/funcionaria-alemanya-1-16x12.jpg 16w, https:\/\/percepcions.cat\/wp-content\/uploads\/2026\/08\/funcionaria-alemanya-1.jpg 1000w\" sizes=\"auto, (max-width: 768px) 100vw, 768px\" title=\"\"><\/a><div class=\"pt-cv-taxoterm over_top_left\"><a href=\"https:\/\/percepcions.cat\/es\/tag\/alemanya\/\" title=\"Alemanya\" class=\"pt-cv-tax-alemanya\">Alemanya<\/a><a href=\"https:\/\/percepcions.cat\/es\/tag\/hermanos-musulmanes\/\" title=\"Germans Musulmans\" class=\"pt-cv-tax-germans-musulmans\">Germans Musulmans<\/a><\/div><\/div>\n<p class=\"pt-cv-title\"><a href=\"https:\/\/percepcions.cat\/es\/la-justicia-alemana-impide-laces-a-la-funcion-publica-a-una-persona-por-vinculos-con-los-hermanos-musulmanes\/\" class=\"_self cvplbd\" target=\"_self\">Alemanya impedeix ser funcionari per vincles amb els Germans Musulmans<\/a><\/p>\n<div class=\"pt-cv-meta-fields\"><span class=\"entry-date\"> <time datetime=\"2026-08-21T11:41:50+02:00\">21 de agosto de 2026<\/time><\/span><\/div>\n<div class=\"pt-cv-content\">L&#8217;Ajuntament de Karlsruhe va aturar el nomenament d&#8217;una dona pels informes d&#8217;intel\u00b7lig\u00e8ncia que la vinculaven amb estructures islamistes. La just\u00edcia avala la decisi\u00f3.<\/div><\/div>\n<div class=\" pt-cv-content-item pt-cv-1-col\" data-pid=\"14572\"><div class=\"pt-cv-thumb-wrapper  \"><a href=\"https:\/\/percepcions.cat\/es\/mujeres-musulmanas-plantan-cara-a-la-presion-por-el-hiyab-en-ninas-en-una-mezquita-de-vigo\/\" class=\"_self pt-cv-href-thumbnail pt-cv-thumb-default cvplbd\" target=\"_self\"><img loading=\"lazy\" decoding=\"async\" width=\"716\" height=\"72\" src=\"https:\/\/percepcions.cat\/wp-content\/uploads\/2026\/08\/missatge-wgatsap.png\" class=\"pt-cv-thumbnail img-none\" alt=\"Dones musulmanes planten cara a la pressi\u00f3 pel hijab en nenes en una mesquita de Vigo\" srcset=\"https:\/\/percepcions.cat\/wp-content\/uploads\/2026\/08\/missatge-wgatsap.png 716w, https:\/\/percepcions.cat\/wp-content\/uploads\/2026\/08\/missatge-wgatsap-300x30.png 300w, https:\/\/percepcions.cat\/wp-content\/uploads\/2026\/08\/missatge-wgatsap-18x2.png 18w\" sizes=\"auto, (max-width: 716px) 100vw, 716px\" title=\"\"><\/a><div class=\"pt-cv-taxoterm over_top_left\"><a href=\"https:\/\/percepcions.cat\/es\/tag\/espanya\/\" title=\"Espanya\" class=\"pt-cv-tax-espanya\">Espanya<\/a><\/div><\/div>\n<p class=\"pt-cv-title\"><a href=\"https:\/\/percepcions.cat\/es\/mujeres-musulmanas-plantan-cara-a-la-presion-por-el-hiyab-en-ninas-en-una-mezquita-de-vigo\/\" class=\"_self cvplbd\" target=\"_self\">Dones musulmanes planten cara a la pressi\u00f3 pel hijab en nenes en una mesquita de Vigo<\/a><\/p>\n<div class=\"pt-cv-meta-fields\"><span class=\"entry-date\"> <time datetime=\"2026-08-20T20:27:31+02:00\">20 de agosto de 2026<\/time><\/span><\/div>\n<div class=\"pt-cv-content\">La den\u00fancia acusa responsables vinculats a la mesquita de Vigo d\u2019haver expulsat dones d&#8217;un grup de WhatsApp per q\u00fcestionar la imposici\u00f3 del mocador a nenes.<\/div><\/div>\n<div class=\" pt-cv-content-item pt-cv-1-col\" data-pid=\"14563\"><div class=\"pt-cv-thumb-wrapper  \"><a href=\"https:\/\/percepcions.cat\/es\/minneapolis-adapta-los-prestamos-municipales-a-la-sharia-islamica\/\" class=\"_self pt-cv-href-thumbnail pt-cv-thumb-default cvplbd\" target=\"_self\"><img loading=\"lazy\" decoding=\"async\" width=\"768\" height=\"467\" src=\"https:\/\/percepcions.cat\/wp-content\/uploads\/2026\/08\/minneapolis-llei-silamica-2-768x467.jpg\" class=\"pt-cv-thumbnail img-none\" alt=\"Minneapolis adapta els pr\u00e9stecs municipals a la llei isl\u00e0mica\" srcset=\"https:\/\/percepcions.cat\/wp-content\/uploads\/2026\/08\/minneapolis-llei-silamica-2-768x467.jpg 768w, https:\/\/percepcions.cat\/wp-content\/uploads\/2026\/08\/minneapolis-llei-silamica-2-300x182.jpg 300w, https:\/\/percepcions.cat\/wp-content\/uploads\/2026\/08\/minneapolis-llei-silamica-2-18x12.jpg 18w, https:\/\/percepcions.cat\/wp-content\/uploads\/2026\/08\/minneapolis-llei-silamica-2.jpg 1025w\" sizes=\"auto, (max-width: 768px) 100vw, 768px\" title=\"\"><\/a><div class=\"pt-cv-taxoterm over_top_left\"><a href=\"https:\/\/percepcions.cat\/es\/tag\/estados-unidos\/\" title=\"Estats Units\" class=\"pt-cv-tax-estats-units\">Estats Units<\/a><\/div><\/div>\n<p class=\"pt-cv-title\"><a href=\"https:\/\/percepcions.cat\/es\/minneapolis-adapta-los-prestamos-municipales-a-la-sharia-islamica\/\" class=\"_self cvplbd\" target=\"_self\">Minneapolis adapta els pr\u00e9stecs municipals a la llei isl\u00e0mica<\/a><\/p>\n<div class=\"pt-cv-meta-fields\"><span class=\"entry-date\"> <time datetime=\"2026-08-19T17:02:05+02:00\">19 de agosto de 2026<\/time><\/span><\/div>\n<div class=\"pt-cv-content\">La ciutat modifica el seu sistema de finan\u00e7ament perqu\u00e8 la prohibici\u00f3 isl\u00e0mica de pagar interessos no sigui cap obstacle.<\/div><\/div>\n<div class=\" pt-cv-content-item pt-cv-1-col\" data-pid=\"14550\"><div class=\"pt-cv-thumb-wrapper  \"><a href=\"https:\/\/percepcions.cat\/es\/condenado-al-reino-unido-por-una-broma-sobre-el-islam-en-las-redes-sociales\/\" class=\"_self pt-cv-href-thumbnail pt-cv-thumb-default cvplbd\" target=\"_self\"><img loading=\"lazy\" decoding=\"async\" width=\"768\" height=\"576\" src=\"https:\/\/percepcions.cat\/wp-content\/uploads\/2026\/08\/condemna-regne-unit-1-1-768x576.jpg\" class=\"pt-cv-thumbnail img-none\" alt=\"Condemnat al Regne Unit per una broma sobre l\u2019islam a les xarxes socials\" srcset=\"https:\/\/percepcions.cat\/wp-content\/uploads\/2026\/08\/condemna-regne-unit-1-1-768x576.jpg 768w, https:\/\/percepcions.cat\/wp-content\/uploads\/2026\/08\/condemna-regne-unit-1-1-300x225.jpg 300w, https:\/\/percepcions.cat\/wp-content\/uploads\/2026\/08\/condemna-regne-unit-1-1-16x12.jpg 16w, https:\/\/percepcions.cat\/wp-content\/uploads\/2026\/08\/condemna-regne-unit-1-1.jpg 1000w\" sizes=\"auto, (max-width: 768px) 100vw, 768px\" title=\"\"><\/a><div class=\"pt-cv-taxoterm over_top_left\"><a href=\"https:\/\/percepcions.cat\/es\/tag\/reino-unido\/\" title=\"Regne Unit\" class=\"pt-cv-tax-regne-unit\">Regne Unit<\/a><\/div><\/div>\n<p class=\"pt-cv-title\"><a href=\"https:\/\/percepcions.cat\/es\/condenado-al-reino-unido-por-una-broma-sobre-el-islam-en-las-redes-sociales\/\" class=\"_self cvplbd\" target=\"_self\">Condemnat al Regne Unit per una broma sobre l\u2019islam a les xarxes socials<\/a><\/p>\n<div class=\"pt-cv-meta-fields\"><span class=\"entry-date\"> <time datetime=\"2026-08-18T08:28:58+02:00\">18 de agosto de 2026<\/time><\/span><\/div>\n<div class=\"pt-cv-content\">L&#8217;home va compartir a Facebook un mem que deia: \u00abCuriositats sobre el bac\u00f3! Les persones que mengen bac\u00f3 tenen menys probabilitats de casar-se amb una nena de 9 anys!\u00bb<\/div><\/div>\n<div class=\" pt-cv-content-item pt-cv-1-col\" data-pid=\"14535\"><div class=\"pt-cv-thumb-wrapper  \"><a href=\"https:\/\/percepcions.cat\/es\/la-sharia-llega-a-las-piscinas-de-roma-con-franjas-para-mujeres\/\" class=\"_self pt-cv-href-thumbnail pt-cv-thumb-default cvplbd\" target=\"_self\"><img loading=\"lazy\" decoding=\"async\" width=\"768\" height=\"687\" src=\"https:\/\/percepcions.cat\/wp-content\/uploads\/2026\/08\/piscina-xaria-768x687.jpg\" class=\"pt-cv-thumbnail img-none\" alt=\"La xaria arriba a les piscines de Roma amb franges nom\u00e9s per a dones\" srcset=\"https:\/\/percepcions.cat\/wp-content\/uploads\/2026\/08\/piscina-xaria-768x687.jpg 768w, https:\/\/percepcions.cat\/wp-content\/uploads\/2026\/08\/piscina-xaria-300x268.jpg 300w, https:\/\/percepcions.cat\/wp-content\/uploads\/2026\/08\/piscina-xaria-13x12.jpg 13w, https:\/\/percepcions.cat\/wp-content\/uploads\/2026\/08\/piscina-xaria.jpg 805w\" sizes=\"auto, (max-width: 768px) 100vw, 768px\" title=\"\"><\/a><div class=\"pt-cv-taxoterm over_top_left\"><a href=\"https:\/\/percepcions.cat\/es\/tag\/italiano\/\" title=\"It\u00e0lia\" class=\"pt-cv-tax-italia\">It\u00e0lia<\/a><a href=\"https:\/\/percepcions.cat\/es\/tag\/velo-burka\/\" title=\"Vel-Burka\" class=\"pt-cv-tax-vel-burka\">Vel-Burka<\/a><\/div><\/div>\n<p class=\"pt-cv-title\"><a href=\"https:\/\/percepcions.cat\/es\/la-sharia-llega-a-las-piscinas-de-roma-con-franjas-para-mujeres\/\" class=\"_self cvplbd\" target=\"_self\">La xaria arriba a les piscines de Roma amb franges nom\u00e9s per a dones<\/a><\/p>\n<div class=\"pt-cv-meta-fields\"><span class=\"entry-date\"> <time datetime=\"2026-08-16T11:48:44+02:00\">16 de agosto de 2026<\/time><\/span><\/div>\n<div class=\"pt-cv-content\">La comunitat isl\u00e0mica reserva hores sense homes en una piscina de Roma i defensa la mesura com a \u201cinclusiva\u201d. L&#8217;esquerra diu que \u00e9s \u00abuna forma de delicadesa\u00bb.<\/div><\/div>\n<div class=\" pt-cv-content-item pt-cv-1-col\" data-pid=\"14523\"><div class=\"pt-cv-thumb-wrapper  \"><a href=\"https:\/\/percepcions.cat\/es\/el-gobernador-de-texas-frena-a-los-lavapies-musulmanes-en-el-aeropuerto-de-dallas\/\" class=\"_self pt-cv-href-thumbnail pt-cv-thumb-default cvplbd\" target=\"_self\"><img loading=\"lazy\" decoding=\"async\" width=\"768\" height=\"432\" src=\"https:\/\/percepcions.cat\/wp-content\/uploads\/2026\/08\/rentapeus-768x432.jpg\" class=\"pt-cv-thumbnail img-none\" alt=\"El governador de Texas frena els rentapeus musulmans a l\u2019aeroport de Dallas\" srcset=\"https:\/\/percepcions.cat\/wp-content\/uploads\/2026\/08\/rentapeus-768x432.jpg 768w, https:\/\/percepcions.cat\/wp-content\/uploads\/2026\/08\/rentapeus-300x169.jpg 300w, https:\/\/percepcions.cat\/wp-content\/uploads\/2026\/08\/rentapeus-1024x576.jpg 1024w, https:\/\/percepcions.cat\/wp-content\/uploads\/2026\/08\/rentapeus-1536x864.jpg 1536w, https:\/\/percepcions.cat\/wp-content\/uploads\/2026\/08\/rentapeus-18x10.jpg 18w, https:\/\/percepcions.cat\/wp-content\/uploads\/2026\/08\/rentapeus.jpg 1600w\" sizes=\"auto, (max-width: 768px) 100vw, 768px\" title=\"\"><\/a><div class=\"pt-cv-taxoterm over_top_left\"><a href=\"https:\/\/percepcions.cat\/es\/tag\/estados-unidos\/\" title=\"Estats Units\" class=\"pt-cv-tax-estats-units\">Estats Units<\/a><\/div><\/div>\n<p class=\"pt-cv-title\"><a href=\"https:\/\/percepcions.cat\/es\/el-gobernador-de-texas-frena-a-los-lavapies-musulmanes-en-el-aeropuerto-de-dallas\/\" class=\"_self cvplbd\" target=\"_self\">El governador de Texas frena els rentapeus musulmans a l\u2019aeroport de Dallas<\/a><\/p>\n<div class=\"pt-cv-meta-fields\"><span class=\"entry-date\"> <time datetime=\"2026-08-15T12:34:13+02:00\">15 de agosto de 2026<\/time><\/span><\/div>\n<div class=\"pt-cv-content\">L\u2019aeroport de Dallas-Fort Worth cancel\u00b7la l\u2019adaptaci\u00f3 isl\u00e0mica dels lavabos despr\u00e9s que Greg Abbott q\u00fcestioni l\u2019\u00fas de fons p\u00fablics per a instal\u00b7lacions religioses.<\/div><\/div>\n<div class=\" pt-cv-content-item pt-cv-1-col\" data-pid=\"14508\"><div class=\"pt-cv-thumb-wrapper  \"><a href=\"https:\/\/percepcions.cat\/es\/massachusetts-prepara-una-comision-para-que-los-musulmanes-propongan-leyes-y-funcionarios-de-su-gusto\/\" class=\"_self pt-cv-href-thumbnail pt-cv-thumb-default cvplbd\" target=\"_self\"><img loading=\"lazy\" decoding=\"async\" width=\"768\" height=\"481\" src=\"https:\/\/percepcions.cat\/wp-content\/uploads\/2026\/08\/senat-massachusets-768x481.jpg\" class=\"pt-cv-thumbnail img-none\" alt=\"Massachusetts impulsa una comissi\u00f3 perqu\u00e8 els musulmans proposin lleis i funcionaris del seu gust\" srcset=\"https:\/\/percepcions.cat\/wp-content\/uploads\/2026\/08\/senat-massachusets-768x481.jpg 768w, https:\/\/percepcions.cat\/wp-content\/uploads\/2026\/08\/senat-massachusets-300x188.jpg 300w, https:\/\/percepcions.cat\/wp-content\/uploads\/2026\/08\/senat-massachusets-18x12.jpg 18w, https:\/\/percepcions.cat\/wp-content\/uploads\/2026\/08\/senat-massachusets.jpg 975w\" sizes=\"auto, (max-width: 768px) 100vw, 768px\" title=\"\"><\/a><div class=\"pt-cv-taxoterm over_top_left\"><a href=\"https:\/\/percepcions.cat\/es\/tag\/estados-unidos\/\" title=\"Estats Units\" class=\"pt-cv-tax-estats-units\">Estats Units<\/a><\/div><\/div>\n<p class=\"pt-cv-title\"><a href=\"https:\/\/percepcions.cat\/es\/massachusetts-prepara-una-comision-para-que-los-musulmanes-propongan-leyes-y-funcionarios-de-su-gusto\/\" class=\"_self cvplbd\" target=\"_self\">Massachusetts impulsa una comissi\u00f3 perqu\u00e8 els musulmans proposin lleis i funcionaris del seu gust<\/a><\/p>\n<div class=\"pt-cv-meta-fields\"><span class=\"entry-date\"> <time datetime=\"2026-08-08T07:36:31+02:00\">8 de agosto de 2026<\/time><\/span><\/div>\n<div class=\"pt-cv-content\">El projecte preveu que 11 musulmans representin els seus interessos religiosos en les pol\u00edtiques p\u00fabliques.<\/div><\/div>\n<div class=\" pt-cv-content-item pt-cv-1-col\" data-pid=\"14398\"><div class=\"pt-cv-thumb-wrapper  \"><a href=\"https:\/\/percepcions.cat\/es\/barcelona-destina-7-000-euros-para-conocer-las-practicas-musulmanas-que-llevamos-dentro\/\" class=\"_self pt-cv-href-thumbnail pt-cv-thumb-default cvplbd\" target=\"_self\"><img loading=\"lazy\" decoding=\"async\" width=\"768\" height=\"421\" src=\"https:\/\/percepcions.cat\/wp-content\/uploads\/2026\/08\/jornades-gatzara-768x421.jpg\" class=\"pt-cv-thumbnail img-none\" alt=\"L\u2019Ajuntament de Barcelona gasta 44.000 euros per \u00abcon\u00e8ixer les pr\u00e0ctiques musulmanes que portem dins\u00bb\" srcset=\"https:\/\/percepcions.cat\/wp-content\/uploads\/2026\/08\/jornades-gatzara-768x421.jpg 768w, https:\/\/percepcions.cat\/wp-content\/uploads\/2026\/08\/jornades-gatzara-300x165.jpg 300w, https:\/\/percepcions.cat\/wp-content\/uploads\/2026\/08\/jornades-gatzara-1024x562.jpg 1024w, https:\/\/percepcions.cat\/wp-content\/uploads\/2026\/08\/jornades-gatzara-1536x843.jpg 1536w, https:\/\/percepcions.cat\/wp-content\/uploads\/2026\/08\/jornades-gatzara-18x10.jpg 18w, https:\/\/percepcions.cat\/wp-content\/uploads\/2026\/08\/jornades-gatzara.jpg 1907w\" sizes=\"auto, (max-width: 768px) 100vw, 768px\" title=\"\"><\/a><div class=\"pt-cv-taxoterm over_top_left\"><a href=\"https:\/\/percepcions.cat\/es\/tag\/catalunya\/\" title=\"Catalunya\" class=\"pt-cv-tax-catalunya\">Catalunya<\/a><\/div><\/div>\n<p class=\"pt-cv-title\"><a href=\"https:\/\/percepcions.cat\/es\/barcelona-destina-7-000-euros-para-conocer-las-practicas-musulmanas-que-llevamos-dentro\/\" class=\"_self cvplbd\" target=\"_self\">L\u2019Ajuntament de Barcelona gasta 44.000 euros per \u00abcon\u00e8ixer les pr\u00e0ctiques musulmanes que portem dins\u00bb<\/a><\/p>\n<div class=\"pt-cv-meta-fields\"><span class=\"entry-date\"> <time datetime=\"2026-08-01T14:20:50+02:00\">1 de agosto de 2026<\/time><\/span><\/div>\n<div class=\"pt-cv-content\">Les jornades Gatzara de la Fundaci\u00f3 musulmana Bayt al-Thaqafa difon un relat que converteix qualsevol influ\u00e8ncia hist\u00f2rica musulmana en una arrel essencial de la identitat catalana.<\/div><\/div><\/div><\/div>\n<div class=\"text-center pt-cv-pagination-wrapper\"><a href=\"https:\/\/percepcions.cat\/es\/wp-json\/wp\/v2\/posts\/11208\/?_page=2\" onclick=\"event.preventDefault()\" class=\"pt-cv-more btn btn-primary btn-sm\" data-totalpages=\"44\" data-nextpages=\"2\" data-sid=\"a6d38d031z\" data-unid=\"\" data-isblock=\"\" data-postid=\"\">M\u00e9s Percepcions <span class=\"caret\"><\/span><\/a><img loading=\"lazy\" decoding=\"async\" width=\"15\" height=\"15\" class=\"pt-cv-spinner\" alt=\"Cargando...\" src=\"data:image\/gif;base64,R0lGODlhDwAPALMPAMrKygwMDJOTkz09PZWVla+vr3p6euTk5M7OzuXl5TMzMwAAAJmZmWZmZszMzP\/\/\/yH\/C05FVFNDQVBFMi4wAwEAAAAh+QQFCgAPACwAAAAADwAPAAAEQvDJaZaZOIcV8iQK8VRX4iTYoAwZ4iCYoAjZ4RxejhVNoT+mRGP4cyF4Pp0N98sBGIBMEMOotl6YZ3S61Bmbkm4mAgAh+QQFCgAPACwAAAAADQANAAAENPDJSRSZeA418itN8QiK8BiLITVsFiyBBIoYqnoewAD4xPw9iY4XLGYSjkQR4UAUD45DLwIAIfkEBQoADwAsAAAAAA8ACQAABC\/wyVlamTi3nSdgwFNdhEJgTJoNyoB9ISYoQmdjiZPcj7EYCAeCF1gEDo4Dz2eIAAAh+QQFCgAPACwCAAAADQANAAAEM\/DJBxiYeLKdX3IJZT1FU0iIg2RNKx3OkZVnZ98ToRD4MyiDnkAh6BkNC0MvsAj0kMpHBAAh+QQFCgAPACwGAAAACQAPAAAEMDC59KpFDll73HkAA2wVY5KgiK5b0RRoI6MuzG6EQqCDMlSGheEhUAgqgUUAFRySIgAh+QQFCgAPACwCAAIADQANAAAEM\/DJKZNLND\/kkKaHc3xk+QAMYDKsiaqmZCxGVjSFFCxB1vwy2oOgIDxuucxAMTAJFAJNBAAh+QQFCgAPACwAAAYADwAJAAAEMNAs86q1yaWwwv2Ig0jUZx3OYa4XoRAfwADXoAwfo1+CIjyFRuEho60aSNYlOPxEAAAh+QQFCgAPACwAAAIADQANAAAENPA9s4y8+IUVcqaWJ4qEQozSoAzoIyhCK2NFU2SJk0hNnyEOhKR2AzAAj4Pj4GE4W0bkJQIAOw==\" title=\"\"><div class=\"clear pt-cv-clear-pagination\"><\/div><\/div><\/div>\t\t\t\t\t\t<style type=\"text\/css\" id=\"pt-cv-inline-style-000be3d7qx\">\n#pt-cv-view-a6d38d031z .pt-cv-thumb-wrapper:not(.miniwrap) {  }#pt-cv-view-a6d38d031z .pt-cv-thumbnail:not(.pt-cv-thumbnailsm) { height: 250px; }#pt-cv-view-a6d38d031z > .pt-cv-page {grid-template-columns: repeat(3, 1fr);grid-gap: 15px;}\n@media all and (max-width: 1024px) { \n#pt-cv-view-a6d38d031z > .pt-cv-page {grid-template-columns: repeat(1, 1fr);}\n} \n@media all and (max-width: 767px) { \n#pt-cv-view-a6d38d031z > .pt-cv-page {grid-template-columns: repeat(1, 1fr);}\n} <\/style>\r\n\t\t\t\t\t\t\t\t\t<style type=\"text\/css\" id=\"pt-cv-inline-style-071fd530s4\"> #pt-cv-view-a6d38d031z[class*='cveffect'] .pt-cv-thumb-wrapper, #pt-cv-view-a6d38d031z:not([class*='cveffect']) .pt-cv-thumbnail, #pt-cv-view-a6d38d031z  .cvp-responsive-image[style*=background-image] { border-width: 1px 1px 1px 1px }\n #pt-cv-view-a6d38d031z[class*='cveffect'] .pt-cv-thumb-wrapper, #pt-cv-view-a6d38d031z:not([class*='cveffect']) .pt-cv-thumbnail, #pt-cv-view-a6d38d031z  .cvp-responsive-image[style*=background-image] { border-style: solid }\n #pt-cv-view-a6d38d031z[class*='cveffect'] .pt-cv-thumb-wrapper, #pt-cv-view-a6d38d031z:not([class*='cveffect']) .pt-cv-thumbnail, #pt-cv-view-a6d38d031z  .cvp-responsive-image[style*=background-image] { border-color: #0f4c81 }\n#pt-cv-view-a6d38d031z .pt-cv-taxoterm * { font-family: 'Noto Sans', Arial, serif !important; color: #ffffff !important; background-color: #0f4c81 !important; font-weight: 600 !important; margin: 0px 10px 0px 0px !important; padding: 1px 6px 1px 6px !important; border-radius: 3px 3px 3px 3px !important; }\n#pt-cv-view-a6d38d031z .pt-cv-title a, #pt-cv-view-a6d38d031z  .panel-title { font-family: 'Noto Sans', Arial, serif !important; font-size: 24px !important; line-height: 1.3 !important; color: #000000 !important; font-weight: 600 !important; }\n#pt-cv-view-a6d38d031z .pt-cv-content , #pt-cv-view-a6d38d031z  .pt-cv-content *:not(.pt-cv-readmore):not(style):not(script) { font-family: 'Noto Sans', Arial, serif !important; font-size: 16px !important; line-height: 1.3 !important; color: #000000 !important; font-weight: 600 !important; }\n#pt-cv-view-a6d38d031z .pt-cv-meta-fields * { font-size: 15px !important; line-height: 1.3 !important; color: #000000 !important; }\n#pt-cv-view-a6d38d031z .pt-cv-readmore  { color: #ffffff !important; background-color: #00aeef !important; }\n#pt-cv-view-a6d38d031z .pt-cv-readmore:hover  { color: #ffffff !important; background-color: #00aeef !important; }\n#pt-cv-view-a6d38d031z  + .pt-cv-pagination-wrapper .pt-cv-more , #pt-cv-view-a6d38d031z  + .pt-cv-pagination-wrapper .pagination .active a, .pt-cv-pagination[data-sid='a6d38d031z'] .active a { font-size: 19px !important; line-height: 1.3 !important; color: #ffffff !important; background-color: #0f4c81 !important; font-weight: 600 !important; padding: 1px 6px 1px 6px !important; border-radius: 3px 3px 3px 3px !important; }<\/style>\r\n\t\t\t<link href='\/\/fonts.googleapis.com\/css?family=Noto+Sans' rel='stylesheet' type='text\/css'><\/div><\/div>\n\n\n\n<div class=\"wp-block-uagb-separator uagb-block-5d3a5089\"><div class=\"wp-block-uagb-separator__inner\" style=\"--my-background-image:\"><\/div><\/div>\n\n\n\n<div class=\"wp-block-uagb-container uagb-block-a8bd19dc alignfull uagb-is-root-container\"><div class=\"uagb-container-inner-blocks-wrap\">\n<div class=\"wp-block-uagb-container uagb-block-cb082e82\">\n<div class=\"wp-block-uagb-advanced-heading uagb-block-b36f9a1a\"><h2 class=\"uagb-heading-text\">Frase de la Setmana<\/h2><\/div>\n\n\n<div class=\"pt-cv-wrapper\"><div class=\"pt-cv-view pt-cv-overlaygrid iscvblock iscvhybrid pt-cv-nooverlay pt-cv-clickable overlay1 layout1\" id=\"pt-cv-view-ffce338abp\"><div data-id=\"pt-cv-page-1\" class=\"pt-cv-page\" data-cvc=\"1\"><div class=\" pt-cv-content-item pt-cv-1-col\" data-pid=\"5467\"><div class=\"pt-cv-thumb-wrapper  \"><a href=\"https:\/\/percepcions.cat\/wp-content\/uploads\/2025\/03\/Que-hi-ha-de-dolent-en-incitar-a-una-intensa-aversio-a-una-religio-si-les-activitats-o-els-ensenyaments.jpg\" class=\"pt-cv-lightbox-image pt-cv-href-thumbnail pt-cv-thumb-default cvp-lazy-container\" target=\"pt-cv-lightbox-image\"><img loading=\"lazy\" decoding=\"async\" width=\"768\" height=\"432\" src=\"https:\/\/percepcions.cat\/wp-content\/plugins\/pt-content-views-pro\/public\/assets\/images\/lazy_image.png\" class=\"pt-cv-thumbnail img-none skip-lazy  cvplazy\" alt=\"Qu\u00e8 hi ha de dolent en incitar a una intensa aversi\u00f3 a una religi\u00f3 si les activitats o els ensenyaments d&#039;aquesta religi\u00f3 s\u00f3n tan escandalosos, irracionals o abusius dels drets humans que mereixen ser intensament detestats? .-Rowan Atkinson\" data-cvpsrc=\"https:\/\/percepcions.cat\/wp-content\/uploads\/2025\/03\/Que-hi-ha-de-dolent-en-incitar-a-una-intensa-aversio-a-una-religio-si-les-activitats-o-els-ensenyaments-768x432.jpg\" data-cvpset=\"https:\/\/percepcions.cat\/wp-content\/uploads\/2025\/03\/Que-hi-ha-de-dolent-en-incitar-a-una-intensa-aversio-a-una-religio-si-les-activitats-o-els-ensenyaments-768x432.jpg 768w, https:\/\/percepcions.cat\/wp-content\/uploads\/2025\/03\/Que-hi-ha-de-dolent-en-incitar-a-una-intensa-aversio-a-una-religio-si-les-activitats-o-els-ensenyaments-300x169.jpg 300w, https:\/\/percepcions.cat\/wp-content\/uploads\/2025\/03\/Que-hi-ha-de-dolent-en-incitar-a-una-intensa-aversio-a-una-religio-si-les-activitats-o-els-ensenyaments-1024x576.jpg 1024w, https:\/\/percepcions.cat\/wp-content\/uploads\/2025\/03\/Que-hi-ha-de-dolent-en-incitar-a-una-intensa-aversio-a-una-religio-si-les-activitats-o-els-ensenyaments-1536x864.jpg 1536w, https:\/\/percepcions.cat\/wp-content\/uploads\/2025\/03\/Que-hi-ha-de-dolent-en-incitar-a-una-intensa-aversio-a-una-religio-si-les-activitats-o-els-ensenyaments-18x10.jpg 18w, https:\/\/percepcions.cat\/wp-content\/uploads\/2025\/03\/Que-hi-ha-de-dolent-en-incitar-a-una-intensa-aversio-a-una-religio-si-les-activitats-o-els-ensenyaments.jpg 1600w\" title=\"\"><\/a><\/div>\n<div class=\"pt-cv-overlay-wrapper\"><div class=\"pt-cv-content\">Qu\u00e8 hi ha de dolent en incitar a una intensa aversi\u00f3 a una religi\u00f3 si les activitats o els ensenyaments d&#8217;aquesta religi\u00f3 s\u00f3n tan escandalosos, irracionals o abusius dels drets humans que mereixen ser intensament detestats? .-Rowan Atkinson<\/div><\/div><\/div><\/div><\/div><\/div>\t\t\t\t\t\t<style type=\"text\/css\" id=\"pt-cv-inline-style-01c4cfdyk0\">#pt-cv-view-ffce338abp .pt-cv-overlay-wrapper {justify-content: flex-end;}\n#pt-cv-view-ffce338abp > .pt-cv-page {grid-template-columns: repeat(1, 1fr);grid-gap: 15px;}\n@media all and (max-width: 1024px) { \n#pt-cv-view-ffce338abp > .pt-cv-page {grid-template-columns: repeat(1, 1fr);}\n} \n@media all and (max-width: 767px) { \n#pt-cv-view-ffce338abp > .pt-cv-page {grid-template-columns: repeat(1, 1fr);}\n} <\/style>\r\n\t\t\t\t\t\t\t\t\t<style type=\"text\/css\" id=\"pt-cv-inline-style-2309a1fkgp\">#pt-cv-view-ffce338abp  .pt-cv-content-item   { border-width: 1px 1px 1px 1px !important; border-style: solid !important; }\n#pt-cv-view-ffce338abp .pt-cv-taxoterm * { font-family: 'Noto Sans', Arial, serif !important; color: #ffffff !important; margin: 0px 0px 0px 0px !important; padding: 1px 6px 1px 6px !important; border-radius: 3px 3px 3px 3px !important; }\n#pt-cv-view-ffce338abp .pt-cv-title a, #pt-cv-view-ffce338abp  .panel-title { font-family: 'Noto Sans', Arial, serif !important; font-size: 20px !important; line-height: 1.3 !important; color: #000000 !important; font-weight: 600 !important; }\n@media (max-width: 767px) {#pt-cv-view-ffce338abp .pt-cv-title a, #pt-cv-view-ffce338abp  .panel-title { font-size: 22px !important }}\n#pt-cv-view-ffce338abp .pt-cv-content , #pt-cv-view-ffce338abp  .pt-cv-content *:not(.pt-cv-readmore):not(style):not(script) { font-family: 'Noto Sans', Arial, serif !important; font-size: 19px !important; line-height: 1.3 !important; color: #000000 !important; font-weight: 600 !important; }\n#pt-cv-view-ffce338abp .pt-cv-meta-fields * { color: #000000 !important; }\n#pt-cv-view-ffce338abp .pt-cv-readmore  { color: #ffffff !important; background-color: #00aeef !important; }\n#pt-cv-view-ffce338abp .pt-cv-readmore:hover  { color: #ffffff !important; background-color: #00aeef !important; }<\/style>\r\n\t\t\t<link href='\/\/fonts.googleapis.com\/css?family=Noto+Sans' rel='stylesheet' type='text\/css'>\n\n\n<div class=\"wp-block-uagb-buttons uagb-buttons__outer-wrap uagb-btn__default-btn uagb-btn-tablet__default-btn uagb-btn-mobile__default-btn uagb-block-cda63ad2\"><div class=\"uagb-buttons__wrap uagb-buttons-layout-wrap \">\n<div class=\"wp-block-uagb-buttons-child uagb-buttons__outer-wrap uagb-block-8b104509 wp-block-button\"><div class=\"uagb-button__wrapper\"><a class=\"uagb-buttons-repeater wp-block-button__link\" aria-label=\"\" href=\"https:\/\/percepcions.cat\/percepcions-de-frases\/\" rel=\"follow noopener\" target=\"_self\" role=\"button\"><div class=\"uagb-button__link\">M\u00e9s Frases<\/div><span class=\"uagb-button__icon uagb-button__icon-position-after\"><svg xmlns=\"https:\/\/www.w3.org\/2000\/svg\" viewBox=\"0 0 448 512\" aria-hidden=\"true\" focussable=\"false\"><path d=\"M438.6 278.6l-160 160C272.4 444.9 264.2 448 256 448s-16.38-3.125-22.62-9.375c-12.5-12.5-12.5-32.75 0-45.25L338.8 288H32C14.33 288 .0016 273.7 .0016 256S14.33 224 32 224h306.8l-105.4-105.4c-12.5-12.5-12.5-32.75 0-45.25s32.75-12.5 45.25 0l160 160C451.1 245.9 451.1 266.1 438.6 278.6z\"><\/path><\/svg><\/span><\/a><\/div><\/div>\n<\/div><\/div>\n<\/div>\n\n\n\n<div class=\"wp-block-uagb-container uagb-block-4277df2b\">\n<div class=\"wp-block-uagb-advanced-heading uagb-block-a0ea22c1\"><p class=\"uagb-heading-text\">Imatge de la Setmana<\/p><\/div>\n\n\n<div class=\"pt-cv-wrapper\"><div class=\"pt-cv-view pt-cv-blockgrid iscvblock iscvhybrid grid1 layout1\" id=\"pt-cv-view-8b1a556yo0\"><div data-id=\"pt-cv-page-1\" class=\"pt-cv-page\" data-cvc=\"1\"><div class=\" pt-cv-content-item pt-cv-1-col\" data-pid=\"11349\"><div class=\"pt-cv-thumb-wrapper  \"><a href=\"https:\/\/percepcions.cat\/wp-content\/uploads\/2025\/11\/Tens-21-anys-i-no-estas-casada.jpg\" class=\"pt-cv-lightbox-image pt-cv-href-thumbnail pt-cv-thumb-default cvplbd cvp-lazy-container\" target=\"pt-cv-lightbox-image\"><img loading=\"lazy\" decoding=\"async\" width=\"300\" height=\"169\" src=\"https:\/\/percepcions.cat\/wp-content\/plugins\/pt-content-views-pro\/public\/assets\/images\/lazy_image.png\" class=\"pt-cv-thumbnail img-none skip-lazy  cvplazy\" alt=\"21 anys i no est\u00e0s casada? No tens cosins?\" data-cvpsrc=\"https:\/\/percepcions.cat\/wp-content\/uploads\/2025\/11\/Tens-21-anys-i-no-estas-casada-300x169.jpg\" data-cvpset=\"https:\/\/percepcions.cat\/wp-content\/uploads\/2025\/11\/Tens-21-anys-i-no-estas-casada-300x169.jpg 300w, https:\/\/percepcions.cat\/wp-content\/uploads\/2025\/11\/Tens-21-anys-i-no-estas-casada-1024x576.jpg 1024w, https:\/\/percepcions.cat\/wp-content\/uploads\/2025\/11\/Tens-21-anys-i-no-estas-casada-768x432.jpg 768w, https:\/\/percepcions.cat\/wp-content\/uploads\/2025\/11\/Tens-21-anys-i-no-estas-casada-18x10.jpg 18w, https:\/\/percepcions.cat\/wp-content\/uploads\/2025\/11\/Tens-21-anys-i-no-estas-casada.jpg 1068w\" title=\"\"><\/a><\/div>\n<div class=\"pt-cv-content\">-21 anys i no est\u00e0s casada? <br \/> -No tens cosins?<\/div><\/div><\/div><\/div><\/div>\t\t\t\t\t\t<style type=\"text\/css\" id=\"pt-cv-inline-style-1c7d7035by\">\n#pt-cv-view-8b1a556yo0 > .pt-cv-page {grid-template-columns: repeat(1, 1fr);grid-gap: 15px;}\n@media all and (max-width: 1024px) { \n#pt-cv-view-8b1a556yo0 > .pt-cv-page {grid-template-columns: repeat(1, 1fr);}\n} \n@media all and (max-width: 767px) { \n#pt-cv-view-8b1a556yo0 > .pt-cv-page {grid-template-columns: repeat(1, 1fr);}\n} <\/style>\r\n\t\t\t\t\t\t\t\t\t<style type=\"text\/css\" id=\"pt-cv-inline-style-87b1ed061d\">#pt-cv-view-8b1a556yo0  .pt-cv-content-item   { border-width: 1px 1px 1px 1px !important; border-style: solid !important; }\n #pt-cv-view-8b1a556yo0[class*='cveffect'] .pt-cv-thumb-wrapper, #pt-cv-view-8b1a556yo0:not([class*='cveffect']) .pt-cv-thumbnail, #pt-cv-view-8b1a556yo0  .cvp-responsive-image[style*=background-image] { border-width: 2px 2px 2px 2px }\n #pt-cv-view-8b1a556yo0[class*='cveffect'] .pt-cv-thumb-wrapper, #pt-cv-view-8b1a556yo0:not([class*='cveffect']) .pt-cv-thumbnail, #pt-cv-view-8b1a556yo0  .cvp-responsive-image[style*=background-image] { border-style: solid }\n #pt-cv-view-8b1a556yo0[class*='cveffect'] .pt-cv-thumb-wrapper, #pt-cv-view-8b1a556yo0:not([class*='cveffect']) .pt-cv-thumbnail, #pt-cv-view-8b1a556yo0  .cvp-responsive-image[style*=background-image] { border-color: #0f4c81 }\n#pt-cv-view-8b1a556yo0 .pt-cv-taxoterm * { font-family: 'Noto Sans', Arial, serif !important; color: #ffffff !important; margin: 0px 0px 0px 0px !important; padding: 1px 6px 1px 6px !important; border-radius: 3px 3px 3px 3px !important; }\n#pt-cv-view-8b1a556yo0 .pt-cv-title a, #pt-cv-view-8b1a556yo0  .panel-title { font-family: 'Noto Sans', Arial, serif !important; font-size: 20px !important; line-height: 1.3 !important; color: #000000 !important; font-weight: 600 !important; }\n@media (max-width: 767px) {#pt-cv-view-8b1a556yo0 .pt-cv-title a, #pt-cv-view-8b1a556yo0  .panel-title { font-size: 22px !important }}\n#pt-cv-view-8b1a556yo0 .pt-cv-content , #pt-cv-view-8b1a556yo0  .pt-cv-content *:not(.pt-cv-readmore):not(style):not(script) { font-family: 'Noto Sans', Arial, serif !important; font-size: 19px !important; line-height: 1.3 !important; color: #000000 !important; font-weight: 600 !important; }\n#pt-cv-view-8b1a556yo0 .pt-cv-meta-fields * { color: #000000 !important; }\n#pt-cv-view-8b1a556yo0 .pt-cv-readmore  { color: #ffffff !important; background-color: #00aeef !important; }\n#pt-cv-view-8b1a556yo0 .pt-cv-readmore:hover  { color: #ffffff !important; background-color: #00aeef !important; }<\/style>\r\n\t\t\t<link href='\/\/fonts.googleapis.com\/css?family=Noto+Sans' rel='stylesheet' type='text\/css'>\n\n\n<div class=\"wp-block-uagb-buttons uagb-buttons__outer-wrap uagb-btn__default-btn uagb-btn-tablet__default-btn uagb-btn-mobile__default-btn uagb-block-cac61cc6\"><div class=\"uagb-buttons__wrap uagb-buttons-layout-wrap \">\n<div class=\"wp-block-uagb-buttons-child uagb-buttons__outer-wrap uagb-block-3f77c959 wp-block-button\"><div class=\"uagb-button__wrapper\"><a class=\"uagb-buttons-repeater wp-block-button__link\" aria-label=\"\" href=\"https:\/\/percepcions.cat\/humor\/\" rel=\"follow noopener\" target=\"_self\" role=\"button\"><div class=\"uagb-button__link\">M\u00e9s imatges<\/div><span class=\"uagb-button__icon uagb-button__icon-position-after\"><svg xmlns=\"https:\/\/www.w3.org\/2000\/svg\" viewBox=\"0 0 448 512\" aria-hidden=\"true\" focussable=\"false\"><path d=\"M438.6 278.6l-160 160C272.4 444.9 264.2 448 256 448s-16.38-3.125-22.62-9.375c-12.5-12.5-12.5-32.75 0-45.25L338.8 288H32C14.33 288 .0016 273.7 .0016 256S14.33 224 32 224h306.8l-105.4-105.4c-12.5-12.5-12.5-32.75 0-45.25s32.75-12.5 45.25 0l160 160C451.1 245.9 451.1 266.1 438.6 278.6z\"><\/path><\/svg><\/span><\/a><\/div><\/div>\n<\/div><\/div>\n<\/div>\n<\/div><\/div>\n","protected":false},"excerpt":{"rendered":"<p>La presidenta de la Asamblea, del partido de Macron, habla de &quot;s\u00edmbolos religiosos ostentatorios&quot; y reclama que no se vuelva a repetir.<\/p>","protected":false},"author":2,"featured_media":11214,"comment_status":"closed","ping_status":"closed","sticky":false,"template":"","format":"standard","meta":{"_uag_custom_page_level_css":"","site-sidebar-layout":"no-sidebar","site-content-layout":"","ast-site-content-layout":"normal-width-container","site-content-style":"unboxed","site-sidebar-style":"default","ast-global-header-display":"","ast-banner-title-visibility":"","ast-main-header-display":"","ast-hfb-above-header-display":"","ast-hfb-below-header-display":"","ast-hfb-mobile-header-display":"","site-post-title":"disabled","ast-breadcrumbs-content":"","ast-featured-img":"","footer-sml-layout":"","ast-disable-related-posts":"","theme-transparent-header-meta":"","adv-header-id-meta":"","stick-header-meta":"","header-above-stick-meta":"","header-main-stick-meta":"","header-below-stick-meta":"","astra-migrate-meta-layouts":"default","ast-page-background-enabled":"default","ast-page-background-meta":{"desktop":{"background-color":"var(--ast-global-color-5)","background-image":"","background-repeat":"repeat","background-position":"center center","background-size":"auto","background-attachment":"scroll","background-type":"","background-media":"","overlay-type":"","overlay-color":"","overlay-opacity":"","overlay-gradient":""},"tablet":{"background-color":"","background-image":"","background-repeat":"repeat","background-position":"center center","background-size":"auto","background-attachment":"scroll","background-type":"","background-media":"","overlay-type":"","overlay-color":"","overlay-opacity":"","overlay-gradient":""},"mobile":{"background-color":"","background-image":"","background-repeat":"repeat","background-position":"center center","background-size":"auto","background-attachment":"scroll","background-type":"","background-media":"","overlay-type":"","overlay-color":"","overlay-opacity":"","overlay-gradient":""}},"ast-content-background-meta":{"desktop":{"background-color":"var(--ast-global-color-4)","background-image":"","background-repeat":"repeat","background-position":"center center","background-size":"auto","background-attachment":"scroll","background-type":"","background-media":"","overlay-type":"","overlay-color":"","overlay-opacity":"","overlay-gradient":""},"tablet":{"background-color":"var(--ast-global-color-4)","background-image":"","background-repeat":"repeat","background-position":"center center","background-size":"auto","background-attachment":"scroll","background-type":"","background-media":"","overlay-type":"","overlay-color":"","overlay-opacity":"","overlay-gradient":""},"mobile":{"background-color":"var(--ast-global-color-4)","background-image":"","background-repeat":"repeat","background-position":"center center","background-size":"auto","background-attachment":"scroll","background-type":"","background-media":"","overlay-type":"","overlay-color":"","overlay-opacity":"","overlay-gradient":""}},"footnotes":""},"categories":[3],"tags":[41,25],"class_list":["post-11208","post","type-post","status-publish","format-standard","has-post-thumbnail","hentry","category-islam","tag-franca","tag-vel-burka"],"uagb_featured_image_src":{"full":["https:\/\/percepcions.cat\/wp-content\/uploads\/2025\/11\/Indignacio-a-Franca-per-la-presencia-de-mocadors-islamics-al-Parlament.jpeg",990,654,false],"thumbnail":["https:\/\/percepcions.cat\/wp-content\/uploads\/2025\/11\/Indignacio-a-Franca-per-la-presencia-de-mocadors-islamics-al-Parlament-150x150.jpeg",150,150,true],"medium":["https:\/\/percepcions.cat\/wp-content\/uploads\/2025\/11\/Indignacio-a-Franca-per-la-presencia-de-mocadors-islamics-al-Parlament-300x198.jpeg",300,198,true],"medium_large":["https:\/\/percepcions.cat\/wp-content\/uploads\/2025\/11\/Indignacio-a-Franca-per-la-presencia-de-mocadors-islamics-al-Parlament-768x507.jpeg",768,507,true],"large":["https:\/\/percepcions.cat\/wp-content\/uploads\/2025\/11\/Indignacio-a-Franca-per-la-presencia-de-mocadors-islamics-al-Parlament.jpeg",990,654,false],"1536x1536":["https:\/\/percepcions.cat\/wp-content\/uploads\/2025\/11\/Indignacio-a-Franca-per-la-presencia-de-mocadors-islamics-al-Parlament.jpeg",990,654,false],"2048x2048":["https:\/\/percepcions.cat\/wp-content\/uploads\/2025\/11\/Indignacio-a-Franca-per-la-presencia-de-mocadors-islamics-al-Parlament.jpeg",990,654,false],"trp-custom-language-flag":["https:\/\/percepcions.cat\/wp-content\/uploads\/2025\/11\/Indignacio-a-Franca-per-la-presencia-de-mocadors-islamics-al-Parlament-18x12.jpeg",18,12,true]},"uagb_author_info":{"display_name":"Percepcions","author_link":"https:\/\/percepcions.cat\/es\/author\/percepcions\/"},"uagb_comment_info":0,"uagb_excerpt":"La presidenta de l\u2019Assemblea, del partit de Macron, parla de \u201cs\u00edmbols religiosos ostentatoris\u201d i reclama que no es torni a repetir.","_links":{"self":[{"href":"https:\/\/percepcions.cat\/es\/wp-json\/wp\/v2\/posts\/11208","targetHints":{"allow":["GET"]}}],"collection":[{"href":"https:\/\/percepcions.cat\/es\/wp-json\/wp\/v2\/posts"}],"about":[{"href":"https:\/\/percepcions.cat\/es\/wp-json\/wp\/v2\/types\/post"}],"author":[{"embeddable":true,"href":"https:\/\/percepcions.cat\/es\/wp-json\/wp\/v2\/users\/2"}],"replies":[{"embeddable":true,"href":"https:\/\/percepcions.cat\/es\/wp-json\/wp\/v2\/comments?post=11208"}],"version-history":[{"count":5,"href":"https:\/\/percepcions.cat\/es\/wp-json\/wp\/v2\/posts\/11208\/revisions"}],"predecessor-version":[{"id":11218,"href":"https:\/\/percepcions.cat\/es\/wp-json\/wp\/v2\/posts\/11208\/revisions\/11218"}],"wp:featuredmedia":[{"embeddable":true,"href":"https:\/\/percepcions.cat\/es\/wp-json\/wp\/v2\/media\/11214"}],"wp:attachment":[{"href":"https:\/\/percepcions.cat\/es\/wp-json\/wp\/v2\/media?parent=11208"}],"wp:term":[{"taxonomy":"category","embeddable":true,"href":"https:\/\/percepcions.cat\/es\/wp-json\/wp\/v2\/categories?post=11208"},{"taxonomy":"post_tag","embeddable":true,"href":"https:\/\/percepcions.cat\/es\/wp-json\/wp\/v2\/tags?post=11208"}],"curies":[{"name":"wp","href":"https:\/\/api.w.org\/{rel}","templated":true}]}}