{"id":10593,"date":"2025-10-12T10:04:29","date_gmt":"2025-10-12T08:04:29","guid":{"rendered":"https:\/\/percepcions.cat\/?p=10593"},"modified":"2025-10-12T10:25:29","modified_gmt":"2025-10-12T08:25:29","slug":"italia-planea-prohibir-el-burka-las-pruebas-de-virginidad-los-matrimonios-forcados-y-la-financiacion-opaca-de-las-mezquitas","status":"publish","type":"post","link":"https:\/\/percepcions.cat\/es\/italia-planea-prohibir-el-burka-las-pruebas-de-virginidad-los-matrimonios-forcados-y-la-financiacion-opaca-de-las-mezquitas\/","title":{"rendered":"Italia planea prohibir el burka, las pruebas de virginidad, los matrimonios forzados y la financiaci\u00f3n opaca de las mezquitas"},"content":{"rendered":"\n<div class=\"wp-block-uagb-container uagb-block-9cb50b66 alignfull uagb-is-root-container\"><div class=\"uagb-container-inner-blocks-wrap\">\n<div class=\"wp-block-uagb-advanced-heading uagb-block-fa03ca8d\"><h1 class=\"uagb-heading-text\">It\u00e0lia planeja prohibir el burka,  les proves de virginitat, els matrimonis for\u00e7ats i el finan\u00e7ament opac de les mesquites<\/h1><\/div>\n<\/div><\/div>\n\n\n\n<div class=\"wp-block-uagb-container uagb-block-57950bc9 alignfull uagb-is-root-container\"><div class=\"uagb-container-inner-blocks-wrap\">\n<div class=\"wp-block-uagb-advanced-heading uagb-block-e7f221fc\"><p class=\"uagb-heading-text\">Un nou projecte de llei impulsat pel govern de Giorgia Meloni vol regular pr\u00e0ctiques considerades \u201ccontr\u00e0ries a la dignitat humana\u201d i protegir la seguretat nacional.<\/p><\/div>\n<\/div><\/div>\n\n\n\n<div class=\"wp-block-uagb-container uagb-block-2791000d alignfull uagb-is-root-container\"><div class=\"uagb-container-inner-blocks-wrap\"><div style=\"font-size:12px; padding-right:0;padding-left:0;\" class=\"wp-block-post-date\"><time datetime=\"2025-10-12T10:04:29+02:00\">12 de octubre de 2025<\/time><\/div><\/div><\/div>\n\n\n\n<div class=\"wp-block-uagb-container uagb-layout-flex uagb-block-3668bbc1 default uagb-is-root-container\"><\/div>\n\n\n\n<div class=\"wp-block-uagb-container uagb-block-c2d10651 alignfull uagb-is-root-container\"><div class=\"uagb-container-inner-blocks-wrap\">\n<div class=\"wp-block-uagb-container uagb-block-09c39753\">\n<div class=\"wp-block-uagb-container uagb-block-8640ecc5\">\n<div class=\"wp-block-uagb-advanced-heading uagb-block-1088a23c\"><p class=\"uagb-heading-text\"><strong>Noies que podrien ser italianes a l&#8217;institut.<\/strong><\/p><\/div>\n\n\n\n<div class=\"wp-block-uagb-advanced-heading uagb-block-6b74a682\"><p class=\"uagb-heading-text\">Xarxes Socials<\/p><\/div>\n<\/div>\n<\/div>\n\n\n\n<div class=\"wp-block-uagb-container uagb-block-470585bf\"><style type=\"text\/css\">.essb_links.essb_size_m .essb_link_svg_icon svg{height:18px;width:auto}.essb_links.essb_size_m .essb_icon{width:36px !important;height:36px !important}.essb_links.essb_size_m .essb_icon:before{font-size:18px !important;top:9px !important;left:9px !important}.essb_links.essb_size_m li a .essb_network_name{font-size:13px !important;font-weight:400 !important;line-height:12px !important}<\/style><div class=\"essb_links essb_displayed_shortcode essb_share essb_template_default4-retina essb_template_glow-retina essb_1982607380 essb_size_m essb_links_right essb_mobile_hidden print-no\" id=\"essb_displayed_shortcode_1982607380\" data-essb-postid=\"10593\" data-essb-position=\"shortcode\" data-essb-button-style=\"button\" data-essb-template=\"default4-retina essb_template_glow-retina\" data-essb-counter-pos=\"hidden\" data-essb-url=\"https:\/\/percepcions.cat\/es\/italia-planea-prohibir-el-burka-las-pruebas-de-virginidad-los-matrimonios-forcados-y-la-financiacion-opaca-de-las-mezquitas\/\" data-essb-fullurl=\"https:\/\/percepcions.cat\/es\/italia-planea-prohibir-el-burka-las-pruebas-de-virginidad-los-matrimonios-forcados-y-la-financiacion-opaca-de-las-mezquitas\/\" data-essb-instance=\"1982607380\"><ul class=\"essb_links_list\"><li class=\"essb_item essb_link_twitter nolightbox essb_link_twitter_x essb_link_svg_icon\"> <a href=\"https:\/\/x.com\/intent\/post?text=&amp;url=https%3A%2F%2Fpercepcions.cat%2Fes%2Fitalia-planea-prohibir-el-burka-las-pruebas-de-virginidad-los-matrimonios-forcados-y-la-financiacion-opaca-de-las-mezquitas%2F\" title=\"Share on Twitter\" onclick=\"essb.window(&#39;https:\/\/x.com\/intent\/post?text=&amp;url=https%3A%2F%2Fpercepcions.cat%2Fes%2Fitalia-planea-prohibir-el-burka-las-pruebas-de-virginidad-los-matrimonios-forcados-y-la-financiacion-opaca-de-las-mezquitas%2F&#39;,&#39;twitter&#39;,&#39;1982607380&#39;); return false;\" target=\"_blank\" rel=\"noreferrer noopener nofollow\" class=\"nolightbox essb-s-bg-twitter essb-s-c-light essb-s-ch-light essb-s-bgh-dark essb-s-bg-network\" ><span class=\"essb_icon essb_icon_twitter_x\"><svg class=\"essb-svg-icon essb-svg-icon-twitter_x\" aria-hidden=\"true\" role=\"img\" focusable=\"false\" viewBox=\"0 0 24 24\"><path d=\"M18.244 2.25h3.308l-7.227 8.26 8.502 11.24H16.17l-5.214-6.817L4.99 21.75H1.68l7.73-8.835L1.254 2.25H8.08l4.713 6.231zm-1.161 17.52h1.833L7.084 4.126H5.117z\"><\/path><\/svg><\/span><span class=\"essb_network_name\">Twitter<\/span><\/a><\/li><li class=\"essb_item essb_link_whatsapp nolightbox essb_link_svg_icon\"> <a href=\"whatsapp:\/\/send?text=It\u00e0lia%20planeja%20prohibir%20el%20burka%2C%20les%20proves%20de%20virginitat%2C%20els%20matrimonis%20for\u00e7ats%20i%20el%20finan\u00e7ament%20opac%20de%20les%20mesquites%20https%3A%2F%2Fpercepcions.cat%2Fes%2Fitalia-planea-prohibir-el-burka-las-pruebas-de-virginidad-los-matrimonios-forcados-y-la-financiacion-opaca-de-las-mezquitas%2F\" title=\"Share on WhatsApp\" onclick=\"essb.whatsapp('It\u00e0lia%20planeja%20prohibir%20el%20burka%2C%20les%20proves%20de%20virginitat%2C%20els%20matrimonis%20for\u00e7ats%20i%20el%20finan\u00e7ament%20opac%20de%20les%20mesquites%20https%3A%2F%2Fpercepcions.cat%2Fes%2Fitalia-planea-prohibir-el-burka-las-pruebas-de-virginidad-los-matrimonios-forcados-y-la-financiacion-opaca-de-las-mezquitas%2F', '1982607380'); return false;\" target=\"_blank\" rel=\"noreferrer noopener nofollow\" class=\"nolightbox essb-s-bg-whatsapp essb-s-c-light essb-s-ch-light essb-s-bgh-dark essb-s-bg-network\" ><span class=\"essb_icon essb_icon_whatsapp\"><svg class=\"essb-svg-icon essb-svg-icon-whatsapp\" aria-hidden=\"true\" role=\"img\" focusable=\"false\" width=\"32\" height=\"32\" viewBox=\"0 0 32 32\" xmlns=\"http:\/\/www.w3.org\/2000\/svg\"><path d=\"M27.313 4.625c-3-3-7-4.625-11.25-4.625-8.75 0-15.875 7.125-15.875 15.875 0 2.75 0.75 5.5 2.125 7.938l-2.25 8.188 8.438-2.188c2.313 1.25 4.875 1.938 7.563 1.938v0c0 0 0 0 0 0 8.75 0 15.875-7.125 15.875-15.875 0-4.25-1.625-8.25-4.625-11.25zM16.063 29.063v0c-2.375 0-4.688-0.625-6.688-1.875l-0.5-0.25-5 1.313 1.313-4.875-0.313-0.5c-1.313-2.125-2-4.5-2-7 0-7.313 5.938-13.188 13.188-13.188 3.5 0 6.813 1.375 9.313 3.875s3.875 5.813 3.875 9.313c0 7.25-5.938 13.188-13.188 13.188zM23.313 19.188c-0.438-0.188-2.375-1.188-2.75-1.313-0.313-0.125-0.625-0.188-0.875 0.188-0.25 0.438-1 1.313-1.25 1.563s-0.438 0.313-0.875 0.125c-0.375-0.188-1.625-0.625-3.188-2-1.125-1-1.938-2.313-2.188-2.75-0.25-0.375 0-0.563 0.188-0.813 0.188-0.125 0.375-0.438 0.563-0.688 0.25-0.188 0.313-0.375 0.438-0.625s0.063-0.5-0.063-0.688c-0.063-0.188-0.875-2.188-1.188-2.938-0.375-0.813-0.688-0.688-0.938-0.688-0.188 0-0.5 0-0.75 0s-0.688 0.063-1.063 0.438c-0.375 0.438-1.375 1.375-1.375 3.313 0 2 1.438 3.875 1.625 4.125s2.813 4.25 6.75 6c0.938 0.375 1.688 0.625 2.25 0.813 1 0.313 1.813 0.25 2.5 0.188 0.813-0.125 2.375-1 2.688-1.938 0.375-0.875 0.375-1.688 0.25-1.875-0.125-0.125-0.375-0.25-0.75-0.438z\"><\/path><\/svg><\/span><span class=\"essb_network_name\">WhatsApp<\/span><\/a><\/li><li class=\"essb_item essb_link_meneame nolightbox essb_link_svg_icon\"> <a href=\"http:\/\/www.meneame.net\/submit.php?url=https%3A%2F%2Fpercepcions.cat%2Fes%2Fitalia-planea-prohibir-el-burka-las-pruebas-de-virginidad-los-matrimonios-forcados-y-la-financiacion-opaca-de-las-mezquitas%2F\" title=\"Share on Meneame\" onclick=\"essb.window(&#39;http:\/\/www.meneame.net\/submit.php?url=https%3A%2F%2Fpercepcions.cat%2Fes%2Fitalia-planea-prohibir-el-burka-las-pruebas-de-virginidad-los-matrimonios-forcados-y-la-financiacion-opaca-de-las-mezquitas%2F&#39;,&#39;meneame&#39;,&#39;1982607380&#39;); return false;\" target=\"_blank\" rel=\"noreferrer noopener nofollow\" class=\"nolightbox essb-s-bg-meneame essb-s-c-light essb-s-ch-light essb-s-bgh-dark essb-s-bg-network\" ><span class=\"essb_icon essb_icon_meneame\"><svg class=\"essb-svg-icon essb-svg-icon-meneame\" aria-hidden=\"true\" role=\"img\" focusable=\"false\" xmlns=\"http:\/\/www.w3.org\/2000\/svg\" width=\"32\" height=\"32\" viewBox=\"0 0 97.75 97.75\"><path d=\"M48.875,0C21.882,0,0,21.883,0,48.875S21.882,97.75,48.875,97.75S97.75,75.867,97.75,48.875S75.868,0,48.875,0z M33.509,22.451C36.467,20,39.98,18.812,43.711,18.15c5.854-1.037,11.391,0.1,16.748,2.418c2.752,1.189,5.409,2.598,8.252,3.58c0.626,0.219,1.26,0.414,1.921,0.508c1.19,0.166,2.166-0.236,2.949-1.123c1.024-1.156,1.386-2.549,1.384-4.064c0.287-0.018,0.348,0.209,0.439,0.379c0.873,1.605,0.625,4.217-0.562,5.578c-1.24,1.424-2.892,1.678-4.646,1.475c-1.991-0.23-3.887-0.813-5.703-1.678c-3.415-1.629-6.879-3.131-10.59-3.971c-4.645-1.051-9.253-0.867-13.762,0.631c-6.564,2.18-10.016,8.703-8.229,15.398c1.031,3.863,3.204,6.906,6.598,9.057c1.469,0.932,3.088,1.223,4.795,1.201c1.729-0.025,3.413-0.361,5.101-0.682c0.291-0.055,0.576-0.127,1.029,0.008c-1.473,0.914-2.945,1.432-4.498,1.758c-2.274,0.479-4.557,0.479-6.829,0.041c-1.963-0.375-3.574-1.436-4.874-2.912c-2.574-2.928-4.43-6.234-4.979-10.156C27.502,30.221,29.386,25.867,33.509,22.451z M51.924,79.834c-3.04,0.246-6.084,0.385-9.135,0.43c-4.29,0.064-8.596,0.094-12.827-0.619c-6.876-1.158-12.204-4.58-14.791-11.334c-1.387-3.625-1.212-7.399-0.096-11.08c1.675-5.521,4.209-10.587,8.335-14.733c1.068-1.074,2.271-1.998,3.45-2.947c0.115-0.092,0.223-0.236,0.457-0.16c-0.054,0.35-0.252,0.617-0.442,0.889c-3.206,4.574-5.952,9.396-8.023,14.598c-1.442,3.623-1.788,7.324-0.836,11.109c1.18,4.686,4.299,7.578,8.695,9.279c3.188,1.231,6.512,1.823,9.883,2.223c4.687,0.553,9.39,0.924,14.085,1.379c0.451,0.043,0.898,0.168,1.34,0.287c0.213,0.057,0.485,0.145,0.457,0.432C52.441,79.916,52.132,79.816,51.924,79.834z M54.23,79.592c-0.146,0.199-0.308,0.451-0.604,0.348c-0.265-0.092-0.229-0.371-0.239-0.594c-0.07-1.59,0.188-3.154,0.334-4.729c0.211-2.256,0.59-4.5,0.381-6.785c-0.065-0.723-0.396-1.162-1.039-1.469c-1.896-0.91-3.929-1.205-5.984-1.406c-2.513-0.244-5.038-0.221-7.555-0.373c-0.159-0.008-0.314-0.041-0.472-0.062c4.862-0.799,9.715-1.236,14.604-0.65c2.328,0.279,2.771,0.756,2.826,3.105c0.088,3.719-0.434,7.362-1.486,10.93C54.816,78.5,54.6,79.084,54.23,79.592z M79.469,33.182c-1.754,1.672-3.908,2.707-6.031,3.787c-1.92,0.975-3.898,1.838-5.707,3.023c-1.969,1.289-3.603,2.861-4.146,5.262c-0.44,1.953-0.083,3.885,0.312,5.795c0.863,4.203,2.564,8.117,4.246,12.033c0.869,2.021,1.795,4.02,2.486,6.109c1.115,3.369,0.186,5.967-2.814,7.858c-2.156,1.359-4.572,1.955-7.053,2.351c-1.451,0.229-2.918,0.301-4.421,0.397c-0.313-0.104-0.901,0.246-0.997-0.192c-0.092-0.431,0.522-0.57,0.881-0.722c2.176-0.905,4.371-1.771,6.551-2.674c1.354-0.563,2.678-1.199,3.896-2.028c0.418-0.285,0.804-0.611,1.142-0.988c0.539-0.601,0.668-1.234,0.354-2.021c-1.655-4.148-3.506-8.223-4.957-12.451c-1.17-3.412-2.101-6.869-2.347-10.498c-0.29-4.279,1.191-7.606,4.885-9.897c1.74-1.08,3.611-1.887,5.482-2.695c2.313-1,4.604-2.025,6.633-3.576c3.037-2.316,4.035-5.424,3.775-9.09c-0.117-1.65-0.393-3.27-0.77-4.877c-0.044-0.184-0.292-0.451,0.035-0.594c0.297-0.127,0.453,0.102,0.582,0.336c0.988,1.799,1.762,3.662,2.005,5.729C83.957,27.529,82.217,30.559,79.469,33.182z\" \/><\/svg><\/span><span class=\"essb_network_name\">Meneame<\/span><\/a><\/li><li class=\"essb_item essb_link_telegram nolightbox essb_link_svg_icon\"> <a href=\"tg:\/\/msg?text=It\u00e0lia%20planeja%20prohibir%20el%20burka%2C%20les%20proves%20de%20virginitat%2C%20els%20matrimonis%20for\u00e7ats%20i%20el%20finan\u00e7ament%20opac%20de%20les%20mesquites%20https%3A%2F%2Fpercepcions.cat%2Fes%2Fitalia-planea-prohibir-el-burka-las-pruebas-de-virginidad-los-matrimonios-forcados-y-la-financiacion-opaca-de-las-mezquitas%2F\" title=\"Share on Telegram\" onclick=\"essb.tracking_only('', 'telegram', '1982607380', true);\" target=\"_blank\" rel=\"noreferrer noopener nofollow\" class=\"nolightbox essb-s-bg-telegram essb-s-c-light essb-s-ch-light essb-s-bgh-dark essb-s-bg-network\" ><span class=\"essb_icon essb_icon_telegram\"><svg class=\"essb-svg-icon essb-svg-icon-telegram\" aria-hidden=\"true\" role=\"img\" focusable=\"false\" width=\"28\" height=\"32\" viewBox=\"0 0 28 32\" xmlns=\"http:\/\/www.w3.org\/2000\/svg\"><path d=\"M27.919 6.162l-4.225 19.925c-0.319 1.406-1.15 1.756-2.331 1.094l-6.438-4.744-3.106 2.988c-0.344 0.344-0.631 0.631-1.294 0.631l0.463-6.556 11.931-10.781c0.519-0.463-0.113-0.719-0.806-0.256l-14.75 9.287-6.35-1.988c-1.381-0.431-1.406-1.381 0.288-2.044l24.837-9.569c1.15-0.431 2.156 0.256 1.781 2.013z\"><\/path><\/svg><\/span><span class=\"essb_network_name\">Telegram<\/span><\/a><\/li><\/ul><\/div>\n\n\n<style type=\"text\/css\"><\/style><div class=\"essb_links essb_displayed_shortcode essb_share essb_template_default4-retina essb_template_glow-retina essb_910589521 essb_size_m essb_links_center essb_tablet_hidden essb_desktop_hidden print-no\" id=\"essb_displayed_shortcode_910589521\" data-essb-postid=\"10593\" data-essb-position=\"shortcode\" data-essb-button-style=\"icon\" data-essb-template=\"default4-retina essb_template_glow-retina\" data-essb-counter-pos=\"hidden\" data-essb-url=\"https:\/\/percepcions.cat\/es\/italia-planea-prohibir-el-burka-las-pruebas-de-virginidad-los-matrimonios-forcados-y-la-financiacion-opaca-de-las-mezquitas\/\" data-essb-fullurl=\"https:\/\/percepcions.cat\/es\/italia-planea-prohibir-el-burka-las-pruebas-de-virginidad-los-matrimonios-forcados-y-la-financiacion-opaca-de-las-mezquitas\/\" data-essb-instance=\"910589521\"><ul class=\"essb_links_list essb_force_hide_name essb_force_hide\"><li class=\"essb_item essb_link_twitter nolightbox essb_link_twitter_x essb_link_svg_icon\"> <a href=\"https:\/\/x.com\/intent\/post?text=&amp;url=https%3A%2F%2Fpercepcions.cat%2Fes%2Fitalia-planea-prohibir-el-burka-las-pruebas-de-virginidad-los-matrimonios-forcados-y-la-financiacion-opaca-de-las-mezquitas%2F\" title=\"Share on Twitter\" onclick=\"essb.window(&#39;https:\/\/x.com\/intent\/post?text=&amp;url=https%3A%2F%2Fpercepcions.cat%2Fes%2Fitalia-planea-prohibir-el-burka-las-pruebas-de-virginidad-los-matrimonios-forcados-y-la-financiacion-opaca-de-las-mezquitas%2F&#39;,&#39;twitter&#39;,&#39;910589521&#39;); return false;\" target=\"_blank\" rel=\"noreferrer noopener nofollow\" class=\"nolightbox essb-s-bg-twitter essb-s-c-light essb-s-ch-light essb-s-bgh-dark essb-s-bg-network\" ><span class=\"essb_icon essb_icon_twitter_x\"><svg class=\"essb-svg-icon essb-svg-icon-twitter_x\" aria-hidden=\"true\" role=\"img\" focusable=\"false\" viewBox=\"0 0 24 24\"><path d=\"M18.244 2.25h3.308l-7.227 8.26 8.502 11.24H16.17l-5.214-6.817L4.99 21.75H1.68l7.73-8.835L1.254 2.25H8.08l4.713 6.231zm-1.161 17.52h1.833L7.084 4.126H5.117z\"><\/path><\/svg><\/span><span class=\"essb_network_name essb_noname\"><\/span><\/a><\/li><li class=\"essb_item essb_link_whatsapp nolightbox essb_link_svg_icon\"> <a href=\"whatsapp:\/\/send?text=It\u00e0lia%20planeja%20prohibir%20el%20burka%2C%20les%20proves%20de%20virginitat%2C%20els%20matrimonis%20for\u00e7ats%20i%20el%20finan\u00e7ament%20opac%20de%20les%20mesquites%20https%3A%2F%2Fpercepcions.cat%2Fes%2Fitalia-planea-prohibir-el-burka-las-pruebas-de-virginidad-los-matrimonios-forcados-y-la-financiacion-opaca-de-las-mezquitas%2F\" title=\"Share on WhatsApp\" onclick=\"essb.whatsapp('It\u00e0lia%20planeja%20prohibir%20el%20burka%2C%20les%20proves%20de%20virginitat%2C%20els%20matrimonis%20for\u00e7ats%20i%20el%20finan\u00e7ament%20opac%20de%20les%20mesquites%20https%3A%2F%2Fpercepcions.cat%2Fes%2Fitalia-planea-prohibir-el-burka-las-pruebas-de-virginidad-los-matrimonios-forcados-y-la-financiacion-opaca-de-las-mezquitas%2F', '910589521'); return false;\" target=\"_blank\" rel=\"noreferrer noopener nofollow\" class=\"nolightbox essb-s-bg-whatsapp essb-s-c-light essb-s-ch-light essb-s-bgh-dark essb-s-bg-network\" ><span class=\"essb_icon essb_icon_whatsapp\"><svg class=\"essb-svg-icon essb-svg-icon-whatsapp\" aria-hidden=\"true\" role=\"img\" focusable=\"false\" width=\"32\" height=\"32\" viewBox=\"0 0 32 32\" xmlns=\"http:\/\/www.w3.org\/2000\/svg\"><path d=\"M27.313 4.625c-3-3-7-4.625-11.25-4.625-8.75 0-15.875 7.125-15.875 15.875 0 2.75 0.75 5.5 2.125 7.938l-2.25 8.188 8.438-2.188c2.313 1.25 4.875 1.938 7.563 1.938v0c0 0 0 0 0 0 8.75 0 15.875-7.125 15.875-15.875 0-4.25-1.625-8.25-4.625-11.25zM16.063 29.063v0c-2.375 0-4.688-0.625-6.688-1.875l-0.5-0.25-5 1.313 1.313-4.875-0.313-0.5c-1.313-2.125-2-4.5-2-7 0-7.313 5.938-13.188 13.188-13.188 3.5 0 6.813 1.375 9.313 3.875s3.875 5.813 3.875 9.313c0 7.25-5.938 13.188-13.188 13.188zM23.313 19.188c-0.438-0.188-2.375-1.188-2.75-1.313-0.313-0.125-0.625-0.188-0.875 0.188-0.25 0.438-1 1.313-1.25 1.563s-0.438 0.313-0.875 0.125c-0.375-0.188-1.625-0.625-3.188-2-1.125-1-1.938-2.313-2.188-2.75-0.25-0.375 0-0.563 0.188-0.813 0.188-0.125 0.375-0.438 0.563-0.688 0.25-0.188 0.313-0.375 0.438-0.625s0.063-0.5-0.063-0.688c-0.063-0.188-0.875-2.188-1.188-2.938-0.375-0.813-0.688-0.688-0.938-0.688-0.188 0-0.5 0-0.75 0s-0.688 0.063-1.063 0.438c-0.375 0.438-1.375 1.375-1.375 3.313 0 2 1.438 3.875 1.625 4.125s2.813 4.25 6.75 6c0.938 0.375 1.688 0.625 2.25 0.813 1 0.313 1.813 0.25 2.5 0.188 0.813-0.125 2.375-1 2.688-1.938 0.375-0.875 0.375-1.688 0.25-1.875-0.125-0.125-0.375-0.25-0.75-0.438z\"><\/path><\/svg><\/span><span class=\"essb_network_name essb_noname\"><\/span><\/a><\/li><li class=\"essb_item essb_link_meneame nolightbox essb_link_svg_icon\"> <a href=\"http:\/\/www.meneame.net\/submit.php?url=https%3A%2F%2Fpercepcions.cat%2Fes%2Fitalia-planea-prohibir-el-burka-las-pruebas-de-virginidad-los-matrimonios-forcados-y-la-financiacion-opaca-de-las-mezquitas%2F\" title=\"Share on Meneame\" onclick=\"essb.window(&#39;http:\/\/www.meneame.net\/submit.php?url=https%3A%2F%2Fpercepcions.cat%2Fes%2Fitalia-planea-prohibir-el-burka-las-pruebas-de-virginidad-los-matrimonios-forcados-y-la-financiacion-opaca-de-las-mezquitas%2F&#39;,&#39;meneame&#39;,&#39;910589521&#39;); return false;\" target=\"_blank\" rel=\"noreferrer noopener nofollow\" class=\"nolightbox essb-s-bg-meneame essb-s-c-light essb-s-ch-light essb-s-bgh-dark essb-s-bg-network\" ><span class=\"essb_icon essb_icon_meneame\"><svg class=\"essb-svg-icon essb-svg-icon-meneame\" aria-hidden=\"true\" role=\"img\" focusable=\"false\" xmlns=\"http:\/\/www.w3.org\/2000\/svg\" width=\"32\" height=\"32\" viewBox=\"0 0 97.75 97.75\"><path d=\"M48.875,0C21.882,0,0,21.883,0,48.875S21.882,97.75,48.875,97.75S97.75,75.867,97.75,48.875S75.868,0,48.875,0z M33.509,22.451C36.467,20,39.98,18.812,43.711,18.15c5.854-1.037,11.391,0.1,16.748,2.418c2.752,1.189,5.409,2.598,8.252,3.58c0.626,0.219,1.26,0.414,1.921,0.508c1.19,0.166,2.166-0.236,2.949-1.123c1.024-1.156,1.386-2.549,1.384-4.064c0.287-0.018,0.348,0.209,0.439,0.379c0.873,1.605,0.625,4.217-0.562,5.578c-1.24,1.424-2.892,1.678-4.646,1.475c-1.991-0.23-3.887-0.813-5.703-1.678c-3.415-1.629-6.879-3.131-10.59-3.971c-4.645-1.051-9.253-0.867-13.762,0.631c-6.564,2.18-10.016,8.703-8.229,15.398c1.031,3.863,3.204,6.906,6.598,9.057c1.469,0.932,3.088,1.223,4.795,1.201c1.729-0.025,3.413-0.361,5.101-0.682c0.291-0.055,0.576-0.127,1.029,0.008c-1.473,0.914-2.945,1.432-4.498,1.758c-2.274,0.479-4.557,0.479-6.829,0.041c-1.963-0.375-3.574-1.436-4.874-2.912c-2.574-2.928-4.43-6.234-4.979-10.156C27.502,30.221,29.386,25.867,33.509,22.451z M51.924,79.834c-3.04,0.246-6.084,0.385-9.135,0.43c-4.29,0.064-8.596,0.094-12.827-0.619c-6.876-1.158-12.204-4.58-14.791-11.334c-1.387-3.625-1.212-7.399-0.096-11.08c1.675-5.521,4.209-10.587,8.335-14.733c1.068-1.074,2.271-1.998,3.45-2.947c0.115-0.092,0.223-0.236,0.457-0.16c-0.054,0.35-0.252,0.617-0.442,0.889c-3.206,4.574-5.952,9.396-8.023,14.598c-1.442,3.623-1.788,7.324-0.836,11.109c1.18,4.686,4.299,7.578,8.695,9.279c3.188,1.231,6.512,1.823,9.883,2.223c4.687,0.553,9.39,0.924,14.085,1.379c0.451,0.043,0.898,0.168,1.34,0.287c0.213,0.057,0.485,0.145,0.457,0.432C52.441,79.916,52.132,79.816,51.924,79.834z M54.23,79.592c-0.146,0.199-0.308,0.451-0.604,0.348c-0.265-0.092-0.229-0.371-0.239-0.594c-0.07-1.59,0.188-3.154,0.334-4.729c0.211-2.256,0.59-4.5,0.381-6.785c-0.065-0.723-0.396-1.162-1.039-1.469c-1.896-0.91-3.929-1.205-5.984-1.406c-2.513-0.244-5.038-0.221-7.555-0.373c-0.159-0.008-0.314-0.041-0.472-0.062c4.862-0.799,9.715-1.236,14.604-0.65c2.328,0.279,2.771,0.756,2.826,3.105c0.088,3.719-0.434,7.362-1.486,10.93C54.816,78.5,54.6,79.084,54.23,79.592z M79.469,33.182c-1.754,1.672-3.908,2.707-6.031,3.787c-1.92,0.975-3.898,1.838-5.707,3.023c-1.969,1.289-3.603,2.861-4.146,5.262c-0.44,1.953-0.083,3.885,0.312,5.795c0.863,4.203,2.564,8.117,4.246,12.033c0.869,2.021,1.795,4.02,2.486,6.109c1.115,3.369,0.186,5.967-2.814,7.858c-2.156,1.359-4.572,1.955-7.053,2.351c-1.451,0.229-2.918,0.301-4.421,0.397c-0.313-0.104-0.901,0.246-0.997-0.192c-0.092-0.431,0.522-0.57,0.881-0.722c2.176-0.905,4.371-1.771,6.551-2.674c1.354-0.563,2.678-1.199,3.896-2.028c0.418-0.285,0.804-0.611,1.142-0.988c0.539-0.601,0.668-1.234,0.354-2.021c-1.655-4.148-3.506-8.223-4.957-12.451c-1.17-3.412-2.101-6.869-2.347-10.498c-0.29-4.279,1.191-7.606,4.885-9.897c1.74-1.08,3.611-1.887,5.482-2.695c2.313-1,4.604-2.025,6.633-3.576c3.037-2.316,4.035-5.424,3.775-9.09c-0.117-1.65-0.393-3.27-0.77-4.877c-0.044-0.184-0.292-0.451,0.035-0.594c0.297-0.127,0.453,0.102,0.582,0.336c0.988,1.799,1.762,3.662,2.005,5.729C83.957,27.529,82.217,30.559,79.469,33.182z\" \/><\/svg><\/span><span class=\"essb_network_name essb_noname\"><\/span><\/a><\/li><li class=\"essb_item essb_link_telegram nolightbox essb_link_svg_icon\"> <a href=\"tg:\/\/msg?text=It\u00e0lia%20planeja%20prohibir%20el%20burka%2C%20les%20proves%20de%20virginitat%2C%20els%20matrimonis%20for\u00e7ats%20i%20el%20finan\u00e7ament%20opac%20de%20les%20mesquites%20https%3A%2F%2Fpercepcions.cat%2Fes%2Fitalia-planea-prohibir-el-burka-las-pruebas-de-virginidad-los-matrimonios-forcados-y-la-financiacion-opaca-de-las-mezquitas%2F\" title=\"Share on Telegram\" onclick=\"essb.tracking_only('', 'telegram', '910589521', true);\" target=\"_blank\" rel=\"noreferrer noopener nofollow\" class=\"nolightbox essb-s-bg-telegram essb-s-c-light essb-s-ch-light essb-s-bgh-dark essb-s-bg-network\" ><span class=\"essb_icon essb_icon_telegram\"><svg class=\"essb-svg-icon essb-svg-icon-telegram\" aria-hidden=\"true\" role=\"img\" focusable=\"false\" width=\"28\" height=\"32\" viewBox=\"0 0 28 32\" xmlns=\"http:\/\/www.w3.org\/2000\/svg\"><path d=\"M27.919 6.162l-4.225 19.925c-0.319 1.406-1.15 1.756-2.331 1.094l-6.438-4.744-3.106 2.988c-0.344 0.344-0.631 0.631-1.294 0.631l0.463-6.556 11.931-10.781c0.519-0.463-0.113-0.719-0.806-0.256l-14.75 9.287-6.35-1.988c-1.381-0.431-1.406-1.381 0.288-2.044l24.837-9.569c1.15-0.431 2.156 0.256 1.781 2.013z\"><\/path><\/svg><\/span><span class=\"essb_network_name essb_noname\"><\/span><\/a><\/li><\/ul><\/div>\n<\/div>\n<\/div><\/div>\n\n\n\n<div class=\"wp-block-uagb-container uagb-block-09d8541d alignfull uagb-is-root-container\"><div class=\"uagb-container-inner-blocks-wrap\">\n<div class=\"wp-block-uagb-advanced-heading uagb-block-ba4d1a97\"><p class=\"uagb-heading-text\">El govern itali\u00e0 ha presentat un projecte de llei amb l\u2019objectiu d\u2019<strong>evitar la formaci\u00f3 de societats paral\u00b7leles<\/strong> i garantir que totes les comunitats religioses actu\u00efn dins del marc legal de l\u2019Estat. La iniciativa s\u2019inscriu en un discurs de cohesi\u00f3 social i defensa de la seguretat ciutadana.<\/p><\/div>\n\n\n\n<div class=\"wp-block-uagb-advanced-heading uagb-block-5840a9a3\"><p class=\"uagb-heading-text\">La idea de <strong>Giorgia Meloni<\/strong> \u00e9s <strong>posar l\u00edmits concrets a determinades pr\u00e0ctiques que, sota el paraigua de la tradici\u00f3 cultural o religiosa<\/strong>, poden acabar generant discriminaci\u00f3 o fins i tot riscos per a la seguretat nacional. La llei t\u00e9 quatre eixos principals: prohibici\u00f3 de vels facials i proves de virginitat, m\u00e0 dura contra els matrimonis for\u00e7ats i prohibir el finan\u00e7ament opac de les mesquites.<br><a href=\"https:\/\/alkompis.se\/sv\/bekraftat-jamal-el-hajj-och-100-personer-vill-starta-nytt-parti?utm_source=chatgpt.com\" target=\"_blank\" rel=\"noreferrer noopener nofollow\"><\/a><\/p><\/div>\n\n\n\n<div class=\"wp-block-uagb-advanced-heading uagb-block-c905fc0e\"><h2 class=\"uagb-heading-text\">Prohibici\u00f3 del burka i el niqab a l&#8217;espai p\u00fablic<\/h2><\/div>\n\n\n\n<div class=\"wp-block-uagb-advanced-heading uagb-block-7b978078\"><p class=\"uagb-heading-text\">El text proposa <strong>prohibir el vel integral<\/strong> (burka i niqab) en espais p\u00fablics com escoles, universitats, botigues o edificis oficials. L\u2019objectiu \u00e9s doble: <strong>evitar riscos de seguretat<\/strong> i <strong>promoure la visibilitat, llibertat i dignitat de les dones<\/strong>. Amb aquesta prohibici\u00f3 s&#8217;acabaria amb s<a href=\"https:\/\/percepcions.cat\/identificacio-diaria-per-portar-el-niqab-institut-de-monfalcone-italia\/\">ituacions com la de l&#8217;insitutut de Montfalcone on cada dia han d&#8217;identificar noies amb niqab<\/a> per saber qui son. <br><a href=\"https:\/\/alkompis.se\/sv\/bekraftat-jamal-el-hajj-och-100-personer-vill-starta-nytt-parti?utm_source=chatgpt.com\" target=\"_blank\" rel=\"noreferrer noopener nofollow\"><\/a><\/p><\/div>\n\n\n\n<div class=\"wp-block-uagb-advanced-heading uagb-block-4c62279b\"><p class=\"uagb-heading-text\">La mesura <strong>no afecta el hijab<\/strong>, que nom\u00e9s cobreix el cabell. Les sancions previstes oscil\u00b7larien entre <strong>300 i 3.000 euros<\/strong> per a les infractores. <br><a href=\"https:\/\/alkompis.se\/sv\/bekraftat-jamal-el-hajj-och-100-personer-vill-starta-nytt-parti?utm_source=chatgpt.com\" target=\"_blank\" rel=\"noreferrer noopener nofollow\"><\/a><\/p><\/div>\n\n\n\n<div class=\"wp-block-uagb-advanced-heading uagb-block-f1c15b09\"><h2 class=\"uagb-heading-text\">Matrimonis for\u00e7ats i proves de virginitat<\/h2><\/div>\n\n\n\n<div class=\"wp-block-uagb-advanced-heading uagb-block-cd25b825\"><p class=\"uagb-heading-text\">El text refor\u00e7a les lleis que castiguen els matrimonis for\u00e7ats i <strong>introdueix la coacci\u00f3 religiosa com a circumst\u00e0ncia agreujant<\/strong>. Tamb\u00e9 es proposa <strong>criminalitzar les proves de virginitat<\/strong>, que quedarien prohibides i castigades amb pres\u00f3.<\/p><\/div>\n\n\n\n<div class=\"wp-block-uagb-advanced-heading uagb-block-7986f3c6\"><p class=\"uagb-heading-text\">Els govern afirma que aquestes pr\u00e0ctiques atempten contra la dignitat de la persona i constitueixen actes culturals d\u2019imposici\u00f3. <a href=\"https:\/\/www.ft.com\/content\/d9a0f6f5-d882-48b4-92af-9cf7a20ae1a0?utm_source=chatgpt.com\" target=\"_blank\" rel=\"noreferrer noopener nofollow\"><\/a><\/p><\/div>\n\n\n\n<div class=\"wp-block-uagb-advanced-heading uagb-block-dfcecd66\"><h2 class=\"uagb-heading-text\">Control del finan\u00e7ament religi\u00f3s<\/h2><\/div>\n\n\n\n<div class=\"wp-block-uagb-advanced-heading uagb-block-447023ff\"><p class=\"uagb-heading-text\">El projecte estableix noves regles per a les <strong>organitzacions religioses no reconegudes oficialment<\/strong>, com moltes mesquites. Aquestes hauran de <strong>fer p\u00fabliques les seves fonts de finan\u00e7ament<\/strong> i no podran rebre diners de pa\u00efsos o entitats que el govern consideri una amena\u00e7a per a la seguretat nacional.<\/p><\/div>\n\n\n\n<div class=\"wp-block-uagb-advanced-heading uagb-block-8e3afe1c\"><p class=\"uagb-heading-text\">L\u2019Executiu argumenta que aquestes mesures s\u00f3n necess\u00e0ries per evitar la influ\u00e8ncia de corrents <strong>radicals o extremistes<\/strong> a trav\u00e9s del finan\u00e7ament extern.<\/p><\/div>\n\n\n\n<div class=\"wp-block-uagb-advanced-heading uagb-block-43b18b92\"><h2 class=\"uagb-heading-text\">Queixes dels l\u00edders musulmans<\/h2><\/div>\n\n\n\n<div class=\"wp-block-uagb-advanced-heading uagb-block-c921616d\"><p class=\"uagb-heading-text\">Diversos l\u00edders musulmans i organitzacions de drets humans han criticat amb duresa el projecte de llei presentat pel govern de Giorgia Meloni. Segons aquestes veus, les mesures contra el burka i el niqab, <strong>la penalitzaci\u00f3 dels matrimonis for\u00e7ats o la prohibici\u00f3 de les proves de virginitat podrien generar estigmatitzaci\u00f3 i limitar la llibertat religiosa<\/strong>. mb\u00e9 denuncien que el control sobre el finan\u00e7ament de mesquites representa una inger\u00e8ncia en l\u2019autonomia de les comunitats isl\u00e0miques i alerten que la norma podria acabar sent discriminat\u00f2ria.<\/p><\/div>\n\n\n\n<div class=\"wp-block-uagb-container uagb-block-d7a40ae3\">\n<div class=\"wp-block-uagb-separator uagb-block-62e0be67\"><div class=\"uagb-separator-spacing-wrapper\"><div class=\"wp-block-uagb-separator__inner\" style=\"--my-background-image:\"><\/div><\/div><\/div>\n\n\n\n<div class=\"wp-block-uagb-advanced-heading uagb-block-2845545d\"><p class=\"uagb-heading-text\">M\u00e9s sobre els vels<\/p><\/div>\n\n\n<div class=\"pt-cv-wrapper\"><div class=\"pt-cv-view pt-cv-onebig iscvblock iscvhybrid above-others onebig1 layout1 pt-cv-pgloadmore\" id=\"pt-cv-view-ebe7a25cs9\"><div data-id=\"pt-cv-page-1\" class=\"pt-cv-page\" data-cvc=\"1\"><div class=\" pt-cv-content-item pt-cv-2-col cv-main-post\"  data-pid=\"13384\"><div class=\"pt-cv-thumb-wrapper  \"><a href=\"https:\/\/percepcions.cat\/es\/el-psc-de-lleida-hace-creer-que-quiere-prohibir-el-burka-y-el-niqab\/\" class=\"_self pt-cv-href-thumbnail pt-cv-thumb-default cvplbd cvp-lazy-container\" target=\"_self\"><img loading=\"lazy\" decoding=\"async\" width=\"300\" height=\"200\" src=\"https:\/\/percepcions.cat\/wp-content\/plugins\/pt-content-views-pro\/public\/assets\/images\/lazy_image.png\" class=\"pt-cv-thumbnail img-none skip-lazy  cvplazy\" alt=\"El PSC de Lleida prohibeix el burca i el niqab amb una normativa que no els prohibeix\" data-cvpsrc=\"https:\/\/percepcions.cat\/wp-content\/uploads\/2026\/04\/El-PSC-de-Lleida-diu-que-vol-prohibir-el-burka-i-el-niqab-amb-lexcepcio-dels-drets-fonamentals-300x200.jpg\" data-cvpset=\"https:\/\/percepcions.cat\/wp-content\/uploads\/2026\/04\/El-PSC-de-Lleida-diu-que-vol-prohibir-el-burka-i-el-niqab-amb-lexcepcio-dels-drets-fonamentals-300x200.jpg 300w, https:\/\/percepcions.cat\/wp-content\/uploads\/2026\/04\/El-PSC-de-Lleida-diu-que-vol-prohibir-el-burka-i-el-niqab-amb-lexcepcio-dels-drets-fonamentals-1024x683.jpg 1024w, https:\/\/percepcions.cat\/wp-content\/uploads\/2026\/04\/El-PSC-de-Lleida-diu-que-vol-prohibir-el-burka-i-el-niqab-amb-lexcepcio-dels-drets-fonamentals-768x512.jpg 768w, https:\/\/percepcions.cat\/wp-content\/uploads\/2026\/04\/El-PSC-de-Lleida-diu-que-vol-prohibir-el-burka-i-el-niqab-amb-lexcepcio-dels-drets-fonamentals-18x12.jpg 18w, https:\/\/percepcions.cat\/wp-content\/uploads\/2026\/04\/El-PSC-de-Lleida-diu-que-vol-prohibir-el-burka-i-el-niqab-amb-lexcepcio-dels-drets-fonamentals.jpg 1200w\" title=\"\"><\/a><\/div>\n<h2 class=\"pt-cv-title\"><a href=\"https:\/\/percepcions.cat\/es\/el-psc-de-lleida-hace-creer-que-quiere-prohibir-el-burka-y-el-niqab\/\" class=\"_self cvplbd\" target=\"_self\">El PSC de Lleida prohibeix el burca i el niqab amb una normativa que no els prohibeix<\/a><\/h2>\n<div class=\"pt-cv-taxoterm below_title\"><a href=\"https:\/\/percepcions.cat\/es\/tag\/catalunya\/\" title=\"Catalunya\" class=\"pt-cv-tax-catalunya\">Catalunya<\/a><a href=\"https:\/\/percepcions.cat\/es\/tag\/velo-burka\/\" title=\"Vel-Burka\" class=\"pt-cv-tax-vel-burka\">Vel-Burka<\/a><\/div>\n<div class=\"pt-cv-meta-fields\"><span class=\"entry-date\"> <time datetime=\"2026-04-23T16:10:50+02:00\">23 de abril de 2026<\/time><\/span><\/div>\n<div class=\"pt-cv-content\">La proposta d&#8217;ordenan\u00e7a de civisme de Lleida prohibeix &#8220;tapar-se la cara&#8221; excepte en llocs de culte, all\u00e0 &#8220;on \u00e9s habitual&#8221; i quan &#8220;s&#8217;exerceix un dret fonamental&#8221;. Ni cita el burka ni el niqab .<\/div><\/div>\n<div class=\" pt-cv-content-item pt-cv-2-col\"  data-pid=\"13303\"><h2 class=\"pt-cv-title pt-cv-titlesm\"><a href=\"https:\/\/percepcions.cat\/es\/quebec-tambien-prohibe-el-velo-islamico-en-las-guarderias\/\" class=\"_self cvplbd\" target=\"_self\">Quebec prohibeix tamb\u00e9 el vel isl\u00e0mic a les escoles bressol i veta les mascaretes sanit\u00e0ries als serveis p\u00fablics<\/a><\/h2>\n<div class=\"pt-cv-taxoterm below_title\"><a href=\"https:\/\/percepcions.cat\/es\/tag\/canada\/\" title=\"Canad\u00e0\" class=\"pt-cv-tax-canada\">Canad\u00e0<\/a><a href=\"https:\/\/percepcions.cat\/es\/tag\/educacion\/\" title=\"Educaci\u00f3\" class=\"pt-cv-tax-educacio\">Educaci\u00f3<\/a><a href=\"https:\/\/percepcions.cat\/es\/tag\/velo-burka\/\" title=\"Vel-Burka\" class=\"pt-cv-tax-vel-burka\">Vel-Burka<\/a><\/div>\n<div class=\"pt-cv-meta-fields\"><span class=\"entry-date\"> <time datetime=\"2026-04-19T13:34:36+02:00\">19 de abril de 2026<\/time><\/span><\/div>\n<div class=\"pt-cv-content\">L&#8217;implacable ministre de la\u00efcitat justifica la prohibici\u00f3 de la mascareta a les institucions p\u00fabliques &#8220;perqu\u00e8 la pand\u00e8mia ja ha passat i veure&#8217;s la cara \u00e9s la base de la comunicaci\u00f3 humana&#8221;. Tamb\u00e9 ha deixat clar &#8220;que les nostres institucions no son llocs de culte&#8221;.<\/div><\/div>\n<div class=\" pt-cv-content-item pt-cv-2-col\"  data-pid=\"13281\"><h2 class=\"pt-cv-title pt-cv-titlesm\"><a href=\"https:\/\/percepcions.cat\/es\/mujeres-musulmanas-pierden-su-trabajo-en-las-escuelas-de-montreal\/\" class=\"_self cvplbd\" target=\"_self\">Dones musulmanes perden la feina a les escoles de Montreal per negar-se a complir la llei del Quebec contra el hijab<\/a><\/h2>\n<div class=\"pt-cv-taxoterm below_title\"><a href=\"https:\/\/percepcions.cat\/es\/tag\/canada\/\" title=\"Canad\u00e0\" class=\"pt-cv-tax-canada\">Canad\u00e0<\/a><a href=\"https:\/\/percepcions.cat\/es\/tag\/educacion\/\" title=\"Educaci\u00f3\" class=\"pt-cv-tax-educacio\">Educaci\u00f3<\/a><a href=\"https:\/\/percepcions.cat\/es\/tag\/velo-burka\/\" title=\"Vel-Burka\" class=\"pt-cv-tax-vel-burka\">Vel-Burka<\/a><\/div>\n<div class=\"pt-cv-meta-fields\"><span class=\"entry-date\"> <time datetime=\"2026-04-18T09:37:34+02:00\">18 de abril de 2026<\/time><\/span><\/div>\n<div class=\"pt-cv-content\">Monitores de menjador o d&#8217;extraescolar, conserges o personal administratiu ja no poden portar el vel isl\u00e0mic a les escoles del Quebec. Unes 150 han preferit perdre la feina a respectar la llei.<\/div><\/div>\n<div class=\" pt-cv-content-item pt-cv-2-col\"  data-pid=\"13240\"><h2 class=\"pt-cv-title pt-cv-titlesm\"><a href=\"https:\/\/percepcions.cat\/es\/un-medico-del-reino-unido-pierde-su-trabajo-para-pedir-a-una-paciente-que-se-quite-el-niqab\/\" class=\"_self cvplbd\" target=\"_self\">Un metge del Regne Unit perd la feina per demanar a una pacient que es tregui el niqab<\/a><\/h2>\n<div class=\"pt-cv-taxoterm below_title\"><a href=\"https:\/\/percepcions.cat\/es\/tag\/reino-unido\/\" title=\"Regne Unit\" class=\"pt-cv-tax-regne-unit\">Regne Unit<\/a><a href=\"https:\/\/percepcions.cat\/es\/tag\/velo-burka\/\" title=\"Vel-Burka\" class=\"pt-cv-tax-vel-burka\">Vel-Burka<\/a><\/div>\n<div class=\"pt-cv-meta-fields\"><span class=\"entry-date\"> <time datetime=\"2026-04-16T18:34:33+02:00\">16 de abril de 2026<\/time><\/span><\/div>\n<div class=\"pt-cv-content\">El metge va demanar retirar el niqab perqu\u00e8 assegurava que la pacient no parlava b\u00e9 angl\u00e8s i que tenia dificultats per entendre-la durant la consulta. El marit va posar una queixa per racisme.<\/div><\/div>\n<div class=\" pt-cv-content-item pt-cv-2-col\"  data-pid=\"13327\"><h2 class=\"pt-cv-title pt-cv-titlesm\"><a href=\"https:\/\/percepcions.cat\/es\/el-sindicato-policial-de-berlin-rechaza-el-hiyab\/\" class=\"_self cvplbd\" target=\"_self\">El sindicat policial de Berl\u00edn no vol agents amb hijab: \u201cJa n&#8217;hi ha prou de fer servir l\u2019opressi\u00f3 patriarcal per guanyar vots\u201d<\/a><\/h2>\n<div class=\"pt-cv-taxoterm below_title\"><a href=\"https:\/\/percepcions.cat\/es\/tag\/alemanya\/\" title=\"Alemanya\" class=\"pt-cv-tax-alemanya\">Alemanya<\/a><a href=\"https:\/\/percepcions.cat\/es\/tag\/velo-burka\/\" title=\"Vel-Burka\" class=\"pt-cv-tax-vel-burka\">Vel-Burka<\/a><\/div>\n<div class=\"pt-cv-meta-fields\"><span class=\"entry-date\"> <time datetime=\"2026-04-14T18:16:40+02:00\">14 de abril de 2026<\/time><\/span><\/div>\n<div class=\"pt-cv-content\">Els agents contesten amb contund\u00e8ncia la proposta dels Verds i alerten del risc de barrejar religi\u00f3 i autoritat p\u00fablica. Afirmen que la policia &#8220;no pot convertir-se en un espai de representaci\u00f3 ideol\u00f2gica o religiosa&#8221;.<\/div><\/div>\n<div class=\" pt-cv-content-item pt-cv-2-col\"  data-pid=\"13197\"><h2 class=\"pt-cv-title pt-cv-titlesm\"><a href=\"https:\/\/percepcions.cat\/es\/barcelona-promueve-el-velo-islamico-en-la-publicidad-institucional-por-jovenes\/\" class=\"_self cvplbd\" target=\"_self\">Barcelona promou el vel isl\u00e0mic a la publicitat institucional per joves<\/a><\/h2>\n<div class=\"pt-cv-taxoterm below_title\"><a href=\"https:\/\/percepcions.cat\/es\/tag\/catalunya\/\" title=\"Catalunya\" class=\"pt-cv-tax-catalunya\">Catalunya<\/a><a href=\"https:\/\/percepcions.cat\/es\/tag\/velo-burka\/\" title=\"Vel-Burka\" class=\"pt-cv-tax-vel-burka\">Vel-Burka<\/a><\/div>\n<div class=\"pt-cv-meta-fields\"><span class=\"entry-date\"> <time datetime=\"2026-04-11T19:48:45+02:00\">11 de abril de 2026<\/time><\/span><\/div>\n<div class=\"pt-cv-content\">La imatge per fomentar la participaci\u00f3 als casals de barri inclou una noia amb vestimenta religiosa. L&#8217;Ajuntament transmet aix\u00ed que la submissi\u00f3 a l&#8217;islam forma part de la identitat del jovent barcelon\u00ed.<\/div><\/div><\/div><\/div>\n<div class=\"text-center pt-cv-pagination-wrapper\"><a href=\"https:\/\/percepcions.cat\/es\/wp-json\/wp\/v2\/posts\/10593\/?_page=2\" onclick=\"event.preventDefault()\" class=\"pt-cv-more btn btn-primary btn-sm\" data-totalpages=\"15\" data-nextpages=\"2\" data-sid=\"ebe7a25cs9\" data-unid=\"\" data-isblock=\"\" data-postid=\"\">M\u00e9s sobre el Vel i el Burka <span class=\"caret\"><\/span><\/a><img loading=\"lazy\" decoding=\"async\" width=\"15\" height=\"15\" class=\"pt-cv-spinner\" alt=\"Cargando...\" src=\"data:image\/gif;base64,R0lGODlhDwAPALMPAMrKygwMDJOTkz09PZWVla+vr3p6euTk5M7OzuXl5TMzMwAAAJmZmWZmZszMzP\/\/\/yH\/C05FVFNDQVBFMi4wAwEAAAAh+QQFCgAPACwAAAAADwAPAAAEQvDJaZaZOIcV8iQK8VRX4iTYoAwZ4iCYoAjZ4RxejhVNoT+mRGP4cyF4Pp0N98sBGIBMEMOotl6YZ3S61Bmbkm4mAgAh+QQFCgAPACwAAAAADQANAAAENPDJSRSZeA418itN8QiK8BiLITVsFiyBBIoYqnoewAD4xPw9iY4XLGYSjkQR4UAUD45DLwIAIfkEBQoADwAsAAAAAA8ACQAABC\/wyVlamTi3nSdgwFNdhEJgTJoNyoB9ISYoQmdjiZPcj7EYCAeCF1gEDo4Dz2eIAAAh+QQFCgAPACwCAAAADQANAAAEM\/DJBxiYeLKdX3IJZT1FU0iIg2RNKx3OkZVnZ98ToRD4MyiDnkAh6BkNC0MvsAj0kMpHBAAh+QQFCgAPACwGAAAACQAPAAAEMDC59KpFDll73HkAA2wVY5KgiK5b0RRoI6MuzG6EQqCDMlSGheEhUAgqgUUAFRySIgAh+QQFCgAPACwCAAIADQANAAAEM\/DJKZNLND\/kkKaHc3xk+QAMYDKsiaqmZCxGVjSFFCxB1vwy2oOgIDxuucxAMTAJFAJNBAAh+QQFCgAPACwAAAYADwAJAAAEMNAs86q1yaWwwv2Ig0jUZx3OYa4XoRAfwADXoAwfo1+CIjyFRuEho60aSNYlOPxEAAAh+QQFCgAPACwAAAIADQANAAAENPA9s4y8+IUVcqaWJ4qEQozSoAzoIyhCK2NFU2SJk0hNnyEOhKR2AzAAj4Pj4GE4W0bkJQIAOw==\" title=\"\"><div class=\"clear pt-cv-clear-pagination\"><\/div><\/div><\/div>\t\t\t<style type=\"text\/css\" id=\"pt-cv-inline-style-c53a43dk67\">\n#pt-cv-view-ebe7a25cs9 .pt-cv-thumb-wrapper.miniwrap { width: 40%; }#pt-cv-view-ebe7a25cs9 .pt-cv-thumbnailsm {  }#pt-cv-view-ebe7a25cs9 > .pt-cv-page {grid-template-columns: repeat(1, 1fr);grid-gap: 15px;}\n@media all and (max-width: 1024px) { \n#pt-cv-view-ebe7a25cs9 > .pt-cv-page {grid-template-columns: repeat(1, 1fr);}\n} \n@media all and (max-width: 767px) { \n#pt-cv-view-ebe7a25cs9 > .pt-cv-page {grid-template-columns: repeat(1, 1fr);}\n} <\/style>\r\n\t\t\t\t\t\t<style type=\"text\/css\" id=\"pt-cv-inline-style-76f67b52es\"> #pt-cv-view-ebe7a25cs9[class*='cveffect'] .pt-cv-thumb-wrapper, #pt-cv-view-ebe7a25cs9:not([class*='cveffect']) .pt-cv-thumbnail, #pt-cv-view-ebe7a25cs9  .cvp-responsive-image[style*=background-image] { border-width: 1px 1px 1px 1px }\n #pt-cv-view-ebe7a25cs9[class*='cveffect'] .pt-cv-thumb-wrapper, #pt-cv-view-ebe7a25cs9:not([class*='cveffect']) .pt-cv-thumbnail, #pt-cv-view-ebe7a25cs9  .cvp-responsive-image[style*=background-image] { border-style: solid }\n #pt-cv-view-ebe7a25cs9[class*='cveffect'] .pt-cv-thumb-wrapper, #pt-cv-view-ebe7a25cs9:not([class*='cveffect']) .pt-cv-thumbnail, #pt-cv-view-ebe7a25cs9  .cvp-responsive-image[style*=background-image] { border-color: #0f4c81 }\n#pt-cv-view-ebe7a25cs9 .pt-cv-taxoterm * { font-family: 'Noto Sans', Arial, serif !important; color: #ffffff !important; background-color: #0f4c81 !important; font-weight: 600 !important; margin: 0px 5px 0px 0px !important; padding: 1px 6px 1px 6px !important; border-radius: 3px 3px 3px 3px !important; }\n#pt-cv-view-ebe7a25cs9 .pt-cv-title a, #pt-cv-view-ebe7a25cs9  .panel-title { font-family: 'Noto Sans', Arial, serif !important; font-size: 20px !important; line-height: 1.3 !important; color: #000000 !important; font-weight: 600 !important; }\n@media (max-width: 767px) {#pt-cv-view-ebe7a25cs9 .pt-cv-title a, #pt-cv-view-ebe7a25cs9  .panel-title { font-size: 22px !important }}\n#pt-cv-view-ebe7a25cs9 .pt-cv-content , #pt-cv-view-ebe7a25cs9  .pt-cv-content *:not(.pt-cv-readmore):not(style):not(script) { font-family: 'Noto Sans', Arial, serif !important; font-size: 16px !important; line-height: 1.3 !important; }\n#pt-cv-view-ebe7a25cs9 .pt-cv-meta-fields * { color: #000000 !important; }\n#pt-cv-view-ebe7a25cs9 .pt-cv-readmore  { color: #ffffff !important; background-color: #00aeef !important; }\n#pt-cv-view-ebe7a25cs9 .pt-cv-readmore:hover  { color: #ffffff !important; background-color: #00aeef !important; }\n#pt-cv-view-ebe7a25cs9  + .pt-cv-pagination-wrapper .pt-cv-more , #pt-cv-view-ebe7a25cs9  + .pt-cv-pagination-wrapper .pagination .active a, .pt-cv-pagination[data-sid='ebe7a25cs9'] .active a { font-size: 19px !important; line-height: 1.3 !important; color: #ffffff !important; background-color: #0f4c81 !important; font-weight: 600 !important; padding: 1px 6px 1px 6px !important; border-radius: 3px 3px 3px 3px !important; }<\/style>\r\n\t\t\t<link href='\/\/fonts.googleapis.com\/css?family=Noto+Sans' rel='stylesheet' type='text\/css'><\/div>\n\n\n\n<div class=\"wp-block-uagb-container uagb-block-c3b6b73e\">\n<div class=\"wp-block-uagb-advanced-heading uagb-block-f1682e42\"><p class=\"uagb-heading-text\"><strong>M\u00e9s Percepcions de<\/strong><\/p><\/div>\n\n\n<div class=\"taxonomy-post_tag has-text-align-center wp-block-post-terms has-medium-font-size\"><a href=\"https:\/\/percepcions.cat\/es\/tag\/italiano\/\" rel=\"tag\">It\u00e0lia<\/a><span class=\"wp-block-post-terms__separator\">, <\/span><a href=\"https:\/\/percepcions.cat\/es\/tag\/velo-burka\/\" rel=\"tag\">Vel-Burka<\/a><\/div><\/div>\n<\/div><\/div>\n\n\n\n<div class=\"wp-block-uagb-separator uagb-block-b4e2299a\"><div class=\"wp-block-uagb-separator__inner\" style=\"--my-background-image:\"><\/div><\/div>\n\n\n\n<div class=\"wp-block-uagb-container uagb-block-5c916982 alignfull uagb-is-root-container\"><div class=\"uagb-container-inner-blocks-wrap\"><div class=\"pt-cv-wrapper\"><div class=\"pt-cv-view pt-cv-blockgrid iscvblock iscvhybrid grid1 layout1 pt-cv-pgloadmore\" id=\"pt-cv-view-a6d38d031z\"><div data-id=\"pt-cv-page-1\" class=\"pt-cv-page\" data-cvc=\"3\"><div class=\" pt-cv-content-item pt-cv-1-col\"  data-pid=\"13449\"><div class=\"pt-cv-thumb-wrapper  \"><a href=\"https:\/\/percepcions.cat\/es\/la-fiscalia-investiga-a-politicos-alemanes-para-encubrir-violaciones\/\" class=\"_self pt-cv-href-thumbnail pt-cv-thumb-default cvplbd\" target=\"_self\"><img loading=\"lazy\" decoding=\"async\" width=\"768\" height=\"512\" src=\"https:\/\/percepcions.cat\/wp-content\/uploads\/2026\/04\/La-fiscalia-investiga-politics-alemanys-per-encobrir-violacions-en-grup-en-casals-de-joves-per-no-estigmatitzar-els-musulmans-768x512.jpg\" class=\"pt-cv-thumbnail img-none\" alt=\"La policia alemanya investiga pol\u00edtics d&#039;esquerres per no actuar davant violacions en grup en casals de joves per no &quot;estigmatitzar els musulmans&quot;\" srcset=\"https:\/\/percepcions.cat\/wp-content\/uploads\/2026\/04\/La-fiscalia-investiga-politics-alemanys-per-encobrir-violacions-en-grup-en-casals-de-joves-per-no-estigmatitzar-els-musulmans-768x512.jpg 768w, https:\/\/percepcions.cat\/wp-content\/uploads\/2026\/04\/La-fiscalia-investiga-politics-alemanys-per-encobrir-violacions-en-grup-en-casals-de-joves-per-no-estigmatitzar-els-musulmans-300x200.jpg 300w, https:\/\/percepcions.cat\/wp-content\/uploads\/2026\/04\/La-fiscalia-investiga-politics-alemanys-per-encobrir-violacions-en-grup-en-casals-de-joves-per-no-estigmatitzar-els-musulmans-18x12.jpg 18w, https:\/\/percepcions.cat\/wp-content\/uploads\/2026\/04\/La-fiscalia-investiga-politics-alemanys-per-encobrir-violacions-en-grup-en-casals-de-joves-per-no-estigmatitzar-els-musulmans.jpg 1000w\" sizes=\"auto, (max-width: 768px) 100vw, 768px\" title=\"\"><\/a><div class=\"pt-cv-taxoterm over_top_left\"><a href=\"https:\/\/percepcions.cat\/es\/tag\/alemanya\/\" title=\"Alemanya\" class=\"pt-cv-tax-alemanya\">Alemanya<\/a><a href=\"https:\/\/percepcions.cat\/es\/tag\/violacions\/\" title=\"Violacions\" class=\"pt-cv-tax-violacions\">Violacions<\/a><\/div><\/div>\n<p class=\"pt-cv-title\"><a href=\"https:\/\/percepcions.cat\/es\/la-fiscalia-investiga-a-politicos-alemanes-para-encubrir-violaciones\/\" class=\"_self cvplbd\" target=\"_self\">La policia alemanya investiga pol\u00edtics d&#8217;esquerres per no actuar davant violacions en grup en casals de joves per no &#8220;estigmatitzar els musulmans&#8221;<\/a><\/p>\n<div class=\"pt-cv-meta-fields\"><span class=\"entry-date\"> <time datetime=\"2026-04-29T09:38:30+02:00\">29 de abril de 2026<\/time><\/span><\/div>\n<div class=\"pt-cv-content\">La investigaci\u00f3 apunta que la regidora de Joventut de Neuk\u00f6lln (Berl\u00edn) , del partit d\u2019esquerres Die Linke, va impedir que els serveis socials denunciessin violacions a la policia. Finalment, va ser el pare d&#8217;una v\u00edctima qui va presentar la den\u00fancia.<\/div><\/div>\n<div class=\" pt-cv-content-item pt-cv-1-col\"  data-pid=\"13439\"><div class=\"pt-cv-thumb-wrapper  \"><a href=\"https:\/\/percepcions.cat\/es\/despedido-a-un-trabajador-en-dinamarca-por-cocinar-cerdo\/\" class=\"_self pt-cv-href-thumbnail pt-cv-thumb-default cvplbd\" target=\"_self\"><img loading=\"lazy\" decoding=\"async\" width=\"768\" height=\"512\" src=\"https:\/\/percepcions.cat\/wp-content\/uploads\/2026\/04\/Acomiadat-un-treballador-a-Dinamarca-per-cuinar-porc-per-a-ell-en-un-centre-dacollida-768x512.png\" class=\"pt-cv-thumbnail img-none\" alt=\"Acomiadat un treballador a Dinamarca per cuinar porc\" srcset=\"https:\/\/percepcions.cat\/wp-content\/uploads\/2026\/04\/Acomiadat-un-treballador-a-Dinamarca-per-cuinar-porc-per-a-ell-en-un-centre-dacollida-768x512.png 768w, https:\/\/percepcions.cat\/wp-content\/uploads\/2026\/04\/Acomiadat-un-treballador-a-Dinamarca-per-cuinar-porc-per-a-ell-en-un-centre-dacollida-300x200.png 300w, https:\/\/percepcions.cat\/wp-content\/uploads\/2026\/04\/Acomiadat-un-treballador-a-Dinamarca-per-cuinar-porc-per-a-ell-en-un-centre-dacollida-18x12.png 18w, https:\/\/percepcions.cat\/wp-content\/uploads\/2026\/04\/Acomiadat-un-treballador-a-Dinamarca-per-cuinar-porc-per-a-ell-en-un-centre-dacollida.png 1000w\" sizes=\"auto, (max-width: 768px) 100vw, 768px\" title=\"\"><\/a><div class=\"pt-cv-taxoterm over_top_left\"><a href=\"https:\/\/percepcions.cat\/es\/tag\/dinamarca\/\" title=\"Dinamarca\" class=\"pt-cv-tax-dinamarca\">Dinamarca<\/a><a href=\"https:\/\/percepcions.cat\/es\/tag\/halal\/\" title=\"Halal\" class=\"pt-cv-tax-halal\">Halal<\/a><\/div><\/div>\n<p class=\"pt-cv-title\"><a href=\"https:\/\/percepcions.cat\/es\/despedido-a-un-trabajador-en-dinamarca-por-cocinar-cerdo\/\" class=\"_self cvplbd\" target=\"_self\">Acomiadat un treballador a Dinamarca per cuinar porc<\/a><\/p>\n<div class=\"pt-cv-meta-fields\"><span class=\"entry-date\"> <time datetime=\"2026-04-26T01:00:48+02:00\">26 de abril de 2026<\/time><\/span><\/div>\n<div class=\"pt-cv-content\">El treballador d\u2019un centre d\u2019immigrants es fa cansalada per a ell mateix i l\u2019acomiaden. El centre prohibeix el porc a tothom per evitar conflictes amb joves musulmans i ho presenta com una \u201cestrat\u00e8gia de conviv\u00e8ncia\u201d.<\/div><\/div>\n<div class=\" pt-cv-content-item pt-cv-1-col\"  data-pid=\"13408\"><div class=\"pt-cv-thumb-wrapper  \"><a href=\"https:\/\/percepcions.cat\/es\/panico-a-la-izquierda-britanica\/\" class=\"_self pt-cv-href-thumbnail pt-cv-thumb-default cvplbd\" target=\"_self\"><img loading=\"lazy\" decoding=\"async\" width=\"768\" height=\"406\" src=\"https:\/\/percepcions.cat\/wp-content\/uploads\/2026\/04\/Panic-a-lesquerra-britanica-per-laparicio-de-partits-musulmans-a-lest-de-Londres-768x406.jpeg\" class=\"pt-cv-thumbnail img-none\" alt=\"P\u00e0nic a l&#039;esquerra brit\u00e0nica per l&#039;aparici\u00f3 de partits musulmans a barris de Londres\" srcset=\"https:\/\/percepcions.cat\/wp-content\/uploads\/2026\/04\/Panic-a-lesquerra-britanica-per-laparicio-de-partits-musulmans-a-lest-de-Londres-768x406.jpeg 768w, https:\/\/percepcions.cat\/wp-content\/uploads\/2026\/04\/Panic-a-lesquerra-britanica-per-laparicio-de-partits-musulmans-a-lest-de-Londres-300x159.jpeg 300w, https:\/\/percepcions.cat\/wp-content\/uploads\/2026\/04\/Panic-a-lesquerra-britanica-per-laparicio-de-partits-musulmans-a-lest-de-Londres-18x10.jpeg 18w, https:\/\/percepcions.cat\/wp-content\/uploads\/2026\/04\/Panic-a-lesquerra-britanica-per-laparicio-de-partits-musulmans-a-lest-de-Londres.jpeg 945w\" sizes=\"auto, (max-width: 768px) 100vw, 768px\" title=\"\"><\/a><div class=\"pt-cv-taxoterm over_top_left\"><a href=\"https:\/\/percepcions.cat\/es\/tag\/reino-unido\/\" title=\"Regne Unit\" class=\"pt-cv-tax-regne-unit\">Regne Unit<\/a><\/div><\/div>\n<p class=\"pt-cv-title\"><a href=\"https:\/\/percepcions.cat\/es\/panico-a-la-izquierda-britanica\/\" class=\"_self cvplbd\" target=\"_self\">P\u00e0nic a l&#8217;esquerra brit\u00e0nica per l&#8217;aparici\u00f3 de partits musulmans a barris de Londres<\/a><\/p>\n<div class=\"pt-cv-meta-fields\"><span class=\"entry-date\"> <time datetime=\"2026-04-25T15:18:56+02:00\">25 de abril de 2026<\/time><\/span><\/div>\n<div class=\"pt-cv-content\">Les eleccions als districtes de Londres del 7 de maig es presenten complicades per al Partit Laborista per un suposat posicionament tou respecte Palestina. Fins a 1800 regidors musulmans sense control de cap partit tradicional poden obtenir representaci\u00f3.<\/div><\/div>\n<div class=\" pt-cv-content-item pt-cv-1-col\"  data-pid=\"13384\"><div class=\"pt-cv-thumb-wrapper  \"><a href=\"https:\/\/percepcions.cat\/es\/el-psc-de-lleida-hace-creer-que-quiere-prohibir-el-burka-y-el-niqab\/\" class=\"_self pt-cv-href-thumbnail pt-cv-thumb-default cvplbd\" target=\"_self\"><img loading=\"lazy\" decoding=\"async\" width=\"768\" height=\"512\" src=\"https:\/\/percepcions.cat\/wp-content\/uploads\/2026\/04\/El-PSC-de-Lleida-diu-que-vol-prohibir-el-burka-i-el-niqab-amb-lexcepcio-dels-drets-fonamentals-768x512.jpg\" class=\"pt-cv-thumbnail img-none\" alt=\"El PSC de Lleida prohibeix el burca i el niqab amb una normativa que no els prohibeix\" srcset=\"https:\/\/percepcions.cat\/wp-content\/uploads\/2026\/04\/El-PSC-de-Lleida-diu-que-vol-prohibir-el-burka-i-el-niqab-amb-lexcepcio-dels-drets-fonamentals-768x512.jpg 768w, https:\/\/percepcions.cat\/wp-content\/uploads\/2026\/04\/El-PSC-de-Lleida-diu-que-vol-prohibir-el-burka-i-el-niqab-amb-lexcepcio-dels-drets-fonamentals-300x200.jpg 300w, https:\/\/percepcions.cat\/wp-content\/uploads\/2026\/04\/El-PSC-de-Lleida-diu-que-vol-prohibir-el-burka-i-el-niqab-amb-lexcepcio-dels-drets-fonamentals-1024x683.jpg 1024w, https:\/\/percepcions.cat\/wp-content\/uploads\/2026\/04\/El-PSC-de-Lleida-diu-que-vol-prohibir-el-burka-i-el-niqab-amb-lexcepcio-dels-drets-fonamentals-18x12.jpg 18w, https:\/\/percepcions.cat\/wp-content\/uploads\/2026\/04\/El-PSC-de-Lleida-diu-que-vol-prohibir-el-burka-i-el-niqab-amb-lexcepcio-dels-drets-fonamentals.jpg 1200w\" sizes=\"auto, (max-width: 768px) 100vw, 768px\" title=\"\"><\/a><div class=\"pt-cv-taxoterm over_top_left\"><a href=\"https:\/\/percepcions.cat\/es\/tag\/catalunya\/\" title=\"Catalunya\" class=\"pt-cv-tax-catalunya\">Catalunya<\/a><a href=\"https:\/\/percepcions.cat\/es\/tag\/velo-burka\/\" title=\"Vel-Burka\" class=\"pt-cv-tax-vel-burka\">Vel-Burka<\/a><\/div><\/div>\n<p class=\"pt-cv-title\"><a href=\"https:\/\/percepcions.cat\/es\/el-psc-de-lleida-hace-creer-que-quiere-prohibir-el-burka-y-el-niqab\/\" class=\"_self cvplbd\" target=\"_self\">El PSC de Lleida prohibeix el burca i el niqab amb una normativa que no els prohibeix<\/a><\/p>\n<div class=\"pt-cv-meta-fields\"><span class=\"entry-date\"> <time datetime=\"2026-04-23T16:10:50+02:00\">23 de abril de 2026<\/time><\/span><\/div>\n<div class=\"pt-cv-content\">La proposta d&#8217;ordenan\u00e7a de civisme de Lleida prohibeix &#8220;tapar-se la cara&#8221; excepte en llocs de culte, all\u00e0 &#8220;on \u00e9s habitual&#8221; i quan &#8220;s&#8217;exerceix un dret fonamental&#8221;. Ni cita el burka ni el niqab .<\/div><\/div>\n<div class=\" pt-cv-content-item pt-cv-1-col\"  data-pid=\"13375\"><div class=\"pt-cv-thumb-wrapper  \"><a href=\"https:\/\/percepcions.cat\/es\/reforma-institutos-publicos-de-los-eeuu-incluyen-oratorios-musulmanes\/\" class=\"_self pt-cv-href-thumbnail pt-cv-thumb-default cvplbd\" target=\"_self\"><img loading=\"lazy\" decoding=\"async\" width=\"549\" height=\"412\" src=\"https:\/\/percepcions.cat\/wp-content\/uploads\/2026\/04\/sales-oracio.jpg\" class=\"pt-cv-thumbnail img-none\" alt=\"Les obres de reforma d&#039;instituts p\u00fablics dels EUA inclouen oratoris i rentapeus per a musulmans\" srcset=\"https:\/\/percepcions.cat\/wp-content\/uploads\/2026\/04\/sales-oracio.jpg 549w, https:\/\/percepcions.cat\/wp-content\/uploads\/2026\/04\/sales-oracio-300x225.jpg 300w, https:\/\/percepcions.cat\/wp-content\/uploads\/2026\/04\/sales-oracio-16x12.jpg 16w\" sizes=\"auto, (max-width: 549px) 100vw, 549px\" title=\"\"><\/a><div class=\"pt-cv-taxoterm over_top_left\"><a href=\"https:\/\/percepcions.cat\/es\/tag\/educacion\/\" title=\"Educaci\u00f3\" class=\"pt-cv-tax-educacio\">Educaci\u00f3<\/a><a href=\"https:\/\/percepcions.cat\/es\/tag\/estados-unidos\/\" title=\"Estats Units\" class=\"pt-cv-tax-estats-units\">Estats Units<\/a><\/div><\/div>\n<p class=\"pt-cv-title\"><a href=\"https:\/\/percepcions.cat\/es\/reforma-institutos-publicos-de-los-eeuu-incluyen-oratorios-musulmanes\/\" class=\"_self cvplbd\" target=\"_self\">Les obres de reforma d&#8217;instituts p\u00fablics dels EUA inclouen oratoris i rentapeus per a musulmans<\/a><\/p>\n<div class=\"pt-cv-meta-fields\"><span class=\"entry-date\"> <time datetime=\"2026-04-22T17:03:40+02:00\">22 de abril de 2026<\/time><\/span><\/div>\n<div class=\"pt-cv-content\">Una investigaci\u00f3 period\u00edstica destapa els pl\u00e0nols de la reforma de dos instituts. Els gestors escolars diuen que nom\u00e9s &#8220;s&#8217;adapten a les necessitats del usuaris&#8221; i que &#8220;atenen la diversitat&#8221;.<\/div><\/div>\n<div class=\" pt-cv-content-item pt-cv-1-col\"  data-pid=\"13370\"><div class=\"pt-cv-thumb-wrapper  \"><a href=\"https:\/\/percepcions.cat\/es\/el-reino-unido-prohibe-entrar-en-el-pais-a-una-ciudadana-de-dios-porque-quemo-un-alcora\/\" class=\"_self pt-cv-href-thumbnail pt-cv-thumb-default cvplbd\" target=\"_self\"><img loading=\"lazy\" decoding=\"async\" width=\"640\" height=\"400\" src=\"https:\/\/percepcions.cat\/wp-content\/uploads\/2025\/08\/La-candidata-al-Congres-dels-EUA-Valentina-Gomez-crema-un-Alcora-amb-un-llancaflames.jpg\" class=\"pt-cv-thumbnail img-none\" alt=\"El Regne Unit prohibeix entrar al pa\u00eds a una ciutadana d&#039;EUA perqu\u00e8 va cremar un Alcor\u00e0\" srcset=\"https:\/\/percepcions.cat\/wp-content\/uploads\/2025\/08\/La-candidata-al-Congres-dels-EUA-Valentina-Gomez-crema-un-Alcora-amb-un-llancaflames.jpg 640w, https:\/\/percepcions.cat\/wp-content\/uploads\/2025\/08\/La-candidata-al-Congres-dels-EUA-Valentina-Gomez-crema-un-Alcora-amb-un-llancaflames-300x188.jpg 300w, https:\/\/percepcions.cat\/wp-content\/uploads\/2025\/08\/La-candidata-al-Congres-dels-EUA-Valentina-Gomez-crema-un-Alcora-amb-un-llancaflames-18x12.jpg 18w\" sizes=\"auto, (max-width: 640px) 100vw, 640px\" title=\"\"><\/a><div class=\"pt-cv-taxoterm over_top_left\"><a href=\"https:\/\/percepcions.cat\/es\/tag\/reino-unido\/\" title=\"Regne Unit\" class=\"pt-cv-tax-regne-unit\">Regne Unit<\/a><\/div><\/div>\n<p class=\"pt-cv-title\"><a href=\"https:\/\/percepcions.cat\/es\/el-reino-unido-prohibe-entrar-en-el-pais-a-una-ciudadana-de-dios-porque-quemo-un-alcora\/\" class=\"_self cvplbd\" target=\"_self\">El Regne Unit prohibeix entrar al pa\u00eds a una ciutadana d&#8217;EUA perqu\u00e8 va cremar un Alcor\u00e0<\/a><\/p>\n<div class=\"pt-cv-meta-fields\"><span class=\"entry-date\"> <time datetime=\"2026-04-21T16:28:57+02:00\">21 de abril de 2026<\/time><\/span><\/div>\n<div class=\"pt-cv-content\">La ministra musulmana Shabana Mahmood s&#8217;ha ocupat personalment de vetar l&#8217;entrada al Regne Unit de l&#8217;activista antiislam Valentina G\u00f3mez.<\/div><\/div>\n<div class=\" pt-cv-content-item pt-cv-1-col\"  data-pid=\"13337\"><div class=\"pt-cv-thumb-wrapper  \"><a href=\"https:\/\/percepcions.cat\/es\/los-verdes-alemanes-presentan-medidas-para-fomentar-la-vida-islamica\/\" class=\"_self pt-cv-href-thumbnail pt-cv-thumb-default cvplbd\" target=\"_self\"><img loading=\"lazy\" decoding=\"async\" width=\"768\" height=\"429\" src=\"https:\/\/percepcions.cat\/wp-content\/uploads\/2026\/04\/Els-Verds-alemanys-presenten-mesures-per-fomentar-la-vida-islamica-768x429.jpeg\" class=\"pt-cv-thumbnail img-none\" alt=\"Els Verds alemanys presenten mesures per fomentar la vida isl\u00e0mica\" srcset=\"https:\/\/percepcions.cat\/wp-content\/uploads\/2026\/04\/Els-Verds-alemanys-presenten-mesures-per-fomentar-la-vida-islamica-768x429.jpeg 768w, https:\/\/percepcions.cat\/wp-content\/uploads\/2026\/04\/Els-Verds-alemanys-presenten-mesures-per-fomentar-la-vida-islamica-300x167.jpeg 300w, https:\/\/percepcions.cat\/wp-content\/uploads\/2026\/04\/Els-Verds-alemanys-presenten-mesures-per-fomentar-la-vida-islamica-1024x572.jpeg 1024w, https:\/\/percepcions.cat\/wp-content\/uploads\/2026\/04\/Els-Verds-alemanys-presenten-mesures-per-fomentar-la-vida-islamica-18x10.jpeg 18w, https:\/\/percepcions.cat\/wp-content\/uploads\/2026\/04\/Els-Verds-alemanys-presenten-mesures-per-fomentar-la-vida-islamica.jpeg 1100w\" sizes=\"auto, (max-width: 768px) 100vw, 768px\" title=\"\"><\/a><div class=\"pt-cv-taxoterm over_top_left\"><a href=\"https:\/\/percepcions.cat\/es\/tag\/alemanya\/\" title=\"Alemanya\" class=\"pt-cv-tax-alemanya\">Alemanya<\/a><\/div><\/div>\n<p class=\"pt-cv-title\"><a href=\"https:\/\/percepcions.cat\/es\/los-verdes-alemanes-presentan-medidas-para-fomentar-la-vida-islamica\/\" class=\"_self cvplbd\" target=\"_self\">Els Verds alemanys presenten mesures per fomentar la vida isl\u00e0mica<\/a><\/p>\n<div class=\"pt-cv-meta-fields\"><span class=\"entry-date\"> <time datetime=\"2026-04-20T09:27:13+02:00\">20 de abril de 2026<\/time><\/span><\/div>\n<div class=\"pt-cv-content\">L&#8217;esquerra ecologista proposa festius isl\u00e0mics, eliminar restriccions al vel o refor\u00e7ar el suport a mesquites i associacions isl\u00e0miques. El pla busca augmentar la visibilitat i la integraci\u00f3 de l\u2019islam a la vida p\u00fablica d&#8217;Alemanya.<\/div><\/div>\n<div class=\" pt-cv-content-item pt-cv-1-col\"  data-pid=\"13303\"><div class=\"pt-cv-thumb-wrapper  \"><a href=\"https:\/\/percepcions.cat\/es\/quebec-tambien-prohibe-el-velo-islamico-en-las-guarderias\/\" class=\"_self pt-cv-href-thumbnail pt-cv-thumb-default cvplbd\" target=\"_self\"><img loading=\"lazy\" decoding=\"async\" width=\"768\" height=\"429\" src=\"https:\/\/percepcions.cat\/wp-content\/uploads\/2026\/04\/Quebec-tambe-prohibeix-el-vel-islamic-a-les-escoles-bressol-i-veta-les-mascaretes-sanitaries-als-serveis-publics-768x429.jpeg\" class=\"pt-cv-thumbnail img-none\" alt=\"Quebec prohibeix tamb\u00e9 el vel isl\u00e0mic a les escoles bressol i veta les mascaretes sanit\u00e0ries als serveis p\u00fablics\" srcset=\"https:\/\/percepcions.cat\/wp-content\/uploads\/2026\/04\/Quebec-tambe-prohibeix-el-vel-islamic-a-les-escoles-bressol-i-veta-les-mascaretes-sanitaries-als-serveis-publics-768x429.jpeg 768w, https:\/\/percepcions.cat\/wp-content\/uploads\/2026\/04\/Quebec-tambe-prohibeix-el-vel-islamic-a-les-escoles-bressol-i-veta-les-mascaretes-sanitaries-als-serveis-publics-300x167.jpeg 300w, https:\/\/percepcions.cat\/wp-content\/uploads\/2026\/04\/Quebec-tambe-prohibeix-el-vel-islamic-a-les-escoles-bressol-i-veta-les-mascaretes-sanitaries-als-serveis-publics-18x10.jpeg 18w, https:\/\/percepcions.cat\/wp-content\/uploads\/2026\/04\/Quebec-tambe-prohibeix-el-vel-islamic-a-les-escoles-bressol-i-veta-les-mascaretes-sanitaries-als-serveis-publics.jpeg 1000w\" sizes=\"auto, (max-width: 768px) 100vw, 768px\" title=\"\"><\/a><div class=\"pt-cv-taxoterm over_top_left\"><a href=\"https:\/\/percepcions.cat\/es\/tag\/canada\/\" title=\"Canad\u00e0\" class=\"pt-cv-tax-canada\">Canad\u00e0<\/a><a href=\"https:\/\/percepcions.cat\/es\/tag\/educacion\/\" title=\"Educaci\u00f3\" class=\"pt-cv-tax-educacio\">Educaci\u00f3<\/a><a href=\"https:\/\/percepcions.cat\/es\/tag\/velo-burka\/\" title=\"Vel-Burka\" class=\"pt-cv-tax-vel-burka\">Vel-Burka<\/a><\/div><\/div>\n<p class=\"pt-cv-title\"><a href=\"https:\/\/percepcions.cat\/es\/quebec-tambien-prohibe-el-velo-islamico-en-las-guarderias\/\" class=\"_self cvplbd\" target=\"_self\">Quebec prohibeix tamb\u00e9 el vel isl\u00e0mic a les escoles bressol i veta les mascaretes sanit\u00e0ries als serveis p\u00fablics<\/a><\/p>\n<div class=\"pt-cv-meta-fields\"><span class=\"entry-date\"> <time datetime=\"2026-04-19T13:34:36+02:00\">19 de abril de 2026<\/time><\/span><\/div>\n<div class=\"pt-cv-content\">L&#8217;implacable ministre de la\u00efcitat justifica la prohibici\u00f3 de la mascareta a les institucions p\u00fabliques &#8220;perqu\u00e8 la pand\u00e8mia ja ha passat i veure&#8217;s la cara \u00e9s la base de la comunicaci\u00f3 humana&#8221;. Tamb\u00e9 ha deixat clar &#8220;que les nostres institucions no son llocs de culte&#8221;.<\/div><\/div>\n<div class=\" pt-cv-content-item pt-cv-1-col\"  data-pid=\"13281\"><div class=\"pt-cv-thumb-wrapper  \"><a href=\"https:\/\/percepcions.cat\/es\/mujeres-musulmanas-pierden-su-trabajo-en-las-escuelas-de-montreal\/\" class=\"_self pt-cv-href-thumbnail pt-cv-thumb-default cvplbd\" target=\"_self\"><img loading=\"lazy\" decoding=\"async\" width=\"768\" height=\"429\" src=\"https:\/\/percepcions.cat\/wp-content\/uploads\/2026\/04\/Dones-musulmanes-perden-la-feina-a-les-escoles-de-Montreal-per-negar-se-a-complir-la-llei-del-Quebec-sobre-el-hijab-768x429.jpeg\" class=\"pt-cv-thumbnail img-none\" alt=\"Dones musulmanes perden la feina a les escoles de Montreal per negar-se a complir la llei del Quebec contra el hijab\" srcset=\"https:\/\/percepcions.cat\/wp-content\/uploads\/2026\/04\/Dones-musulmanes-perden-la-feina-a-les-escoles-de-Montreal-per-negar-se-a-complir-la-llei-del-Quebec-sobre-el-hijab-768x429.jpeg 768w, https:\/\/percepcions.cat\/wp-content\/uploads\/2026\/04\/Dones-musulmanes-perden-la-feina-a-les-escoles-de-Montreal-per-negar-se-a-complir-la-llei-del-Quebec-sobre-el-hijab-300x167.jpeg 300w, https:\/\/percepcions.cat\/wp-content\/uploads\/2026\/04\/Dones-musulmanes-perden-la-feina-a-les-escoles-de-Montreal-per-negar-se-a-complir-la-llei-del-Quebec-sobre-el-hijab-18x10.jpeg 18w, https:\/\/percepcions.cat\/wp-content\/uploads\/2026\/04\/Dones-musulmanes-perden-la-feina-a-les-escoles-de-Montreal-per-negar-se-a-complir-la-llei-del-Quebec-sobre-el-hijab.jpeg 1000w\" sizes=\"auto, (max-width: 768px) 100vw, 768px\" title=\"\"><\/a><div class=\"pt-cv-taxoterm over_top_left\"><a href=\"https:\/\/percepcions.cat\/es\/tag\/canada\/\" title=\"Canad\u00e0\" class=\"pt-cv-tax-canada\">Canad\u00e0<\/a><a href=\"https:\/\/percepcions.cat\/es\/tag\/educacion\/\" title=\"Educaci\u00f3\" class=\"pt-cv-tax-educacio\">Educaci\u00f3<\/a><a href=\"https:\/\/percepcions.cat\/es\/tag\/velo-burka\/\" title=\"Vel-Burka\" class=\"pt-cv-tax-vel-burka\">Vel-Burka<\/a><\/div><\/div>\n<p class=\"pt-cv-title\"><a href=\"https:\/\/percepcions.cat\/es\/mujeres-musulmanas-pierden-su-trabajo-en-las-escuelas-de-montreal\/\" class=\"_self cvplbd\" target=\"_self\">Dones musulmanes perden la feina a les escoles de Montreal per negar-se a complir la llei del Quebec contra el hijab<\/a><\/p>\n<div class=\"pt-cv-meta-fields\"><span class=\"entry-date\"> <time datetime=\"2026-04-18T09:37:34+02:00\">18 de abril de 2026<\/time><\/span><\/div>\n<div class=\"pt-cv-content\">Monitores de menjador o d&#8217;extraescolar, conserges o personal administratiu ja no poden portar el vel isl\u00e0mic a les escoles del Quebec. Unes 150 han preferit perdre la feina a respectar la llei.<\/div><\/div>\n<div class=\" pt-cv-content-item pt-cv-1-col\"  data-pid=\"13249\"><div class=\"pt-cv-thumb-wrapper  \"><a href=\"https:\/\/percepcions.cat\/es\/los-mohamed-ya-doblan-los-jordi-a-salto-rosas-y-castello-dempuries\/\" class=\"_self pt-cv-href-thumbnail pt-cv-thumb-default cvplbd\" target=\"_self\"><img loading=\"lazy\" decoding=\"async\" width=\"768\" height=\"432\" src=\"https:\/\/percepcions.cat\/wp-content\/uploads\/2026\/04\/ChatGPT-Image-17-abr-2026-22_23_48-768x432.png\" class=\"pt-cv-thumbnail img-none\" alt=\"Els Mohamed ja doblen els Jordi a Salt, Roses i Castell\u00f3 d\u2019Emp\u00faries\" srcset=\"https:\/\/percepcions.cat\/wp-content\/uploads\/2026\/04\/ChatGPT-Image-17-abr-2026-22_23_48-768x432.png 768w, https:\/\/percepcions.cat\/wp-content\/uploads\/2026\/04\/ChatGPT-Image-17-abr-2026-22_23_48-300x169.png 300w, https:\/\/percepcions.cat\/wp-content\/uploads\/2026\/04\/ChatGPT-Image-17-abr-2026-22_23_48-1024x576.png 1024w, https:\/\/percepcions.cat\/wp-content\/uploads\/2026\/04\/ChatGPT-Image-17-abr-2026-22_23_48-1536x864.png 1536w, https:\/\/percepcions.cat\/wp-content\/uploads\/2026\/04\/ChatGPT-Image-17-abr-2026-22_23_48-18x10.png 18w, https:\/\/percepcions.cat\/wp-content\/uploads\/2026\/04\/ChatGPT-Image-17-abr-2026-22_23_48.png 1672w\" sizes=\"auto, (max-width: 768px) 100vw, 768px\" title=\"\"><\/a><div class=\"pt-cv-taxoterm over_top_left\"><a href=\"https:\/\/percepcions.cat\/es\/tag\/catalunya\/\" title=\"Catalunya\" class=\"pt-cv-tax-catalunya\">Catalunya<\/a><\/div><\/div>\n<p class=\"pt-cv-title\"><a href=\"https:\/\/percepcions.cat\/es\/los-mohamed-ya-doblan-los-jordi-a-salto-rosas-y-castello-dempuries\/\" class=\"_self cvplbd\" target=\"_self\">Els Mohamed ja doblen els Jordi a Salt, Roses i Castell\u00f3 d\u2019Emp\u00faries<\/a><\/p>\n<div class=\"pt-cv-meta-fields\"><span class=\"entry-date\"> <time datetime=\"2026-04-16T22:06:57+02:00\">16 de abril de 2026<\/time><\/span><\/div>\n<div class=\"pt-cv-content\">Manlleu frega el 4% de poblaci\u00f3 amb el nom Mohamed, el percentatge m\u00e9s alt de Catalunya entre els municipis amb m\u00e9s poblaci\u00f3, nom\u00e9s per darrere d\u2019Aitona (5,2%). El fenomen destaca especialment a l\u2019Empord\u00e0 i Osona.<\/div><\/div>\n<div class=\" pt-cv-content-item pt-cv-1-col\"  data-pid=\"13240\"><div class=\"pt-cv-thumb-wrapper  \"><a href=\"https:\/\/percepcions.cat\/es\/un-medico-del-reino-unido-pierde-su-trabajo-para-pedir-a-una-paciente-que-se-quite-el-niqab\/\" class=\"_self pt-cv-href-thumbnail pt-cv-thumb-default cvplbd\" target=\"_self\"><img loading=\"lazy\" decoding=\"async\" width=\"599\" height=\"400\" src=\"https:\/\/percepcions.cat\/wp-content\/uploads\/2025\/09\/niqab-kirguistan-1-1.jpeg\" class=\"pt-cv-thumbnail img-none\" alt=\"Un metge del Regne Unit perd la feina per demanar a una pacient que es tregui el niqab\" srcset=\"https:\/\/percepcions.cat\/wp-content\/uploads\/2025\/09\/niqab-kirguistan-1-1.jpeg 599w, https:\/\/percepcions.cat\/wp-content\/uploads\/2025\/09\/niqab-kirguistan-1-1-300x200.jpeg 300w, https:\/\/percepcions.cat\/wp-content\/uploads\/2025\/09\/niqab-kirguistan-1-1-18x12.jpeg 18w\" sizes=\"auto, (max-width: 599px) 100vw, 599px\" title=\"\"><\/a><div class=\"pt-cv-taxoterm over_top_left\"><a href=\"https:\/\/percepcions.cat\/es\/tag\/reino-unido\/\" title=\"Regne Unit\" class=\"pt-cv-tax-regne-unit\">Regne Unit<\/a><a href=\"https:\/\/percepcions.cat\/es\/tag\/velo-burka\/\" title=\"Vel-Burka\" class=\"pt-cv-tax-vel-burka\">Vel-Burka<\/a><\/div><\/div>\n<p class=\"pt-cv-title\"><a href=\"https:\/\/percepcions.cat\/es\/un-medico-del-reino-unido-pierde-su-trabajo-para-pedir-a-una-paciente-que-se-quite-el-niqab\/\" class=\"_self cvplbd\" target=\"_self\">Un metge del Regne Unit perd la feina per demanar a una pacient que es tregui el niqab<\/a><\/p>\n<div class=\"pt-cv-meta-fields\"><span class=\"entry-date\"> <time datetime=\"2026-04-16T18:34:33+02:00\">16 de abril de 2026<\/time><\/span><\/div>\n<div class=\"pt-cv-content\">El metge va demanar retirar el niqab perqu\u00e8 assegurava que la pacient no parlava b\u00e9 angl\u00e8s i que tenia dificultats per entendre-la durant la consulta. El marit va posar una queixa per racisme.<\/div><\/div>\n<div class=\" pt-cv-content-item pt-cv-1-col\"  data-pid=\"13227\"><div class=\"pt-cv-thumb-wrapper  \"><a href=\"https:\/\/percepcions.cat\/es\/una-mezquita-dice-que-la-grua-se-extrema-derecha\/\" class=\"_self pt-cv-href-thumbnail pt-cv-thumb-default cvplbd\" target=\"_self\"><img loading=\"lazy\" decoding=\"async\" width=\"768\" height=\"478\" src=\"https:\/\/percepcions.cat\/wp-content\/uploads\/2026\/04\/muslim-racist-768x478.jpg\" class=\"pt-cv-thumbnail img-none\" alt=\"Una mesquita diu que la grua municipal \u00e9s d&#039;extrema dreta perqu\u00e8 s&#039;emporta els cotxes dels fidels\" srcset=\"https:\/\/percepcions.cat\/wp-content\/uploads\/2026\/04\/muslim-racist-768x478.jpg 768w, https:\/\/percepcions.cat\/wp-content\/uploads\/2026\/04\/muslim-racist-300x187.jpg 300w, https:\/\/percepcions.cat\/wp-content\/uploads\/2026\/04\/muslim-racist-18x12.jpg 18w, https:\/\/percepcions.cat\/wp-content\/uploads\/2026\/04\/muslim-racist.jpg 920w\" sizes=\"auto, (max-width: 768px) 100vw, 768px\" title=\"\"><\/a><div class=\"pt-cv-taxoterm over_top_left\"><a href=\"https:\/\/percepcions.cat\/es\/tag\/estados-unidos\/\" title=\"Estats Units\" class=\"pt-cv-tax-estats-units\">Estats Units<\/a><\/div><\/div>\n<p class=\"pt-cv-title\"><a href=\"https:\/\/percepcions.cat\/es\/una-mezquita-dice-que-la-grua-se-extrema-derecha\/\" class=\"_self cvplbd\" target=\"_self\">Una mesquita diu que la grua municipal \u00e9s d&#8217;extrema dreta perqu\u00e8 s&#8217;emporta els cotxes dels fidels<\/a><\/p>\n<div class=\"pt-cv-meta-fields\"><span class=\"entry-date\"> <time datetime=\"2026-04-15T22:31:27+02:00\">15 de abril de 2026<\/time><\/span><\/div>\n<div class=\"pt-cv-content\">Els fidels d\u2019una mesquita de Maine aparquen malament cada divendres i les autoritats els multen i retiren els vehicles. El responsable del servei de grues es fa viral amb una frase: \u201cun Honda Civic vermell \u00e9s un Honda Civic vermell\u201d.<\/div><\/div>\n<div class=\" pt-cv-content-item pt-cv-1-col\"  data-pid=\"13327\"><div class=\"pt-cv-thumb-wrapper  \"><a href=\"https:\/\/percepcions.cat\/es\/el-sindicato-policial-de-berlin-rechaza-el-hiyab\/\" class=\"_self pt-cv-href-thumbnail pt-cv-thumb-default cvplbd\" target=\"_self\"><img loading=\"lazy\" decoding=\"async\" width=\"768\" height=\"512\" src=\"https:\/\/percepcions.cat\/wp-content\/uploads\/2025\/04\/policia-hijab-vel-islamic-768x512.png\" class=\"pt-cv-thumbnail img-none\" alt=\"El sindicat policial de Berl\u00edn no vol agents amb hijab: \u201cJa n&#039;hi ha prou de fer servir l\u2019opressi\u00f3 patriarcal per guanyar vots\u201d\" srcset=\"https:\/\/percepcions.cat\/wp-content\/uploads\/2025\/04\/policia-hijab-vel-islamic-768x512.png 768w, https:\/\/percepcions.cat\/wp-content\/uploads\/2025\/04\/policia-hijab-vel-islamic-300x200.png 300w, https:\/\/percepcions.cat\/wp-content\/uploads\/2025\/04\/policia-hijab-vel-islamic-1024x683.png 1024w, https:\/\/percepcions.cat\/wp-content\/uploads\/2025\/04\/policia-hijab-vel-islamic-18x12.png 18w, https:\/\/percepcions.cat\/wp-content\/uploads\/2025\/04\/policia-hijab-vel-islamic.png 1200w\" sizes=\"auto, (max-width: 768px) 100vw, 768px\" title=\"\"><\/a><div class=\"pt-cv-taxoterm over_top_left\"><a href=\"https:\/\/percepcions.cat\/es\/tag\/alemanya\/\" title=\"Alemanya\" class=\"pt-cv-tax-alemanya\">Alemanya<\/a><a href=\"https:\/\/percepcions.cat\/es\/tag\/velo-burka\/\" title=\"Vel-Burka\" class=\"pt-cv-tax-vel-burka\">Vel-Burka<\/a><\/div><\/div>\n<p class=\"pt-cv-title\"><a href=\"https:\/\/percepcions.cat\/es\/el-sindicato-policial-de-berlin-rechaza-el-hiyab\/\" class=\"_self cvplbd\" target=\"_self\">El sindicat policial de Berl\u00edn no vol agents amb hijab: \u201cJa n&#8217;hi ha prou de fer servir l\u2019opressi\u00f3 patriarcal per guanyar vots\u201d<\/a><\/p>\n<div class=\"pt-cv-meta-fields\"><span class=\"entry-date\"> <time datetime=\"2026-04-14T18:16:40+02:00\">14 de abril de 2026<\/time><\/span><\/div>\n<div class=\"pt-cv-content\">Els agents contesten amb contund\u00e8ncia la proposta dels Verds i alerten del risc de barrejar religi\u00f3 i autoritat p\u00fablica. Afirmen que la policia &#8220;no pot convertir-se en un espai de representaci\u00f3 ideol\u00f2gica o religiosa&#8221;.<\/div><\/div>\n<div class=\" pt-cv-content-item pt-cv-1-col\"  data-pid=\"13197\"><div class=\"pt-cv-thumb-wrapper  \"><a href=\"https:\/\/percepcions.cat\/es\/barcelona-promueve-el-velo-islamico-en-la-publicidad-institucional-por-jovenes\/\" class=\"_self pt-cv-href-thumbnail pt-cv-thumb-default cvplbd\" target=\"_self\"><img loading=\"lazy\" decoding=\"async\" width=\"570\" height=\"321\" src=\"https:\/\/percepcions.cat\/wp-content\/uploads\/2026\/04\/ajuntament-barcelona-vel-islamic.jpg\" class=\"pt-cv-thumbnail img-none\" alt=\"Barcelona promou el vel isl\u00e0mic a la publicitat institucional per joves\" srcset=\"https:\/\/percepcions.cat\/wp-content\/uploads\/2026\/04\/ajuntament-barcelona-vel-islamic.jpg 570w, https:\/\/percepcions.cat\/wp-content\/uploads\/2026\/04\/ajuntament-barcelona-vel-islamic-300x169.jpg 300w, https:\/\/percepcions.cat\/wp-content\/uploads\/2026\/04\/ajuntament-barcelona-vel-islamic-18x10.jpg 18w\" sizes=\"auto, (max-width: 570px) 100vw, 570px\" title=\"\"><\/a><div class=\"pt-cv-taxoterm over_top_left\"><a href=\"https:\/\/percepcions.cat\/es\/tag\/catalunya\/\" title=\"Catalunya\" class=\"pt-cv-tax-catalunya\">Catalunya<\/a><a href=\"https:\/\/percepcions.cat\/es\/tag\/velo-burka\/\" title=\"Vel-Burka\" class=\"pt-cv-tax-vel-burka\">Vel-Burka<\/a><\/div><\/div>\n<p class=\"pt-cv-title\"><a href=\"https:\/\/percepcions.cat\/es\/barcelona-promueve-el-velo-islamico-en-la-publicidad-institucional-por-jovenes\/\" class=\"_self cvplbd\" target=\"_self\">Barcelona promou el vel isl\u00e0mic a la publicitat institucional per joves<\/a><\/p>\n<div class=\"pt-cv-meta-fields\"><span class=\"entry-date\"> <time datetime=\"2026-04-11T19:48:45+02:00\">11 de abril de 2026<\/time><\/span><\/div>\n<div class=\"pt-cv-content\">La imatge per fomentar la participaci\u00f3 als casals de barri inclou una noia amb vestimenta religiosa. L&#8217;Ajuntament transmet aix\u00ed que la submissi\u00f3 a l&#8217;islam forma part de la identitat del jovent barcelon\u00ed.<\/div><\/div>\n<div class=\" pt-cv-content-item pt-cv-1-col\"  data-pid=\"13160\"><div class=\"pt-cv-thumb-wrapper  \"><a href=\"https:\/\/percepcions.cat\/es\/juntos-burka-sin-sanciones\/\" class=\"_self pt-cv-href-thumbnail pt-cv-thumb-default cvplbd\" target=\"_self\"><img loading=\"lazy\" decoding=\"async\" width=\"768\" height=\"512\" src=\"https:\/\/percepcions.cat\/wp-content\/uploads\/2026\/04\/Junts-llei-burka-1-768x512.jpg\" class=\"pt-cv-thumbnail img-none\" alt=\"Junts pret\u00e9n que li votin prohibir el burka sense sancions amb una llei que inclou el control de fronteres i el DNI\" srcset=\"https:\/\/percepcions.cat\/wp-content\/uploads\/2026\/04\/Junts-llei-burka-1-768x512.jpg 768w, https:\/\/percepcions.cat\/wp-content\/uploads\/2026\/04\/Junts-llei-burka-1-300x200.jpg 300w, https:\/\/percepcions.cat\/wp-content\/uploads\/2026\/04\/Junts-llei-burka-1-1024x683.jpg 1024w, https:\/\/percepcions.cat\/wp-content\/uploads\/2026\/04\/Junts-llei-burka-1-18x12.jpg 18w, https:\/\/percepcions.cat\/wp-content\/uploads\/2026\/04\/Junts-llei-burka-1.jpg 1200w\" sizes=\"auto, (max-width: 768px) 100vw, 768px\" title=\"\"><\/a><div class=\"pt-cv-taxoterm over_top_left\"><a href=\"https:\/\/percepcions.cat\/es\/tag\/catalunya\/\" title=\"Catalunya\" class=\"pt-cv-tax-catalunya\">Catalunya<\/a><a href=\"https:\/\/percepcions.cat\/es\/tag\/espanya\/\" title=\"Espanya\" class=\"pt-cv-tax-espanya\">Espanya<\/a><a href=\"https:\/\/percepcions.cat\/es\/tag\/velo-burka\/\" title=\"Vel-Burka\" class=\"pt-cv-tax-vel-burka\">Vel-Burka<\/a><\/div><\/div>\n<p class=\"pt-cv-title\"><a href=\"https:\/\/percepcions.cat\/es\/juntos-burka-sin-sanciones\/\" class=\"_self cvplbd\" target=\"_self\">Junts pret\u00e9n que li votin prohibir el burka sense sancions amb una llei que inclou el control de fronteres i el DNI<\/a><\/p>\n<div class=\"pt-cv-meta-fields\"><span class=\"entry-date\"> <time datetime=\"2026-04-11T10:33:56+02:00\">11 de abril de 2026<\/time><\/span><\/div>\n<div class=\"pt-cv-content\">Despr\u00e9s de votar en contra de prohibir el burka perqu\u00e8 ho proposava VOX ara Junts presenta una llei sense sancions, amb excepcions i que inclou que Catalunya controli fronteres, emeti el DNI i deporti persones.<\/div><\/div><\/div><\/div>\n<div class=\"text-center pt-cv-pagination-wrapper\"><a href=\"https:\/\/percepcions.cat\/es\/wp-json\/wp\/v2\/posts\/10593\/?_page=2\" onclick=\"event.preventDefault()\" class=\"pt-cv-more btn btn-primary btn-sm\" data-totalpages=\"40\" data-nextpages=\"2\" data-sid=\"a6d38d031z\" data-unid=\"\" data-isblock=\"\" data-postid=\"\">M\u00e9s Percepcions <span class=\"caret\"><\/span><\/a><img loading=\"lazy\" decoding=\"async\" width=\"15\" height=\"15\" class=\"pt-cv-spinner\" alt=\"Cargando...\" src=\"data:image\/gif;base64,R0lGODlhDwAPALMPAMrKygwMDJOTkz09PZWVla+vr3p6euTk5M7OzuXl5TMzMwAAAJmZmWZmZszMzP\/\/\/yH\/C05FVFNDQVBFMi4wAwEAAAAh+QQFCgAPACwAAAAADwAPAAAEQvDJaZaZOIcV8iQK8VRX4iTYoAwZ4iCYoAjZ4RxejhVNoT+mRGP4cyF4Pp0N98sBGIBMEMOotl6YZ3S61Bmbkm4mAgAh+QQFCgAPACwAAAAADQANAAAENPDJSRSZeA418itN8QiK8BiLITVsFiyBBIoYqnoewAD4xPw9iY4XLGYSjkQR4UAUD45DLwIAIfkEBQoADwAsAAAAAA8ACQAABC\/wyVlamTi3nSdgwFNdhEJgTJoNyoB9ISYoQmdjiZPcj7EYCAeCF1gEDo4Dz2eIAAAh+QQFCgAPACwCAAAADQANAAAEM\/DJBxiYeLKdX3IJZT1FU0iIg2RNKx3OkZVnZ98ToRD4MyiDnkAh6BkNC0MvsAj0kMpHBAAh+QQFCgAPACwGAAAACQAPAAAEMDC59KpFDll73HkAA2wVY5KgiK5b0RRoI6MuzG6EQqCDMlSGheEhUAgqgUUAFRySIgAh+QQFCgAPACwCAAIADQANAAAEM\/DJKZNLND\/kkKaHc3xk+QAMYDKsiaqmZCxGVjSFFCxB1vwy2oOgIDxuucxAMTAJFAJNBAAh+QQFCgAPACwAAAYADwAJAAAEMNAs86q1yaWwwv2Ig0jUZx3OYa4XoRAfwADXoAwfo1+CIjyFRuEho60aSNYlOPxEAAAh+QQFCgAPACwAAAIADQANAAAENPA9s4y8+IUVcqaWJ4qEQozSoAzoIyhCK2NFU2SJk0hNnyEOhKR2AzAAj4Pj4GE4W0bkJQIAOw==\" title=\"\"><div class=\"clear pt-cv-clear-pagination\"><\/div><\/div><\/div>\t\t\t<style type=\"text\/css\" id=\"pt-cv-inline-style-3ed5f14wtp\">\n#pt-cv-view-a6d38d031z .pt-cv-thumb-wrapper:not(.miniwrap) {  }#pt-cv-view-a6d38d031z .pt-cv-thumbnail:not(.pt-cv-thumbnailsm) { height: 250px; }#pt-cv-view-a6d38d031z > .pt-cv-page {grid-template-columns: repeat(3, 1fr);grid-gap: 15px;}\n@media all and (max-width: 1024px) { \n#pt-cv-view-a6d38d031z > .pt-cv-page {grid-template-columns: repeat(1, 1fr);}\n} \n@media all and (max-width: 767px) { \n#pt-cv-view-a6d38d031z > .pt-cv-page {grid-template-columns: repeat(1, 1fr);}\n} <\/style>\r\n\t\t\t\t\t\t<style type=\"text\/css\" id=\"pt-cv-inline-style-d4b08040ln\"> #pt-cv-view-a6d38d031z[class*='cveffect'] .pt-cv-thumb-wrapper, #pt-cv-view-a6d38d031z:not([class*='cveffect']) .pt-cv-thumbnail, #pt-cv-view-a6d38d031z  .cvp-responsive-image[style*=background-image] { border-width: 1px 1px 1px 1px }\n #pt-cv-view-a6d38d031z[class*='cveffect'] .pt-cv-thumb-wrapper, #pt-cv-view-a6d38d031z:not([class*='cveffect']) .pt-cv-thumbnail, #pt-cv-view-a6d38d031z  .cvp-responsive-image[style*=background-image] { border-style: solid }\n #pt-cv-view-a6d38d031z[class*='cveffect'] .pt-cv-thumb-wrapper, #pt-cv-view-a6d38d031z:not([class*='cveffect']) .pt-cv-thumbnail, #pt-cv-view-a6d38d031z  .cvp-responsive-image[style*=background-image] { border-color: #0f4c81 }\n#pt-cv-view-a6d38d031z .pt-cv-taxoterm * { font-family: 'Noto Sans', Arial, serif !important; color: #ffffff !important; background-color: #0f4c81 !important; font-weight: 600 !important; margin: 0px 10px 0px 0px !important; padding: 1px 6px 1px 6px !important; border-radius: 3px 3px 3px 3px !important; }\n#pt-cv-view-a6d38d031z .pt-cv-title a, #pt-cv-view-a6d38d031z  .panel-title { font-family: 'Noto Sans', Arial, serif !important; font-size: 24px !important; line-height: 1.3 !important; color: #000000 !important; font-weight: 600 !important; }\n#pt-cv-view-a6d38d031z .pt-cv-content , #pt-cv-view-a6d38d031z  .pt-cv-content *:not(.pt-cv-readmore):not(style):not(script) { font-family: 'Noto Sans', Arial, serif !important; font-size: 16px !important; line-height: 1.3 !important; color: #000000 !important; font-weight: 600 !important; }\n#pt-cv-view-a6d38d031z .pt-cv-meta-fields * { font-size: 15px !important; line-height: 1.3 !important; color: #000000 !important; }\n#pt-cv-view-a6d38d031z .pt-cv-readmore  { color: #ffffff !important; background-color: #00aeef !important; }\n#pt-cv-view-a6d38d031z .pt-cv-readmore:hover  { color: #ffffff !important; background-color: #00aeef !important; }\n#pt-cv-view-a6d38d031z  + .pt-cv-pagination-wrapper .pt-cv-more , #pt-cv-view-a6d38d031z  + .pt-cv-pagination-wrapper .pagination .active a, .pt-cv-pagination[data-sid='a6d38d031z'] .active a { font-size: 19px !important; line-height: 1.3 !important; color: #ffffff !important; background-color: #0f4c81 !important; font-weight: 600 !important; padding: 1px 6px 1px 6px !important; border-radius: 3px 3px 3px 3px !important; }<\/style>\r\n\t\t\t<link href='\/\/fonts.googleapis.com\/css?family=Noto+Sans' rel='stylesheet' type='text\/css'><\/div><\/div>\n\n\n\n<div class=\"wp-block-uagb-separator uagb-block-5d3a5089\"><div class=\"wp-block-uagb-separator__inner\" style=\"--my-background-image:\"><\/div><\/div>\n\n\n\n<div class=\"wp-block-uagb-container uagb-block-a8bd19dc alignfull uagb-is-root-container\"><div class=\"uagb-container-inner-blocks-wrap\">\n<div class=\"wp-block-uagb-container uagb-block-cb082e82\">\n<div class=\"wp-block-uagb-advanced-heading uagb-block-b36f9a1a\"><h2 class=\"uagb-heading-text\">Frase de la Setmana<\/h2><\/div>\n\n\n<div class=\"pt-cv-wrapper\"><div class=\"pt-cv-view pt-cv-overlaygrid iscvblock iscvhybrid pt-cv-nooverlay pt-cv-clickable overlay1 layout1\" id=\"pt-cv-view-ffce338abp\"><div data-id=\"pt-cv-page-1\" class=\"pt-cv-page\" data-cvc=\"1\"><div class=\" pt-cv-content-item pt-cv-1-col\"  data-pid=\"5467\"><div class=\"pt-cv-thumb-wrapper  \"><a href=\"https:\/\/percepcions.cat\/wp-content\/uploads\/2025\/03\/Que-hi-ha-de-dolent-en-incitar-a-una-intensa-aversio-a-una-religio-si-les-activitats-o-els-ensenyaments.jpg\" class=\"pt-cv-lightbox-image pt-cv-href-thumbnail pt-cv-thumb-default cvp-lazy-container\" target=\"pt-cv-lightbox-image\"><img loading=\"lazy\" decoding=\"async\" width=\"768\" height=\"432\" src=\"https:\/\/percepcions.cat\/wp-content\/plugins\/pt-content-views-pro\/public\/assets\/images\/lazy_image.png\" class=\"pt-cv-thumbnail img-none skip-lazy  cvplazy\" alt=\"Qu\u00e8 hi ha de dolent en incitar a una intensa aversi\u00f3 a una religi\u00f3 si les activitats o els ensenyaments d&#039;aquesta religi\u00f3 s\u00f3n tan escandalosos, irracionals o abusius dels drets humans que mereixen ser intensament detestats? .-Rowan Atkinson\" data-cvpsrc=\"https:\/\/percepcions.cat\/wp-content\/uploads\/2025\/03\/Que-hi-ha-de-dolent-en-incitar-a-una-intensa-aversio-a-una-religio-si-les-activitats-o-els-ensenyaments-768x432.jpg\" data-cvpset=\"https:\/\/percepcions.cat\/wp-content\/uploads\/2025\/03\/Que-hi-ha-de-dolent-en-incitar-a-una-intensa-aversio-a-una-religio-si-les-activitats-o-els-ensenyaments-768x432.jpg 768w, https:\/\/percepcions.cat\/wp-content\/uploads\/2025\/03\/Que-hi-ha-de-dolent-en-incitar-a-una-intensa-aversio-a-una-religio-si-les-activitats-o-els-ensenyaments-300x169.jpg 300w, https:\/\/percepcions.cat\/wp-content\/uploads\/2025\/03\/Que-hi-ha-de-dolent-en-incitar-a-una-intensa-aversio-a-una-religio-si-les-activitats-o-els-ensenyaments-1024x576.jpg 1024w, https:\/\/percepcions.cat\/wp-content\/uploads\/2025\/03\/Que-hi-ha-de-dolent-en-incitar-a-una-intensa-aversio-a-una-religio-si-les-activitats-o-els-ensenyaments-1536x864.jpg 1536w, https:\/\/percepcions.cat\/wp-content\/uploads\/2025\/03\/Que-hi-ha-de-dolent-en-incitar-a-una-intensa-aversio-a-una-religio-si-les-activitats-o-els-ensenyaments-18x10.jpg 18w, https:\/\/percepcions.cat\/wp-content\/uploads\/2025\/03\/Que-hi-ha-de-dolent-en-incitar-a-una-intensa-aversio-a-una-religio-si-les-activitats-o-els-ensenyaments.jpg 1600w\" title=\"\"><\/a><\/div>\n<div class=\"pt-cv-overlay-wrapper\"><div class=\"pt-cv-content\">Qu\u00e8 hi ha de dolent en incitar a una intensa aversi\u00f3 a una religi\u00f3 si les activitats o els ensenyaments d&#8217;aquesta religi\u00f3 s\u00f3n tan escandalosos, irracionals o abusius dels drets humans que mereixen ser intensament detestats? .-Rowan Atkinson<\/div><\/div><\/div><\/div><\/div><\/div>\t\t\t<style type=\"text\/css\" id=\"pt-cv-inline-style-885dddd0m5\">#pt-cv-view-ffce338abp .pt-cv-overlay-wrapper {justify-content: flex-end;}\n#pt-cv-view-ffce338abp > .pt-cv-page {grid-template-columns: repeat(1, 1fr);grid-gap: 15px;}\n@media all and (max-width: 1024px) { \n#pt-cv-view-ffce338abp > .pt-cv-page {grid-template-columns: repeat(1, 1fr);}\n} \n@media all and (max-width: 767px) { \n#pt-cv-view-ffce338abp > .pt-cv-page {grid-template-columns: repeat(1, 1fr);}\n} <\/style>\r\n\t\t\t\t\t\t<style type=\"text\/css\" id=\"pt-cv-inline-style-62a682cim4\">#pt-cv-view-ffce338abp  .pt-cv-content-item   { border-width: 1px 1px 1px 1px !important; border-style: solid !important; }\n#pt-cv-view-ffce338abp .pt-cv-taxoterm * { font-family: 'Noto Sans', Arial, serif !important; color: #ffffff !important; margin: 0px 0px 0px 0px !important; padding: 1px 6px 1px 6px !important; border-radius: 3px 3px 3px 3px !important; }\n#pt-cv-view-ffce338abp .pt-cv-title a, #pt-cv-view-ffce338abp  .panel-title { font-family: 'Noto Sans', Arial, serif !important; font-size: 20px !important; line-height: 1.3 !important; color: #000000 !important; font-weight: 600 !important; }\n@media (max-width: 767px) {#pt-cv-view-ffce338abp .pt-cv-title a, #pt-cv-view-ffce338abp  .panel-title { font-size: 22px !important }}\n#pt-cv-view-ffce338abp .pt-cv-content , #pt-cv-view-ffce338abp  .pt-cv-content *:not(.pt-cv-readmore):not(style):not(script) { font-family: 'Noto Sans', Arial, serif !important; font-size: 19px !important; line-height: 1.3 !important; color: #000000 !important; font-weight: 600 !important; }\n#pt-cv-view-ffce338abp .pt-cv-meta-fields * { color: #000000 !important; }\n#pt-cv-view-ffce338abp .pt-cv-readmore  { color: #ffffff !important; background-color: #00aeef !important; }\n#pt-cv-view-ffce338abp .pt-cv-readmore:hover  { color: #ffffff !important; background-color: #00aeef !important; }<\/style>\r\n\t\t\t<link href='\/\/fonts.googleapis.com\/css?family=Noto+Sans' rel='stylesheet' type='text\/css'>\n\n\n<div class=\"wp-block-uagb-buttons uagb-buttons__outer-wrap uagb-btn__default-btn uagb-btn-tablet__default-btn uagb-btn-mobile__default-btn uagb-block-cda63ad2\"><div class=\"uagb-buttons__wrap uagb-buttons-layout-wrap \">\n<div class=\"wp-block-uagb-buttons-child uagb-buttons__outer-wrap uagb-block-8b104509 wp-block-button\"><div class=\"uagb-button__wrapper\"><a class=\"uagb-buttons-repeater wp-block-button__link\" aria-label=\"\" href=\"https:\/\/percepcions.cat\/percepcions-de-frases\/\" rel=\"follow noopener\" target=\"_self\" role=\"button\"><div class=\"uagb-button__link\">M\u00e9s Frases<\/div><span class=\"uagb-button__icon uagb-button__icon-position-after\"><svg xmlns=\"https:\/\/www.w3.org\/2000\/svg\" viewBox=\"0 0 448 512\" aria-hidden=\"true\" focussable=\"false\"><path d=\"M438.6 278.6l-160 160C272.4 444.9 264.2 448 256 448s-16.38-3.125-22.62-9.375c-12.5-12.5-12.5-32.75 0-45.25L338.8 288H32C14.33 288 .0016 273.7 .0016 256S14.33 224 32 224h306.8l-105.4-105.4c-12.5-12.5-12.5-32.75 0-45.25s32.75-12.5 45.25 0l160 160C451.1 245.9 451.1 266.1 438.6 278.6z\"><\/path><\/svg><\/span><\/a><\/div><\/div>\n<\/div><\/div>\n<\/div>\n\n\n\n<div class=\"wp-block-uagb-container uagb-block-4277df2b\">\n<div class=\"wp-block-uagb-advanced-heading uagb-block-a0ea22c1\"><p class=\"uagb-heading-text\">Imatge de la Setmana<\/p><\/div>\n\n\n<div class=\"pt-cv-wrapper\"><div class=\"pt-cv-view pt-cv-blockgrid iscvblock iscvhybrid grid1 layout1\" id=\"pt-cv-view-8b1a556yo0\"><div data-id=\"pt-cv-page-1\" class=\"pt-cv-page\" data-cvc=\"1\"><div class=\" pt-cv-content-item pt-cv-1-col\"  data-pid=\"11938\"><div class=\"pt-cv-thumb-wrapper  \"><a href=\"https:\/\/percepcions.cat\/wp-content\/uploads\/2025\/12\/com-hem-arribat-al-Pakistan.jpg\" class=\"pt-cv-lightbox-image pt-cv-href-thumbnail pt-cv-thumb-default cvplbd cvp-lazy-container\" target=\"pt-cv-lightbox-image\"><img loading=\"lazy\" decoding=\"async\" width=\"300\" height=\"169\" src=\"https:\/\/percepcions.cat\/wp-content\/plugins\/pt-content-views-pro\/public\/assets\/images\/lazy_image.png\" class=\"pt-cv-thumbnail img-none skip-lazy  cvplazy\" alt=\"Com hem arribat al Pakistan?\" data-cvpsrc=\"https:\/\/percepcions.cat\/wp-content\/uploads\/2025\/12\/com-hem-arribat-al-Pakistan-300x169.jpg\" data-cvpset=\"https:\/\/percepcions.cat\/wp-content\/uploads\/2025\/12\/com-hem-arribat-al-Pakistan-300x169.jpg 300w, https:\/\/percepcions.cat\/wp-content\/uploads\/2025\/12\/com-hem-arribat-al-Pakistan-18x10.jpg 18w, https:\/\/percepcions.cat\/wp-content\/uploads\/2025\/12\/com-hem-arribat-al-Pakistan.jpg 768w\" title=\"\"><\/a><\/div>\n<div class=\"pt-cv-content\">Com hem arribat al Pakistan?<\/div><\/div><\/div><\/div><\/div>\t\t\t<style type=\"text\/css\" id=\"pt-cv-inline-style-c83b6a79p4\">\n#pt-cv-view-8b1a556yo0 > .pt-cv-page {grid-template-columns: repeat(1, 1fr);grid-gap: 15px;}\n@media all and (max-width: 1024px) { \n#pt-cv-view-8b1a556yo0 > .pt-cv-page {grid-template-columns: repeat(1, 1fr);}\n} \n@media all and (max-width: 767px) { \n#pt-cv-view-8b1a556yo0 > .pt-cv-page {grid-template-columns: repeat(1, 1fr);}\n} <\/style>\r\n\t\t\t\t\t\t<style type=\"text\/css\" id=\"pt-cv-inline-style-0984f90r41\">#pt-cv-view-8b1a556yo0  .pt-cv-content-item   { border-width: 1px 1px 1px 1px !important; border-style: solid !important; }\n #pt-cv-view-8b1a556yo0[class*='cveffect'] .pt-cv-thumb-wrapper, #pt-cv-view-8b1a556yo0:not([class*='cveffect']) .pt-cv-thumbnail, #pt-cv-view-8b1a556yo0  .cvp-responsive-image[style*=background-image] { border-width: 2px 2px 2px 2px }\n #pt-cv-view-8b1a556yo0[class*='cveffect'] .pt-cv-thumb-wrapper, #pt-cv-view-8b1a556yo0:not([class*='cveffect']) .pt-cv-thumbnail, #pt-cv-view-8b1a556yo0  .cvp-responsive-image[style*=background-image] { border-style: solid }\n #pt-cv-view-8b1a556yo0[class*='cveffect'] .pt-cv-thumb-wrapper, #pt-cv-view-8b1a556yo0:not([class*='cveffect']) .pt-cv-thumbnail, #pt-cv-view-8b1a556yo0  .cvp-responsive-image[style*=background-image] { border-color: #0f4c81 }\n#pt-cv-view-8b1a556yo0 .pt-cv-taxoterm * { font-family: 'Noto Sans', Arial, serif !important; color: #ffffff !important; margin: 0px 0px 0px 0px !important; padding: 1px 6px 1px 6px !important; border-radius: 3px 3px 3px 3px !important; }\n#pt-cv-view-8b1a556yo0 .pt-cv-title a, #pt-cv-view-8b1a556yo0  .panel-title { font-family: 'Noto Sans', Arial, serif !important; font-size: 20px !important; line-height: 1.3 !important; color: #000000 !important; font-weight: 600 !important; }\n@media (max-width: 767px) {#pt-cv-view-8b1a556yo0 .pt-cv-title a, #pt-cv-view-8b1a556yo0  .panel-title { font-size: 22px !important }}\n#pt-cv-view-8b1a556yo0 .pt-cv-content , #pt-cv-view-8b1a556yo0  .pt-cv-content *:not(.pt-cv-readmore):not(style):not(script) { font-family: 'Noto Sans', Arial, serif !important; font-size: 19px !important; line-height: 1.3 !important; color: #000000 !important; font-weight: 600 !important; }\n#pt-cv-view-8b1a556yo0 .pt-cv-meta-fields * { color: #000000 !important; }\n#pt-cv-view-8b1a556yo0 .pt-cv-readmore  { color: #ffffff !important; background-color: #00aeef !important; }\n#pt-cv-view-8b1a556yo0 .pt-cv-readmore:hover  { color: #ffffff !important; background-color: #00aeef !important; }<\/style>\r\n\t\t\t<link href='\/\/fonts.googleapis.com\/css?family=Noto+Sans' rel='stylesheet' type='text\/css'>\n\n\n<div class=\"wp-block-uagb-buttons uagb-buttons__outer-wrap uagb-btn__default-btn uagb-btn-tablet__default-btn uagb-btn-mobile__default-btn uagb-block-cac61cc6\"><div class=\"uagb-buttons__wrap uagb-buttons-layout-wrap \">\n<div class=\"wp-block-uagb-buttons-child uagb-buttons__outer-wrap uagb-block-3f77c959 wp-block-button\"><div class=\"uagb-button__wrapper\"><a class=\"uagb-buttons-repeater wp-block-button__link\" aria-label=\"\" href=\"https:\/\/percepcions.cat\/humor\/\" rel=\"follow noopener\" target=\"_self\" role=\"button\"><div class=\"uagb-button__link\">M\u00e9s imatges<\/div><span class=\"uagb-button__icon uagb-button__icon-position-after\"><svg xmlns=\"https:\/\/www.w3.org\/2000\/svg\" viewBox=\"0 0 448 512\" aria-hidden=\"true\" focussable=\"false\"><path d=\"M438.6 278.6l-160 160C272.4 444.9 264.2 448 256 448s-16.38-3.125-22.62-9.375c-12.5-12.5-12.5-32.75 0-45.25L338.8 288H32C14.33 288 .0016 273.7 .0016 256S14.33 224 32 224h306.8l-105.4-105.4c-12.5-12.5-12.5-32.75 0-45.25s32.75-12.5 45.25 0l160 160C451.1 245.9 451.1 266.1 438.6 278.6z\"><\/path><\/svg><\/span><\/a><\/div><\/div>\n<\/div><\/div>\n<\/div>\n<\/div><\/div>\n","protected":false},"excerpt":{"rendered":"<p>Un nuevo proyecto de ley impulsado por el gobierno de Giorgia Meloni quiere regular pr\u00e1cticas consideradas &quot;contrarias a la dignidad humana&quot; y proteger la seguridad nacional.<\/p>","protected":false},"author":2,"featured_media":10605,"comment_status":"closed","ping_status":"closed","sticky":false,"template":"","format":"standard","meta":{"_uag_custom_page_level_css":"","site-sidebar-layout":"no-sidebar","site-content-layout":"","ast-site-content-layout":"normal-width-container","site-content-style":"unboxed","site-sidebar-style":"default","ast-global-header-display":"","ast-banner-title-visibility":"","ast-main-header-display":"","ast-hfb-above-header-display":"","ast-hfb-below-header-display":"","ast-hfb-mobile-header-display":"","site-post-title":"disabled","ast-breadcrumbs-content":"","ast-featured-img":"","footer-sml-layout":"","ast-disable-related-posts":"","theme-transparent-header-meta":"","adv-header-id-meta":"","stick-header-meta":"","header-above-stick-meta":"","header-main-stick-meta":"","header-below-stick-meta":"","astra-migrate-meta-layouts":"default","ast-page-background-enabled":"default","ast-page-background-meta":{"desktop":{"background-color":"var(--ast-global-color-5)","background-image":"","background-repeat":"repeat","background-position":"center center","background-size":"auto","background-attachment":"scroll","background-type":"","background-media":"","overlay-type":"","overlay-color":"","overlay-opacity":"","overlay-gradient":""},"tablet":{"background-color":"","background-image":"","background-repeat":"repeat","background-position":"center center","background-size":"auto","background-attachment":"scroll","background-type":"","background-media":"","overlay-type":"","overlay-color":"","overlay-opacity":"","overlay-gradient":""},"mobile":{"background-color":"","background-image":"","background-repeat":"repeat","background-position":"center center","background-size":"auto","background-attachment":"scroll","background-type":"","background-media":"","overlay-type":"","overlay-color":"","overlay-opacity":"","overlay-gradient":""}},"ast-content-background-meta":{"desktop":{"background-color":"var(--ast-global-color-4)","background-image":"","background-repeat":"repeat","background-position":"center center","background-size":"auto","background-attachment":"scroll","background-type":"","background-media":"","overlay-type":"","overlay-color":"","overlay-opacity":"","overlay-gradient":""},"tablet":{"background-color":"var(--ast-global-color-4)","background-image":"","background-repeat":"repeat","background-position":"center center","background-size":"auto","background-attachment":"scroll","background-type":"","background-media":"","overlay-type":"","overlay-color":"","overlay-opacity":"","overlay-gradient":""},"mobile":{"background-color":"var(--ast-global-color-4)","background-image":"","background-repeat":"repeat","background-position":"center center","background-size":"auto","background-attachment":"scroll","background-type":"","background-media":"","overlay-type":"","overlay-color":"","overlay-opacity":"","overlay-gradient":""}},"footnotes":""},"categories":[3],"tags":[46,25],"class_list":["post-10593","post","type-post","status-publish","format-standard","has-post-thumbnail","hentry","category-islam","tag-italia","tag-vel-burka"],"uagb_featured_image_src":{"full":["https:\/\/percepcions.cat\/wp-content\/uploads\/2025\/10\/5000.avif",1240,826,false],"thumbnail":["https:\/\/percepcions.cat\/wp-content\/uploads\/2025\/10\/5000-150x150.avif",150,150,true],"medium":["https:\/\/percepcions.cat\/wp-content\/uploads\/2025\/10\/5000-300x200.avif",300,200,true],"medium_large":["https:\/\/percepcions.cat\/wp-content\/uploads\/2025\/10\/5000-768x512.avif",768,512,true],"large":["https:\/\/percepcions.cat\/wp-content\/uploads\/2025\/10\/5000-1024x682.avif",1024,682,true],"1536x1536":["https:\/\/percepcions.cat\/wp-content\/uploads\/2025\/10\/5000.avif",1240,826,false],"2048x2048":["https:\/\/percepcions.cat\/wp-content\/uploads\/2025\/10\/5000.avif",1240,826,false],"trp-custom-language-flag":["https:\/\/percepcions.cat\/wp-content\/uploads\/2025\/10\/5000-18x12.avif",18,12,true]},"uagb_author_info":{"display_name":"Percepcions","author_link":"https:\/\/percepcions.cat\/es\/author\/percepcions\/"},"uagb_comment_info":0,"uagb_excerpt":"Un nou projecte de llei impulsat pel govern de Giorgia Meloni vol regular pr\u00e0ctiques considerades \u201ccontr\u00e0ries a la dignitat humana\u201d i protegir la seguretat nacional.","_links":{"self":[{"href":"https:\/\/percepcions.cat\/es\/wp-json\/wp\/v2\/posts\/10593","targetHints":{"allow":["GET"]}}],"collection":[{"href":"https:\/\/percepcions.cat\/es\/wp-json\/wp\/v2\/posts"}],"about":[{"href":"https:\/\/percepcions.cat\/es\/wp-json\/wp\/v2\/types\/post"}],"author":[{"embeddable":true,"href":"https:\/\/percepcions.cat\/es\/wp-json\/wp\/v2\/users\/2"}],"replies":[{"embeddable":true,"href":"https:\/\/percepcions.cat\/es\/wp-json\/wp\/v2\/comments?post=10593"}],"version-history":[{"count":7,"href":"https:\/\/percepcions.cat\/es\/wp-json\/wp\/v2\/posts\/10593\/revisions"}],"predecessor-version":[{"id":10607,"href":"https:\/\/percepcions.cat\/es\/wp-json\/wp\/v2\/posts\/10593\/revisions\/10607"}],"wp:featuredmedia":[{"embeddable":true,"href":"https:\/\/percepcions.cat\/es\/wp-json\/wp\/v2\/media\/10605"}],"wp:attachment":[{"href":"https:\/\/percepcions.cat\/es\/wp-json\/wp\/v2\/media?parent=10593"}],"wp:term":[{"taxonomy":"category","embeddable":true,"href":"https:\/\/percepcions.cat\/es\/wp-json\/wp\/v2\/categories?post=10593"},{"taxonomy":"post_tag","embeddable":true,"href":"https:\/\/percepcions.cat\/es\/wp-json\/wp\/v2\/tags?post=10593"}],"curies":[{"name":"wp","href":"https:\/\/api.w.org\/{rel}","templated":true}]}}